{"id":343324,"date":"2025-08-25T17:28:11","date_gmt":"2025-08-25T17:28:11","guid":{"rendered":"https:\/\/www.europesays.com\/fr\/343324\/"},"modified":"2025-08-25T17:28:11","modified_gmt":"2025-08-25T17:28:11","slug":"rennes-une-erreur-logistique-embarrassante","status":"publish","type":"post","link":"https:\/\/www.europesays.com\/fr\/343324\/","title":{"rendered":"Rennes : Une erreur logistique embarrassante"},"content":{"rendered":"<p class=\"date\">\n                                                            Juba Touabi, Media365, publi\u00e9 le lundi 25 ao\u00fbt 2025 \u00e0 19h13\n                                                    <\/p>\n<p>Sc\u00e8ne insolite au stade du Moustoir ce dimanche 24 ao\u00fbt 2025 : les joueurs du Stade Rennais sont entr\u00e9s sur la pelouse avec des chaussettes&#8230; du FC Lorient.<\/p>\n<p>Une bizarrerie vestimentaire qui a donn\u00e9 le ton d&rsquo;un match compl\u00e8tement manqu\u00e9 par les Rouge et Noir, s\u00e8chement battus 4-0. L&rsquo;incident, aussi surprenant qu&rsquo;inexplicable \u00e0 ce niveau de comp\u00e9tition, trouve son origine dans une n\u00e9gligence de l&rsquo;intendance rennaise \u00e0 en croire les informations du Parisien. En d\u00e9placement \u00e0 Lorient, le staff breton a tout simplement oubli\u00e9 d&#8217;emporter les chaussettes officielles du club. Contraint de trouver une solution en urgence, Rennes a d\u00fb emprunter de vieilles paires bleues appartenant au club local, autrefois utilis\u00e9es par les gardiens lorientais.<\/p>\n<p>Rennes a v\u00e9cu un cauchemar \u00e0 Lorient<\/p>\n<p>Ce d\u00e9tail, pour le moins cocasse, a rapidement fait le tour des r\u00e9seaux sociaux, pr\u00eatant \u00e0 sourire&#8230; avant que la r\u00e9alit\u00e9 sportive ne rattrape les visiteurs. \u00c0 neuf contre onze d\u00e8s le d\u00e9but de match, le Stade Rennais n&rsquo;avait plus les armes pour exister sur le terrain. Les Rouge et Noir ont fini par sombrer dans une fin de match \u00e0 sens unique. Une rencontre qui restera sans doute comme l&rsquo;une des plus embarrassantes de la saison pour le club breton. L&rsquo;\u00e9quipe d&rsquo;Habib Beye devra rebondir d\u00e8s ce weekend contre Angers lors de la troisi\u00e8me journ\u00e9e de Ligue 1.<\/p>\n","protected":false},"excerpt":{"rendered":"Juba Touabi, Media365, publi\u00e9 le lundi 25 ao\u00fbt 2025 \u00e0 19h13 Sc\u00e8ne insolite au stade du Moustoir ce&hellip;\n","protected":false},"author":2,"featured_media":343325,"comment_status":"","ping_status":"","sticky":false,"template":"","format":"standard","meta":{"footnotes":""},"categories":[2821],"tags":[1111,11,829,1777,674,1011,27,12,584,25],"class_list":{"0":"post-343324","1":"post","2":"type-post","3":"status-publish","4":"format-standard","5":"has-post-thumbnail","7":"category-rennes","8":"tag-actu","9":"tag-actualites","10":"tag-bretagne","11":"tag-eu","12":"tag-europe","13":"tag-fr","14":"tag-france","15":"tag-news","16":"tag-rennes","17":"tag-republique-francaise"},"share_on_mastodon":{"url":"https:\/\/pubeurope.com\/@fr\/115090588031957676","error":""},"_links":{"self":[{"href":"https:\/\/www.europesays.com\/fr\/wp-json\/wp\/v2\/posts\/343324","targetHints":{"allow":["GET"]}}],"collection":[{"href":"https:\/\/www.europesays.com\/fr\/wp-json\/wp\/v2\/posts"}],"about":[{"href":"https:\/\/www.europesays.com\/fr\/wp-json\/wp\/v2\/types\/post"}],"author":[{"embeddable":true,"href":"https:\/\/www.europesays.com\/fr\/wp-json\/wp\/v2\/users\/2"}],"replies":[{"embeddable":true,"href":"https:\/\/www.europesays.com\/fr\/wp-json\/wp\/v2\/comments?post=343324"}],"version-history":[{"count":0,"href":"https:\/\/www.europesays.com\/fr\/wp-json\/wp\/v2\/posts\/343324\/revisions"}],"wp:featuredmedia":[{"embeddable":true,"href":"https:\/\/www.europesays.com\/fr\/wp-json\/wp\/v2\/media\/343325"}],"wp:attachment":[{"href":"https:\/\/www.europesays.com\/fr\/wp-json\/wp\/v2\/media?parent=343324"}],"wp:term":[{"taxonomy":"category","embeddable":true,"href":"https:\/\/www.europesays.com\/fr\/wp-json\/wp\/v2\/categories?post=343324"},{"taxonomy":"post_tag","embeddable":true,"href":"https:\/\/www.europesays.com\/fr\/wp-json\/wp\/v2\/tags?post=343324"}],"curies":[{"name":"wp","href":"https:\/\/api.w.org\/{rel}","templated":true}]}}