{"id":343332,"date":"2025-08-25T17:32:10","date_gmt":"2025-08-25T17:32:10","guid":{"rendered":"https:\/\/www.europesays.com\/fr\/343332\/"},"modified":"2025-08-25T17:32:10","modified_gmt":"2025-08-25T17:32:10","slug":"encore-un-ete-a-plus-de-70-nuits-tropicales-et-un-record-de-chaleur-nocturne-battu-en-aout","status":"publish","type":"post","link":"https:\/\/www.europesays.com\/fr\/343332\/","title":{"rendered":"encore un \u00e9t\u00e9 \u00e0 plus de 70 nuits tropicales et un record de chaleur nocturne battu en ao\u00fbt"},"content":{"rendered":"<p>Les temp\u00e9ratures minimales pendant les nuits azur\u00e9ennes ont d\u00e9pass\u00e9 tr\u00e8s r\u00e9guli\u00e8rement les 20 degr\u00e9s, avec un record \u00e0 plus de 28 degr\u00e9s en plein mois d\u2019ao\u00fbt.<\/p>\n<p class=\"fig-paragraph\">Les journ\u00e9es et surtout les nuits ont encore \u00e9t\u00e9\u00a0<a href=\"https:\/\/actualite.lachainemeteo.com\/actualite-meteo\/2025-08-17\/bilan-de-la-canicule-d-aout-2025-en-france-80616\" target=\"_blank\" rel=\"nofollow noopener\" data-gtm-custom-categorie=\"navigation\" data-gtm-custom-action=\"crossclick\" data-gtm-custom-label=\"Contextuel\" data-gtm-event=\"customEventSPE\">tr\u00e8s chaudes cet \u00e9t\u00e9<\/a>\u00a0sur la\u00a0<a href=\"http:\/\/www.lefigaro.fr\/actualite-france\/saint-tropez-et-sainte-maxime-les-deux-stars-de-la-cote-d-azur-qui-s-observent-jalousement-20250817\" data-fig-type=\"Article\" data-gtm-custom-categorie=\"navigation\" data-gtm-custom-action=\"crossclick\" data-gtm-custom-label=\"Contextuel\" data-gtm-event=\"customEventSPE\" data-fig-domain=\"LEFIGARO\" target=\"_blank\" rel=\"noopener\">C\u00f4te d\u2019Azur<\/a>, une r\u00e9gion qui confirme son exception par la r\u00e9currence de ses nuits dites \u00abtropicales\u00bb. Depuis juin, 74 nuits (sur 92 au total des trois mois), ont \u00e9t\u00e9 consid\u00e9r\u00e9es comme telles \u00e0 Nice (Alpes-Maritimes) avec des temp\u00e9ratures minimales qui ne sont pas descendues sous les 20 degr\u00e9s, d\u2019apr\u00e8s les relev\u00e9s de La Cha\u00eene M\u00e9t\u00e9o*.<\/p>\n<p class=\"fig-paragraph\">C\u2019est autant que l\u2019ann\u00e9e derni\u00e8re et que lors de\u00a0<a href=\"https:\/\/actualite.lachainemeteo.com\/actualite-meteo\/2025-08-11\/canicule-quelles-differences-avec-celle-de-2003-80431\" target=\"_blank\" rel=\"nofollow noopener\" data-gtm-custom-categorie=\"navigation\" data-gtm-custom-action=\"crossclick\" data-gtm-custom-label=\"Contextuel\" data-gtm-event=\"customEventSPE\">l\u2019\u00e9t\u00e9 caniculaire de 2003<\/a>\u00a0mais moins qu\u2019en 2022, o\u00f9 82 nuits tropicales avaient \u00e9t\u00e9 recens\u00e9es dans la capitale azur\u00e9enne. Le record du nombre de nuits tropicales ne sera pas battu cette ann\u00e9e, annonce-t-on \u00e0 La Cha\u00eene M\u00e9t\u00e9o, la derni\u00e8re semaine \u00e0 venir \u00e9tant plus perturb\u00e9e et donc, dans une moindre mesure, plus fra\u00eeche.<\/p>\n<p>                                    <a class=\"fig-a11y-skip a11y-hidden\" href=\"#fig-a11y-skip-main-inarticle\"><br \/>\n        Passer la publicit\u00e9<br \/>\n    <\/a><\/p>\n<p>Troisi\u00e8me \u00e9t\u00e9 le plus chaud \u00e0 Nice<\/p>\n<p class=\"fig-paragraph\">\u00abOn peut quand m\u00eame dire que la vague de chaleur a \u00e9t\u00e9 exceptionnelle\u00bb, assure Cyrille Duchesne, responsable du service pr\u00e9visions \u00e0 La Cha\u00eene M\u00e9t\u00e9o. \u00abCela devrait \u00eatre le troisi\u00e8me \u00e9t\u00e9 le plus chaud depuis le d\u00e9but des relev\u00e9s \u00e0 Nice, soit depuis 1942\u00bb, indique le m\u00e9t\u00e9orologue.<\/p>\n<p class=\"fig-body-link\">\n            \u00c0 lire aussi<br \/>\n        <a class=\"fig-body-link__link fig-premium-mark\" href=\"http:\/\/www.lefigaro.fr\/sciences\/jusqu-a-24-jours-de-canicule-ou-100-nuits-tropicales-par-an-a-quoi-ressembleront-les-etes-dans-votre-ville-en-2050-20250620\" data-fig-type=\"Article\" data-gtm-custom-categorie=\"navigation\" data-gtm-custom-action=\"crossclick\" data-gtm-custom-label=\"Contextuel\" data-gtm-event=\"customEventSPE\" data-fig-domain=\"LEFIGARO\" target=\"_blank\" rel=\"noopener\">Jusqu\u2019\u00e0 24 jours de canicule ou 100 nuits tropicales par an\u00a0: \u00e0 quoi ressembleront les \u00e9t\u00e9s dans votre ville en 2050\u00a0?<br \/>\n    <\/a>\n<\/p>\n<p class=\"fig-paragraph\">Un record a quand m\u00eame \u00e9t\u00e9 battu cet \u00e9t\u00e9 avec la nuit la plus chaude jamais enregistr\u00e9e\u00a0: le 12 ao\u00fbt, la temp\u00e9rature n\u2019est pas pass\u00e9e sous les 28,7 degr\u00e9s, soit 0,1 de plus que l\u2019an dernier \u00e0 la m\u00eame p\u00e9riode.<\/p>\n<p class=\"fig-paragraph\">Les nuits tropicales restent un ph\u00e9nom\u00e8ne propre au sud-est de la France, m\u00eame si cet \u00e9t\u00e9, des temp\u00e9ratures anormalement \u00e9lev\u00e9es pendant la nuit ont aussi \u00e9t\u00e9 enregistr\u00e9es dans\u00a0<a href=\"http:\/\/www.lefigaro.fr\/bordeaux\/c-est-presque-irrespirable-a-bordeaux-ou-le-record-de-chaleur-est-tombe-l-episode-de-canicule-bat-son-plein-20250812\" data-fig-type=\"NewsFlash\" data-gtm-custom-categorie=\"navigation\" data-gtm-custom-action=\"crossclick\" data-gtm-custom-label=\"Contextuel\" data-gtm-event=\"customEventSPE\" data-fig-domain=\"LEFIGARO\" target=\"_blank\" rel=\"noopener\">le sud-ouest du pays<\/a>. \u00abC\u2019est un peu nouveau en Aquitaine et dans la Loire\u00bb, souligne Cyrille Duchesne.<\/p>\n<p>Masse d\u2019air venue d\u2019Afrique du Nord<\/p>\n<p class=\"fig-paragraph\">La C\u00f4te d\u2019Azur est touch\u00e9e par une masse d\u2019air tr\u00e8s chaude venue d\u2019Afrique du Nord du fait d\u2019un r\u00e9gime de vent du sud, qui reste ensuite bloqu\u00e9e pendant plusieurs semaines, \u00absurtout au mois d\u2019ao\u00fbt\u00bb, note le m\u00e9t\u00e9orologue. La mer M\u00e9diterran\u00e9e s\u2019est aussi\u00a0<a href=\"http:\/\/www.lefigaro.fr\/meteo\/l-eau-de-la-mediterranee-pourrait-atteindre-les-300c-cette-semaine-un-record-depuis-la-canicule-de-2003-20250810\" data-fig-type=\"NewsFlash\" data-gtm-custom-categorie=\"navigation\" data-gtm-custom-action=\"crossclick\" data-gtm-custom-label=\"Contextuel\" data-gtm-event=\"customEventSPE\" data-fig-domain=\"LEFIGARO\" target=\"_blank\" rel=\"noopener\">fortement r\u00e9chauff\u00e9e<\/a>, \u00abet ce d\u00e8s le mois de juin\u00bb, ajoute le pr\u00e9visionniste. Au large, des temp\u00e9ratures de cinq \u00e0 six degr\u00e9s au-dessus de la moyenne ont \u00e9t\u00e9 relev\u00e9es par des bou\u00e9es, soit une eau entre 26 et 27 degr\u00e9s d\u00e8s le d\u00e9but de l\u2019\u00e9t\u00e9.<\/p>\n<p class=\"fig-paragraph\">\u00abLa mer a une inertie importante et cela participe \u00e0 une masse d\u2019air qui reste tr\u00e8s chaude pendant la nuit\u00bb, explique Cyrille Duchesne. Depuis une dizaine d\u2019ann\u00e9es la r\u00e9currence des nuits tropicales de juin \u00e0 ao\u00fbt sur la C\u00f4te d\u2019Azur a ainsi \u00abglobalement\u00bb augment\u00e9.<\/p>\n<p>                                    <a class=\"fig-a11y-skip a11y-hidden\" href=\"#fig-a11y-skip-main-inarticle_mtf\"><br \/>\n        Passer la publicit\u00e9<br \/>\n    <\/a><\/p>\n<p class=\"fig-paragraph\">(*) La Cha\u00eene M\u00e9t\u00e9o est une propri\u00e9t\u00e9 du groupe Figaro.<\/p>\n","protected":false},"excerpt":{"rendered":"Les temp\u00e9ratures minimales pendant les nuits azur\u00e9ennes ont d\u00e9pass\u00e9 tr\u00e8s r\u00e9guli\u00e8rement les 20 degr\u00e9s, avec un record \u00e0&hellip;\n","protected":false},"author":2,"featured_media":343333,"comment_status":"","ping_status":"","sticky":false,"template":"","format":"standard","meta":{"footnotes":""},"categories":[2819],"tags":[1111,11,6698,1129,1777,674,1011,27,2487,12,2401,882,25],"class_list":{"0":"post-343332","1":"post","2":"type-post","3":"status-publish","4":"format-standard","5":"has-post-thumbnail","7":"category-nice","8":"tag-actu","9":"tag-actualites","10":"tag-canicule","11":"tag-climat","12":"tag-eu","13":"tag-europe","14":"tag-fr","15":"tag-france","16":"tag-meteo","17":"tag-news","18":"tag-nice","19":"tag-provence-alpes-cote-dazur","20":"tag-republique-francaise"},"share_on_mastodon":{"url":"https:\/\/pubeurope.com\/@fr\/115090603723786923","error":""},"_links":{"self":[{"href":"https:\/\/www.europesays.com\/fr\/wp-json\/wp\/v2\/posts\/343332","targetHints":{"allow":["GET"]}}],"collection":[{"href":"https:\/\/www.europesays.com\/fr\/wp-json\/wp\/v2\/posts"}],"about":[{"href":"https:\/\/www.europesays.com\/fr\/wp-json\/wp\/v2\/types\/post"}],"author":[{"embeddable":true,"href":"https:\/\/www.europesays.com\/fr\/wp-json\/wp\/v2\/users\/2"}],"replies":[{"embeddable":true,"href":"https:\/\/www.europesays.com\/fr\/wp-json\/wp\/v2\/comments?post=343332"}],"version-history":[{"count":0,"href":"https:\/\/www.europesays.com\/fr\/wp-json\/wp\/v2\/posts\/343332\/revisions"}],"wp:featuredmedia":[{"embeddable":true,"href":"https:\/\/www.europesays.com\/fr\/wp-json\/wp\/v2\/media\/343333"}],"wp:attachment":[{"href":"https:\/\/www.europesays.com\/fr\/wp-json\/wp\/v2\/media?parent=343332"}],"wp:term":[{"taxonomy":"category","embeddable":true,"href":"https:\/\/www.europesays.com\/fr\/wp-json\/wp\/v2\/categories?post=343332"},{"taxonomy":"post_tag","embeddable":true,"href":"https:\/\/www.europesays.com\/fr\/wp-json\/wp\/v2\/tags?post=343332"}],"curies":[{"name":"wp","href":"https:\/\/api.w.org\/{rel}","templated":true}]}}