{"id":343336,"date":"2025-08-25T17:34:21","date_gmt":"2025-08-25T17:34:21","guid":{"rendered":"https:\/\/www.europesays.com\/fr\/343336\/"},"modified":"2025-08-25T17:34:21","modified_gmt":"2025-08-25T17:34:21","slug":"incendie-dans-le-vignoble-de-nantes-2-ha-en-feu-pres-des-lignes-de-train","status":"publish","type":"post","link":"https:\/\/www.europesays.com\/fr\/343336\/","title":{"rendered":"Incendie dans le vignoble de Nantes\u00a0: 2\u00a0ha en feu pr\u00e8s des lignes de train"},"content":{"rendered":"<p>Un feu de v\u00e9g\u00e9tation s\u2019est d\u00e9clar\u00e9 \u00e0 proximit\u00e9 des voies ferr\u00e9es, au lieu-dit le pont Grenouiller, au Pallet, dans le vignoble de Nantes, ce lundi 25\u00a0ao\u00fbt. Les sapeurs-pompiers ont \u00e9t\u00e9 appel\u00e9s \u00e0 15\u00a0h\u00a023. \u00ab\u00a0Le feu est fix\u00e9 et s\u2019est d\u00e9velopp\u00e9 sur trois axes de propagation , pr\u00e9cise le bulletin du Codis, le centre op\u00e9rationnel d\u00e9partemental d\u2019incendie et de secours.  La surface br\u00fbl\u00e9e est estim\u00e9e \u00e0 2\u00a0hectares.\u00a0\u00bb<\/p>\n<p>La <a href=\"https:\/\/nantes.maville.com\/actu\/actudet_-incendie-entre-nantes-et-clisson-le-trafic-ter-interrompu-ce-lundi-25-aout-_8-6946396_actu.Htm\" target=\"_self\" rel=\"nofollow noopener\">circulation des trains est a \u00e9t\u00e9 coup\u00e9 dans les deux sens<\/a> \u00e0 la demande des pompiers car le feu se rapprochait des lignes de trains mais la circulation des trains SNCF a finalement repris dans les deux sens vers 18\u00a0h, ce lundi 25\u00a0ao\u00fbt.<\/p>\n<p>\u00a0<\/p>\n","protected":false},"excerpt":{"rendered":"Un feu de v\u00e9g\u00e9tation s\u2019est d\u00e9clar\u00e9 \u00e0 proximit\u00e9 des voies ferr\u00e9es, au lieu-dit le pont Grenouiller, au Pallet,&hellip;\n","protected":false},"author":2,"featured_media":343337,"comment_status":"","ping_status":"","sticky":false,"template":"","format":"standard","meta":{"footnotes":""},"categories":[2818],"tags":[5742,1111,11,1777,674,1312,1011,27,1310,8391,766,12,2636,3762,25,926,4714],"class_list":{"0":"post-343336","1":"post","2":"type-post","3":"status-publish","4":"format-standard","5":"has-post-thumbnail","7":"category-nantes","8":"tag-5742","9":"tag-actu","10":"tag-actualites","11":"tag-eu","12":"tag-europe","13":"tag-feu","14":"tag-fr","15":"tag-france","16":"tag-incendie","17":"tag-lignes","18":"tag-nantes","19":"tag-news","20":"tag-pays-de-la-loire","21":"tag-pres","22":"tag-republique-francaise","23":"tag-train","24":"tag-vignoble"},"share_on_mastodon":{"url":"https:\/\/pubeurope.com\/@fr\/115090611619624948","error":""},"_links":{"self":[{"href":"https:\/\/www.europesays.com\/fr\/wp-json\/wp\/v2\/posts\/343336","targetHints":{"allow":["GET"]}}],"collection":[{"href":"https:\/\/www.europesays.com\/fr\/wp-json\/wp\/v2\/posts"}],"about":[{"href":"https:\/\/www.europesays.com\/fr\/wp-json\/wp\/v2\/types\/post"}],"author":[{"embeddable":true,"href":"https:\/\/www.europesays.com\/fr\/wp-json\/wp\/v2\/users\/2"}],"replies":[{"embeddable":true,"href":"https:\/\/www.europesays.com\/fr\/wp-json\/wp\/v2\/comments?post=343336"}],"version-history":[{"count":0,"href":"https:\/\/www.europesays.com\/fr\/wp-json\/wp\/v2\/posts\/343336\/revisions"}],"wp:featuredmedia":[{"embeddable":true,"href":"https:\/\/www.europesays.com\/fr\/wp-json\/wp\/v2\/media\/343337"}],"wp:attachment":[{"href":"https:\/\/www.europesays.com\/fr\/wp-json\/wp\/v2\/media?parent=343336"}],"wp:term":[{"taxonomy":"category","embeddable":true,"href":"https:\/\/www.europesays.com\/fr\/wp-json\/wp\/v2\/categories?post=343336"},{"taxonomy":"post_tag","embeddable":true,"href":"https:\/\/www.europesays.com\/fr\/wp-json\/wp\/v2\/tags?post=343336"}],"curies":[{"name":"wp","href":"https:\/\/api.w.org\/{rel}","templated":true}]}}