{"id":343342,"date":"2025-08-25T17:37:15","date_gmt":"2025-08-25T17:37:15","guid":{"rendered":"https:\/\/www.europesays.com\/fr\/343342\/"},"modified":"2025-08-25T17:37:15","modified_gmt":"2025-08-25T17:37:15","slug":"la-meteo-va-radicalement-changer-a-toulouse-et-en-haute-garonne","status":"publish","type":"post","link":"https:\/\/www.europesays.com\/fr\/343342\/","title":{"rendered":"la m\u00e9t\u00e9o va radicalement changer \u00e0 Toulouse et en Haute-Garonne"},"content":{"rendered":"<p>            Par<br \/>\n        <strong><br \/>\n            <a href=\"https:\/\/actu.fr\/auteur\/lucie-2\" title=\"Consulter tous les articles de Lucie Fraisse\" target=\"_blank\" rel=\"noopener\">Lucie Fraisse<\/a><br \/>\n        <\/strong><\/p>\n<p>        Publi\u00e9 le<\/p>\n<p>            25 ao\u00fbt 2025 \u00e0 16h17        <\/p>\n<p>La m\u00e9t\u00e9o va radicalement changer ces prochaines heures \u00e0<strong> Toulouse et en Haute-Garonne<\/strong>. Apr\u00e8s <a href=\"https:\/\/actu.fr\/occitanie\/toulouse_31555\/c-est-tout-simplement-historique-les-jours-de-canicule-s-enchainent-a-toulouse-a-quand-la-fin_63042138.html\" target=\"_blank\" rel=\"noopener\">une longue p\u00e9riode de s\u00e9cheresse<\/a> et chaleurs \u00e9maill\u00e9e de quelques <a href=\"https:\/\/actu.fr\/occitanie\/toulouse_31555\/600-appels-aux-pompiers-en-une-heure-les-orages-declenchent-de-nombreux-incendies-en-haute-garonne_63035579.html\" target=\"_blank\" rel=\"noopener\">rares et courtes p\u00e9riodes de pluie<\/a>, le ciel va (enfin) de gorger d\u2019eau durablement, \u00e0 partir de ce mardi 26 ao\u00fbt 2025, en soir\u00e9e.<\/p>\n<p>Fin de la p\u00e9riode de s\u00e9cheresse<\/p>\n<p class=\" wall-content\">\u00ab\u00a0La longue p\u00e9riode s\u00e8che que nous venons de conna\u00eetre touche \u00e0 sa fin\u00a0\u00bb, confirme<strong> L\u00e9o Ducong\u00e9, pr\u00e9visionniste \u00e0 M\u00e9t\u00e9o France<\/strong>, \u00e0 Toulouse. \u00ab\u00a0Une perturbation de grande ampleur est actuellement sur <strong>l\u2019Atlantique<\/strong>. Elle devrait toucher la r\u00e9gion toulousaine en soir\u00e9e demain.\u00a0\u00bb<\/p>\n<p>Averses orageuses d\u00e8s mardi soir\u00a0<br \/>\n    <img   decoding=\"async\" loading=\"lazy\" src=\"https:\/\/www.europesays.com\/fr\/wp-content\/uploads\/2025\/08\/keraunosjpg-960x640.png\" alt=\"Sur cette carte du site Keraunos, on voit que la probabilit\u00e9 d'orages est tr\u00e8s \u00e9lev\u00e9es sur la Haute-Garonne et plusieurs d\u00e9partements voisins (en bleu fonc\u00e9) pour mercredi 27 ao\u00fbt 2025.\" width=\"960\" height=\"640\"\/><br \/>\n    Sur cette carte du site Keraunos, l\u2019observatoire fran\u00e7ais des tornades et orages violents, on voit que la probabilit\u00e9 d\u2019orages est tr\u00e8s \u00e9lev\u00e9e sur la Haute-Garonne et plusieurs d\u00e9partements voisins (en bleu fonc\u00e9) pour mercredi 27 ao\u00fbt 2025. (\u00a9Keraunos)<\/p>\n<p class=\" wall-content\">Des averses orageuses sont donc pr\u00e9vues mardi en soir\u00e9e et devraient se poursuivre mercredi. Ce syst\u00e8me d\u00e9pressionnaire intervient dans la foul\u00e9e de<a href=\"https:\/\/actu.fr\/meteo\/orages-violents-coup-de-vent-forte-houle-les-restes-de-l-ouragan-erin-vont-secouer-la-france-cette-semaine_63073027.html\" target=\"_blank\" rel=\"noopener\"> l\u2019ex-ouragan Erin<\/a> qui a fini sa course sur l\u2019Irlande.\u00a0<\/p>\n<p class=\" wall-content\">\u00ab\u00a0La d\u00e9pression est frein\u00e9e dans son d\u00e9placement vers l\u2019Est par un anticyclone au niveau de la Scandinavie\u00a0\u00bb analyse L\u00e9o Ducong\u00e9.\u00a0<\/p>\n<p>Vid\u00e9os : en ce moment sur Actu<\/p>\n<p class=\" wall-content\">C\u2019est ce qui explique la longueur de l\u2019\u00e9pisode pluvieux qui s\u2019annonce entre les Pyr\u00e9n\u00e9es et le Massif central.\u00a0<\/p>\n<p>Forts cumuls de pluies\u00a0<\/p>\n<p class=\" wall-content\">\u00ab\u00a0La r\u00e9gion va \u00eatre touch\u00e9e par des averses orageuses. \u00c0 ce stade (lundi 25 ao\u00fbt NDLR), c\u2019est le <strong>caract\u00e8re pluvieux qui est privil\u00e9gi\u00e9<\/strong>, pour le moment, on n\u2019annonce pas de ph\u00e9nom\u00e8ne d\u2019orages violents. Pour les chutes de gr\u00eale, ce n\u2019est pas encore tr\u00e8s net et le caract\u00e8re venteux n\u2019est pas marqu\u00e9. \u00ab\u00a0<\/p>\n<p>Votre r\u00e9gion, votre actu !<\/p>\n<p>Recevez chaque jour les infos qui comptent pour vous.<\/p>\n<p>\t<a href=\"https:\/\/actu.fr\/newsletter\" class=\"ac-btn ac-btn--corner ac-btn--medium ac-btn--blue800\" target=\"_blank\" rel=\"noopener\">S&rsquo;incrire<\/a><\/p>\n<p class=\" wall-content\">Les cumuls de pluie pourraient ainsi \u00eatre cons\u00e9quents avec 20 \u00e0 30 mm annonc\u00e9s en plaine, avec des pointes \u00e0 40 mm localement.\u00a0<\/p>\n<p>Retour de temp\u00e9ratures plus supportables<\/p>\n<p class=\" wall-content\">Cette perturbation va pr\u00e9c\u00e9der un flux \u00e0 tendance oc\u00e9anique, avec un rafra\u00eechissement des temp\u00e9ratures, avec 22\u00b0C annonc\u00e9s \u00e0 Toulouse jeudi par exemple. \u00ab\u00a0On sera parfois en dessous des temp\u00e9ratures de saison\u00a0\u00bb, souligne L\u00e9o Ducong\u00e9.<\/p>\n<p class=\" wall-content\">Personnalisez votre actualit\u00e9 en ajoutant vos villes et m\u00e9dias en favori avec <a href=\"https:\/\/moncompte.actu.fr\" title=\"D\u00e9couvez Mon Actu\" rel=\"nofollow noopener\" data-trk=\"{&quot;cta&quot;:{&quot;action&quot;:&quot;https:\\\/\\\/moncompte.actu.fr&quot;,&quot;category&quot;:&quot;mon compte&quot;,&quot;from&quot;:&quot;article footer&quot;,&quot;name&quot;:&quot;Mon actu&quot;,&quot;type&quot;:&quot;cta&quot;}}\" target=\"_blank\">Mon Actu<\/a>.<\/p>\n","protected":false},"excerpt":{"rendered":"Par Lucie Fraisse Publi\u00e9 le 25 ao\u00fbt 2025 \u00e0 16h17 La m\u00e9t\u00e9o va radicalement changer ces prochaines heures&hellip;\n","protected":false},"author":2,"featured_media":343343,"comment_status":"","ping_status":"","sticky":false,"template":"","format":"standard","meta":{"footnotes":""},"categories":[2816],"tags":[1111,11,1777,674,1011,27,2487,2357,12,2680,25,2312],"class_list":{"0":"post-343342","1":"post","2":"type-post","3":"status-publish","4":"format-standard","5":"has-post-thumbnail","7":"category-toulouse","8":"tag-actu","9":"tag-actualites","10":"tag-eu","11":"tag-europe","12":"tag-fr","13":"tag-france","14":"tag-meteo","15":"tag-meteo-france","16":"tag-news","17":"tag-occitanie","18":"tag-republique-francaise","19":"tag-toulouse"},"share_on_mastodon":{"url":"https:\/\/pubeurope.com\/@fr\/115090623598892597","error":""},"_links":{"self":[{"href":"https:\/\/www.europesays.com\/fr\/wp-json\/wp\/v2\/posts\/343342","targetHints":{"allow":["GET"]}}],"collection":[{"href":"https:\/\/www.europesays.com\/fr\/wp-json\/wp\/v2\/posts"}],"about":[{"href":"https:\/\/www.europesays.com\/fr\/wp-json\/wp\/v2\/types\/post"}],"author":[{"embeddable":true,"href":"https:\/\/www.europesays.com\/fr\/wp-json\/wp\/v2\/users\/2"}],"replies":[{"embeddable":true,"href":"https:\/\/www.europesays.com\/fr\/wp-json\/wp\/v2\/comments?post=343342"}],"version-history":[{"count":0,"href":"https:\/\/www.europesays.com\/fr\/wp-json\/wp\/v2\/posts\/343342\/revisions"}],"wp:featuredmedia":[{"embeddable":true,"href":"https:\/\/www.europesays.com\/fr\/wp-json\/wp\/v2\/media\/343343"}],"wp:attachment":[{"href":"https:\/\/www.europesays.com\/fr\/wp-json\/wp\/v2\/media?parent=343342"}],"wp:term":[{"taxonomy":"category","embeddable":true,"href":"https:\/\/www.europesays.com\/fr\/wp-json\/wp\/v2\/categories?post=343342"},{"taxonomy":"post_tag","embeddable":true,"href":"https:\/\/www.europesays.com\/fr\/wp-json\/wp\/v2\/tags?post=343342"}],"curies":[{"name":"wp","href":"https:\/\/api.w.org\/{rel}","templated":true}]}}