{"id":343350,"date":"2025-08-25T17:41:14","date_gmt":"2025-08-25T17:41:14","guid":{"rendered":"https:\/\/www.europesays.com\/fr\/343350\/"},"modified":"2025-08-25T17:41:14","modified_gmt":"2025-08-25T17:41:14","slug":"la-plage-privatisee-levenement-suscite-colere-et-inquietudes-ecologiques","status":"publish","type":"post","link":"https:\/\/www.europesays.com\/fr\/343350\/","title":{"rendered":"la plage \u00ab\u00a0privatis\u00e9e\u00a0\u00bb, l\u2019\u00e9v\u00e9nement suscite col\u00e8re et inqui\u00e9tudes\u00a0\u00e9cologiques"},"content":{"rendered":"<p>            Par<br \/>\n        <strong><br \/>\n            <a href=\"https:\/\/actu.fr\/auteur\/thomas-blanc\" title=\"Consulter tous les articles de Thomas Blanc\" target=\"_blank\" rel=\"noopener\">Thomas Blanc<\/a><br \/>\n        <\/strong><\/p>\n<p>        Publi\u00e9 le<\/p>\n<p>            25 ao\u00fbt 2025 \u00e0 18h58<br \/>\n        ; mis \u00e0 jour le 25 ao\u00fbt 2025 \u00e0 19h00    <\/p>\n<p><a href=\"https:\/\/actu.fr\/marseille\/\" target=\"_blank\" rel=\"noopener\">Marseille<\/a> s\u2019appr\u00eate une nouvelle fois \u00e0 accueillir le <a href=\"https:\/\/www.delta-festival.com\/\" target=\"_blank\" rel=\"noopener\">Delta Festival<\/a>, rendez-vous gigantesque qui draine chaque \u00e9t\u00e9 pr\u00e8s de <strong>150000 festivaliers<\/strong> venus de toute la France et m\u00eame de l\u2019\u00e9tranger, du 27 au 31 ao\u00fbt 2025. Install\u00e9 sur les <a href=\"https:\/\/actu.fr\/tag\/plage-du-prado\" target=\"_blank\" rel=\"noopener\">plages du Prado<\/a>, cet \u00e9v\u00e9nement est devenu un point fort du calendrier estival marseillais. Mais \u00e0 mesure que l\u2019ouverture approche, <strong>les critiques reviennent<\/strong> aussi en force. Habitu\u00e9s des plages, riverains et \u00e9lus se divisent\u2009: d\u2019un c\u00f4t\u00e9 un festival qui promet ambiance et retomb\u00e9es \u00e9conomiques, de l\u2019autre des inqui\u00e9tudes sur la privatisation d\u2019un espace public et son impact \u00e9cologique non n\u00e9gligeable.<\/p>\n<p>    <a href=\"https:\/\/www.google.com\/maps\/embed?pb=!1m18!1m12!1m3!1d13444.262578973838!2d5.3755497166970745!3d43.26525027775329!2m3!1f0!2f0!3f0!3m2!1i1024!2i768!4f13.1!3m3!1m2!1s0x12c9c73fe6f6fc63%3A0xdf59a6bcfdc701cf!2sPlage%20du%20Prado!5e0!3m2!1sfr!2sfr!4v1756128257110!5m2!1sfr!2sfr\" title=\"Ouvrie le lien\" target=\"_blank\" rel=\"noopener\">Cliquez ici pour visualiser le contenu<\/a><\/p>\n<p>La plage, un espace public rare\u202f<\/p>\n<p class=\" wall-content\">Pour Sylvain Ronca, pr\u00e9sident de l\u2019association\u00a0<a href=\"https:\/\/www.facebook.com\/p\/LES-Nageurs-DU-PRADO-100064850194213\/?locale=fr_FR\" target=\"_blank\" rel=\"noopener\">Les Nageurs du Prado<\/a>, le Delta Festival empi\u00e8te de mani\u00e8re probl\u00e9matique sur <strong>un espace d\u00e9j\u00e0 rare et pr\u00e9cieux<\/strong> en plein \u00e9t\u00e9. \u00ab\u2009Des gens r\u00e9unis par dizaines de milliers, cela cr\u00e9e des d\u00e9sordres\u2009\u00bb, s\u2019inqui\u00e8te-t-il, rappelant que la plage est avant tout \u00ab\u2009un espace public dont doivent profiter <strong>les familles\u2009\u00bb. \u00ab\u2009<\/strong>Organiser un tel festival en \u00e9t\u00e9, c\u2019est massacrer les loisirs des gens\u2009\u00bb, persifle-t-il.<\/p>\n<p>    <a href=\"https:\/\/www.facebook.com\/plugins\/video.php?height=314&amp;href=https%3A%2F%2Fwww.facebook.com%2F100064850194213%2Fvideos%2F2544955502540471%2F&amp;show_text=true&amp;width=350&amp;t=0\" title=\"Ouvrie le lien\" target=\"_blank\" rel=\"noopener\">Cliquez ici pour visualiser le contenu<\/a><\/p>\n<p class=\" wall-content\">Un argument central de son association est la \u00ab<strong>\u2009privatisation\u2009\u00bb temporaire du bord de mer<\/strong>\u2009: \u00ab\u2009Les grands festivals et rassemblements doivent \u00eatre maintenus et encourag\u00e9s, mais pas en pleine ville, pas sur le littoral.\u2009\u00bb<\/p>\n<p class=\" wall-content\">\u00c0 ses yeux, les journ\u00e9es de pr\u00e9paration ressemblent davantage \u00e0 l\u2019\u00e9tablissement d\u2019un <strong>chantier industriel<\/strong> qu\u2019\u00e0 la mise en place d\u2019un rassemblement festif. Il d\u00e9nonce sur <a href=\"https:\/\/www.facebook.com\/actufr.marseille?locale=fr_FR\" target=\"_blank\" rel=\"noopener\">Facebook<\/a> le fait que \u00ab\u2009les parkings, les graviers, les pelouses de Prado Sud sont transform\u00e9es en immense chantier\u2009\u00bb. Et d\u2019\u00e9num\u00e9rer\u2009: \u00ab\u2009ballets de semi-remorques, immenses grues, nuages denses de poussi\u00e8res, cris stridents des marches arri\u00e8re de multiples Fenwick, arm\u00e9e de vigiles, \u00e9rection de kilom\u00e8tres de barri\u00e8res.\u2009\u00bb<\/p>\n<p>    <img   decoding=\"async\" loading=\"lazy\" src=\"https:\/\/www.europesays.com\/fr\/wp-content\/uploads\/2025\/08\/delta-festival-2-960x640.jpg\" alt=\"Des kilom\u00e8tres de barri\u00e8res, parfois opaques bloquent la vue sur la mer aux riverains et aux passants.\" width=\"960\" height=\"640\"\/><br \/>\n    Des kilom\u00e8tres de barri\u00e8res, parfois opaques bloquent la vue sur la mer aux riverains et aux passants. (\u00a9Thomas Blanc \/ actu Marseille)<\/p>\n<p>Votre r\u00e9gion, votre actu !<\/p>\n<p>Recevez chaque jour les infos qui comptent pour vous.<\/p>\n<p>\t<a href=\"https:\/\/actu.fr\/newsletter\" class=\"ac-btn ac-btn--corner ac-btn--medium ac-btn--blue800\" target=\"_blank\" rel=\"noopener\">S&rsquo;incrire<\/a><br \/>\nDes places en partie accessibles<\/p>\n<p class=\" wall-content\">Face \u00e0 ces critiques, l\u2019organisation du festival nuance et cherche \u00e0 rassurer. \u00ab\u2009Il y a une pens\u00e9e globale qui fait croire que les plages sont inaccessibles, <strong>mais c\u2019est faux<\/strong>. Nous n\u2019utilisons pas du tout celle du Prado Nord. Elle est accessible avant, pendant et apr\u00e8s le festival\u2009\u00bb, assure un porte-parole aupr\u00e8s d\u2019actu Marseille.<\/p>\n<p class=\" wall-content\">Les responsables pr\u00e9cisent aussi que \u00ab\u2009la plage de Prado Sud <strong>n\u2019est ferm\u00e9e que la veille du festival \u00e0 20h\u2009\u00bb <\/strong>et que \u00ab\u2009les installations y sont mont\u00e9es le jour m\u00eame.\u2009\u00bb Pour eux, le dispositif ne conduit donc pas \u00e0 une v\u00e9ritable privatisation\u2009: seule une partie limit\u00e9e est temporairement ferm\u00e9e.<\/p>\n<p>    <img   decoding=\"async\" loading=\"lazy\" src=\"https:\/\/www.europesays.com\/fr\/wp-content\/uploads\/2025\/08\/delta-festival-960x640.jpg\" alt=\"La signal\u00e9tique aux abords du festival indique bien que la plage du Prado nord est accessible.\" width=\"960\" height=\"640\"\/><br \/>\n    La signal\u00e9tique aux abords du festival indique bien que la plage du Prado nord est accessible. (\u00a9Thomas Blanc \/ actu Marseille)Une \u00e9tude d\u2019impact \u00e0 r\u00e9aliser\u2009?<\/p>\n<p class=\" wall-content\">Si l\u2019opposition des habitu\u00e9s de la plage illustre la question de l\u2019usage de l\u2019espace public, d\u2019autres voix soulignent <strong>les cons\u00e9quences \u00e9cologiques<\/strong> d\u2019un festival de cette ampleur sur un milieu d\u00e9j\u00e0 fragilis\u00e9.<\/p>\n<p class=\" wall-content\">Herv\u00e9 Menchon, adjoint au maire de Marseille en charge de la <strong>biodiversit\u00e9<\/strong>, reconna\u00eet la valeur festive de l\u2019\u00e9v\u00e9nement mais insiste sur ses effets. \u00ab\u2009Le Delta Festival est un super \u00e9v\u00e9nement \u00e0 destination des jeunes, mais il prend place sur l\u2019espace public maritime pour lequel on a beaucoup travaill\u00e9. Ce milieu est d\u00e9j\u00e0 agress\u00e9 par la canicule, on ne peut pas y ajouter le festival comme cela.\u2009\u00bb<\/p>\n<p class=\" wall-content\">Selon lui, <strong>une \u00e9tude d\u2019impact environnemental<\/strong> serait n\u00e9cessaire, non seulement pour le bruit et la pollution lumineuse, mais \u00e9galement sous l\u2019eau, dans le milieu marin.<\/p>\n<p class=\" wall-content\">\u00ab\u2009Cette \u00e9tude doit \u00eatre <strong>financ\u00e9e par les organisateurs du Delta Festival<\/strong> et non par la ville, autrement ce seraient les Marseillais qui paieraient\u2009\u00bb, pr\u00e9cise l\u2019adjoint, porte-parole d\u2019une partie des \u00e9lus oppos\u00e9s au Delta Festival sous cette forme au sein d\u2019une municipalit\u00e9 globalement favorable \u00e0 l\u2019\u00e9v\u00e8nement puisqu\u2019elle lui d\u00e9livre chaque ann\u00e9e une autorisation d\u2019occupation temporaire de l\u2019espace public.<\/p>\n<blockquote class=\"ac-article-quote wall-content\">\n<p>\u202fCe n\u2019est pas parce que le Delta Festival fait des efforts qu\u2019on peut excuser ses effets n\u00e9fastes. Je leur propose un d\u00e9fi\u202f: se r\u00e9inventer ailleurs, sortir de ce mod\u00e8le \u00e9conomique soumis au bord de mer.<\/p>\n<p>    <strong>Herv\u00e9 Menchon<\/strong><br \/>\n        Adjoint au maire de Marseille en charge de la biodiversit\u00e9    <\/p><\/blockquote>\n<p>Le Delta Festival dit \u00ab\u2009respecter le cahier des charges\u2009\u00bb<\/p>\n<p class=\" wall-content\">Un d\u00e9fi qui ne semble pas s\u00e9duire l\u2019organisation. Pour le Delta, l\u2019attrait m\u00eame de l\u2019\u00e9v\u00e9nement repose sur sa localisation.<\/p>\n<blockquote class=\"ac-article-quote wall-content\">\n<p>\u202fLes plages du Prado font l\u2019ADN et la beaut\u00e9 du festival. Nous accueillons 150\u202f000 personnes dont la moiti\u00e9 vient de l\u2019ext\u00e9rieur de la r\u00e9gion, attir\u00e9es par cette carte postale. <\/p>\n<p>    <strong>Delta Festival<\/strong>\n            <\/p><\/blockquote>\n<p class=\" wall-content\"><strong>L\u2019alternative, pour eux, n\u2019existe pas. <\/strong>Ils balaient d\u2019un revers de main les diff\u00e9rentes solutions. \u00ab\u2009Le parc Chanot n\u2019est pas dimensionn\u00e9, l\u2019hippodrome Bor\u00e9ly demanderait trop de travaux\u2009\u00bb, fait savoir le charg\u00e9 de communication C\u00e9sar Cornil.<\/p>\n<p class=\" wall-content\">Dernier point de friction\u2009: le bruit. Si les riverains expriment r\u00e9guli\u00e8rement leur exasp\u00e9ration face aux basses vrombissantes jusqu\u2019\u00e0 tard dans la nuit et qu\u2019<a href=\"https:\/\/ciq-saint-giniez-prado-plage.fr\/wp-content\/uploads\/2022\/10\/CIQ_DELTA-FESTIVAL-laforet.pdf\" target=\"_blank\" rel=\"noopener\">une \u00e9tude\u00a0diligent\u00e9e par le Comit\u00e9 d\u2019Int\u00e9r\u00eat de Quartier (CIQ) du Prado<\/a> en 2022 \u00e9tablissait que la manifestation ne respectait pas les normes en vigueur \u00e0 ce sujet, le festival se d\u00e9fend d\u2019ignorer la r\u00e9glementation.<\/p>\n<p class=\" wall-content\">\u00ab\u2009Nous avons des capteurs qui nous permettent de r\u00e9agir en temps r\u00e9el pour <strong>adapter le niveau sonore<\/strong> et nous respectons \u00e0 la lettre le cahier des charges donn\u00e9 par la ville de Marseille\u2009\u00bb, concluent les responsables de l\u2019\u00e9v\u00e8nement.<\/p>\n<p>De nombreux partenariats<\/p>\n<p class=\" wall-content\">Sur le point de vue environnemental, la pr\u00e9sence de milliers de festivaliers fait craindre \u00ab\u2009des d\u00e9gradations importantes\u2009\u00bb de l\u2019espace \u00e0 Sylvain Ronca, pr\u00e9sident des Nageurs du Prado.<\/p>\n<p class=\" wall-content\">Face \u00e0 cela, le Delta Festival rappelle qu\u2019il est en partenariat avec <strong>56 associations environnementales<\/strong> pour nettoyer les plages du festival avant et apr\u00e8s son d\u00e9roulement mais aussi tout au long de l\u2019ann\u00e9e dans d\u2019autres espaces de Marseille. \u00ab<strong>\u2009Sept plongeurs de l\u2019association Team Oxygen<\/strong> nettoieront en profondeur la mer et des b\u00e9n\u00e9voles s\u2019occuperont de la plage avant et apr\u00e8s le festival\u2009\u00bb, confirme l\u2019organisation \u00e9galement engag\u00e9e aupr\u00e8s de Clean My Calanques par exemple.<\/p>\n<p class=\" wall-content\">La multiplication des partenariats par le festival avec des associations pour limiter son impact sur l\u2019environnement rel\u00e8ve \u00ab\u2009du greenwashing [c\u2019est-\u00e0-dire redorer son image publique avec des actions pour en faire oublier d\u2019autres] que je combats\u2009\u00bb , d\u2019apr\u00e8s Herv\u00e9 Menchon.<\/p>\n<p>    <a href=\"https:\/\/www.google.com\/maps\/embed?pb=!1m18!1m12!1m3!1d3455.5317636073078!2d5.373839161771455!3d43.256781091673176!2m3!1f0!2f0!3f0!3m2!1i1024!2i768!4f13.1!3m3!1m2!1s0x12c9c726736a0b03%3A0xdebd80d0e8c46e7!2sLe%20Hublot!5e0!3m2!1sfr!2sfr!4v1756137983069!5m2!1sfr!2sfr\" title=\"Ouvrie le lien\" target=\"_blank\" rel=\"noopener\">Cliquez ici pour visualiser le contenu<\/a><\/p>\n<p class=\" wall-content\">La manifestation a tout de m\u00eame au moins une cons\u00e9quence directe\u2009: <strong>la fermeture du Hublot<\/strong>, espace de sensibilisation \u00e0 la biodiversit\u00e9 marine, durant deux jours \u00e0 cause du bruit.<\/p>\n<p class=\" wall-content\">Personnalisez votre actualit\u00e9 en ajoutant vos villes et m\u00e9dias en favori avec <a href=\"https:\/\/moncompte.actu.fr\" title=\"D\u00e9couvez Mon Actu\" rel=\"nofollow noopener\" data-trk=\"{&quot;cta&quot;:{&quot;action&quot;:&quot;https:\\\/\\\/moncompte.actu.fr&quot;,&quot;category&quot;:&quot;mon compte&quot;,&quot;from&quot;:&quot;article footer&quot;,&quot;name&quot;:&quot;Mon actu&quot;,&quot;type&quot;:&quot;cta&quot;}}\" target=\"_blank\">Mon Actu<\/a>.<\/p>\n","protected":false},"excerpt":{"rendered":"Par Thomas Blanc Publi\u00e9 le 25 ao\u00fbt 2025 \u00e0 18h58 ; mis \u00e0 jour le 25 ao\u00fbt 2025&hellip;\n","protected":false},"author":2,"featured_media":343351,"comment_status":"","ping_status":"","sticky":false,"template":"","format":"standard","meta":{"footnotes":""},"categories":[2814],"tags":[1111,11,1697,436,1777,674,1011,27,884,12,5448,52,882,25],"class_list":{"0":"post-343350","1":"post","2":"type-post","3":"status-publish","4":"format-standard","5":"has-post-thumbnail","7":"category-marseille","8":"tag-actu","9":"tag-actualites","10":"tag-concert","11":"tag-environnement","12":"tag-eu","13":"tag-europe","14":"tag-fr","15":"tag-france","16":"tag-marseille","17":"tag-news","18":"tag-plage-du-prado","19":"tag-planete","20":"tag-provence-alpes-cote-dazur","21":"tag-republique-francaise"},"share_on_mastodon":{"url":"https:\/\/pubeurope.com\/@fr\/115090639073006485","error":""},"_links":{"self":[{"href":"https:\/\/www.europesays.com\/fr\/wp-json\/wp\/v2\/posts\/343350","targetHints":{"allow":["GET"]}}],"collection":[{"href":"https:\/\/www.europesays.com\/fr\/wp-json\/wp\/v2\/posts"}],"about":[{"href":"https:\/\/www.europesays.com\/fr\/wp-json\/wp\/v2\/types\/post"}],"author":[{"embeddable":true,"href":"https:\/\/www.europesays.com\/fr\/wp-json\/wp\/v2\/users\/2"}],"replies":[{"embeddable":true,"href":"https:\/\/www.europesays.com\/fr\/wp-json\/wp\/v2\/comments?post=343350"}],"version-history":[{"count":0,"href":"https:\/\/www.europesays.com\/fr\/wp-json\/wp\/v2\/posts\/343350\/revisions"}],"wp:featuredmedia":[{"embeddable":true,"href":"https:\/\/www.europesays.com\/fr\/wp-json\/wp\/v2\/media\/343351"}],"wp:attachment":[{"href":"https:\/\/www.europesays.com\/fr\/wp-json\/wp\/v2\/media?parent=343350"}],"wp:term":[{"taxonomy":"category","embeddable":true,"href":"https:\/\/www.europesays.com\/fr\/wp-json\/wp\/v2\/categories?post=343350"},{"taxonomy":"post_tag","embeddable":true,"href":"https:\/\/www.europesays.com\/fr\/wp-json\/wp\/v2\/tags?post=343350"}],"curies":[{"name":"wp","href":"https:\/\/api.w.org\/{rel}","templated":true}]}}