{"id":343352,"date":"2025-08-25T17:42:15","date_gmt":"2025-08-25T17:42:15","guid":{"rendered":"https:\/\/www.europesays.com\/fr\/343352\/"},"modified":"2025-08-25T17:42:15","modified_gmt":"2025-08-25T17:42:15","slug":"marseille-en-octobre-le-foodtruck-entremont-sillonne-les-routes-a-la-rencontre-des-consommateurs","status":"publish","type":"post","link":"https:\/\/www.europesays.com\/fr\/343352\/","title":{"rendered":"MARSEILLE : En octobre, le Foodtruck Entremont sillonne les routes \u00e0 la rencontre des consommateurs !"},"content":{"rendered":"<p><strong>Entremont lance une tourn\u00e9e en foodtruck dans le Sud-Est pour rencontrer les consommateurs.<\/strong><br \/>Du 1er au 11 octobre 2025, Entremont, la c\u00e9l\u00e8bre marque de fromage fran\u00e7ais, part \u00e0 la rencontre de ses consommateurs dans le Sud-Est de la France. Cette tourn\u00e9e nationale vise \u00e0 rappeler toutes les raisons qui font qu\u2019\u00ab Entremont, c\u2019est Autrement Bon \u00bb. C\u2019est \u00e9galement l\u2019occasion pour la marque d\u2019affirmer ses valeurs coop\u00e9ratives et son appartenance \u00e0 Sodiaal, la premi\u00e8re coop\u00e9rative laiti\u00e8re en France.<\/p>\n<p><strong>Des d\u00e9gustations et des animations pour tous<\/strong><\/p>\n<p>Gr\u00e2ce \u00e0 cette tourn\u00e9e en foodtruck, les amateurs de fromage pourront profiter de d\u00e9gustations \u00ab cheesy \u00bb et en apprendre davantage sur l\u2019engagement de l\u2019entreprise envers les \u00e9leveurs, leur juste r\u00e9mun\u00e9ration et le lait 100 % fran\u00e7ais. Au menu, des recettes de street-food int\u00e9grant le meilleur du fromage fran\u00e7ais : qu\u00e9sadillas, mac &amp; cheese, wraps, croques monsieur et brochettes de fromage.<\/p>\n<p><strong>Un programme riche et vari\u00e9<\/strong><\/p>\n<p>Les consommateurs pourront \u00e9galement se familiariser avec le nouvel habillage des produits de la marque. Au programme : des animations pour petits et grands, des activit\u00e9s pour s\u2019amuser, des goodies, des jeux 100 % gagnants, des informations p\u00e9dagogiques sur la coop\u00e9rative et des recettes fa\u00e7on \u00ab street-food \u00bb. Rendez-vous de 11h \u00e0 19h :<\/p>\n<p>\u2022\u00a0<strong>Le 1er octobre<\/strong>\u00a0au Centre E. Leclerc de Boll\u00e8ne, dans le Vaucluse (84)<br \/>\u2022\u00a0<strong>Le 2 octobre<\/strong>\u00a0\u00e0 Place du G\u00e9n\u00e9ral de Gaulle, \u00e0 Marseille (13)<br \/>\u2022\u00a0<strong>Le 3 octobre<\/strong>\u00a0au Carrefour Market de Pertuis, dans le Vaucluse (84)<br \/>\u2022\u00a0<strong>Le 4 octobre<\/strong>\u00a0au Centre E. Leclerc de Hy\u00e8res, dans le Var (83)<br \/>\u2022\u00a0<strong>Le 6 octobre<\/strong>\u00a0au Centre E. Leclerc de Saint-Isidore, \u00e0 Nice (06)<br \/>\u2022\u00a0<strong>Le 8 octobre<\/strong>\u00a0au Centre E. Leclerc de Saint-Paul-l\u00e8s-Romans, dans la Dr\u00f4me (26)<br \/>\u2022\u00a0<strong>Le 9 octobre<\/strong>\u00a0au Auchan de Caluire-et-Cuire, dans le Rh\u00f4ne (69)<br \/>\u2022\u00a0<strong>Le 10 octobre<\/strong>\u00a0\u00e0 Place de la R\u00e9publique, \u00e0 Lyon (69)<br \/>\u2022\u00a0<strong>Le 11 octobre<\/strong>\u00a0au Centre E. Leclerc de Cran-Gevrier, en Haute-Savoie (74)<\/p>\n<p><strong>Des recettes pour toutes les envies<\/strong><\/p>\n<p>\u00c0 travers ces pauses gourmandes et ludiques, Entremont propose des moments de d\u00e9gustation dans une ambiance chaleureuse de d\u00e9couverte, sur un espace convivial. Gr\u00e2ce \u00e0 sa s\u00e9lection de recettes, adapt\u00e9es \u00e0 tous les go\u00fbts et tous les moments de la journ\u00e9e, les consommateurs pourront se r\u00e9galer. Ils auront la possibilit\u00e9 de d\u00e9guster divers produits de la gamme : du traditionnel et incontournable Emmental fran\u00e7ais, aux tranches Comt\u00e9, en passant par les tranches raclette et le bloc D\u00e9gustation au go\u00fbt fruit\u00e9 &amp; unique.<\/p>\n<p><strong>Engagement pour la juste r\u00e9mun\u00e9ration des producteurs<\/strong><\/p>\n<p>Cette op\u00e9ration vise \u00e9galement \u00e0 rappeler l\u2019engagement d\u2019Entremont pour une r\u00e9mun\u00e9ration juste des producteurs de lait, au titre de son appartenance \u00e0 Sodiaal, 1\u00e8re coop\u00e9rative de France. Sodiaal fabrique des produits laitiers quotidiens, bons et accessibles, en faisant le choix de donner de la valeur \u00e0 chaque goutte de lait et \u00e0 chaque laitier. C\u2019est pourquoi 100 % des b\u00e9n\u00e9fices sont revers\u00e9s aux \u00e9leveurs et \u00e0 la coop\u00e9rative, et que chaque voix compte. De plus, ce sont les \u00e9leveurs de la coop\u00e9rative qui fixent ensemble le prix du lait.<\/p>\n<p><strong>Un savoir-faire fromager historique<\/strong><\/p>\n<p>Entremont b\u00e9n\u00e9ficie \u00e9galement d\u2019un savoir-faire fromager historique de plus de 75 ans. Un h\u00e9ritage qu\u2019elle met au service de ses fromages 100 % fran\u00e7ais, uniquement issus de lait collect\u00e9 sur le territoire, dans 71 d\u00e9partements. De plus, Entremont ce sont des produits 100 % fromage, sans aucun autre ingr\u00e9dient, pour un go\u00fbt authentiquement bon !<\/p>\n<p><strong>Un nouveau look pour une identit\u00e9 r\u00e9affirm\u00e9e<\/strong><\/p>\n<p>Gr\u00e2ce \u00e0 la mise en \u0153uvre d\u2019une nouvelle identit\u00e9 graphique, Entremont souligne son image moderne et innovante. La marque opte donc pour un logo plus facile \u00e0 rep\u00e9rer et des visuels encore plus gourmands. Un changement d\u00e9j\u00e0 approuv\u00e9 et adopt\u00e9 par les consommateurs, avec un taux d\u2019achat pr\u00e9visionnel qui s\u2019\u00e9l\u00e8ve de pr\u00e8s de 7 sur 10 (68 %). Cette nouvelle apparence est \u00e9galement l\u2019occasion de r\u00e9affirmer son engagement pour une r\u00e9mun\u00e9ration juste des producteurs laitiers, en apposant le pictogramme de la Coop\u00e9rative. En effet, Entremont fait partie de la Coop\u00e9rative Sodiaal, qui r\u00e9unit plus de 10 000 \u00e9leveurs, principaux acteurs de la fili\u00e8re laiti\u00e8re.<\/p>\n","protected":false},"excerpt":{"rendered":"Entremont lance une tourn\u00e9e en foodtruck dans le Sud-Est pour rencontrer les consommateurs.Du 1er au 11 octobre 2025,&hellip;\n","protected":false},"author":2,"featured_media":343353,"comment_status":"","ping_status":"","sticky":false,"template":"","format":"standard","meta":{"footnotes":""},"categories":[2814],"tags":[1111,11,1777,674,1011,27,884,12,882,25],"class_list":{"0":"post-343352","1":"post","2":"type-post","3":"status-publish","4":"format-standard","5":"has-post-thumbnail","7":"category-marseille","8":"tag-actu","9":"tag-actualites","10":"tag-eu","11":"tag-europe","12":"tag-fr","13":"tag-france","14":"tag-marseille","15":"tag-news","16":"tag-provence-alpes-cote-dazur","17":"tag-republique-francaise"},"share_on_mastodon":{"url":"https:\/\/pubeurope.com\/@fr\/115090642981042313","error":""},"_links":{"self":[{"href":"https:\/\/www.europesays.com\/fr\/wp-json\/wp\/v2\/posts\/343352","targetHints":{"allow":["GET"]}}],"collection":[{"href":"https:\/\/www.europesays.com\/fr\/wp-json\/wp\/v2\/posts"}],"about":[{"href":"https:\/\/www.europesays.com\/fr\/wp-json\/wp\/v2\/types\/post"}],"author":[{"embeddable":true,"href":"https:\/\/www.europesays.com\/fr\/wp-json\/wp\/v2\/users\/2"}],"replies":[{"embeddable":true,"href":"https:\/\/www.europesays.com\/fr\/wp-json\/wp\/v2\/comments?post=343352"}],"version-history":[{"count":0,"href":"https:\/\/www.europesays.com\/fr\/wp-json\/wp\/v2\/posts\/343352\/revisions"}],"wp:featuredmedia":[{"embeddable":true,"href":"https:\/\/www.europesays.com\/fr\/wp-json\/wp\/v2\/media\/343353"}],"wp:attachment":[{"href":"https:\/\/www.europesays.com\/fr\/wp-json\/wp\/v2\/media?parent=343352"}],"wp:term":[{"taxonomy":"category","embeddable":true,"href":"https:\/\/www.europesays.com\/fr\/wp-json\/wp\/v2\/categories?post=343352"},{"taxonomy":"post_tag","embeddable":true,"href":"https:\/\/www.europesays.com\/fr\/wp-json\/wp\/v2\/tags?post=343352"}],"curies":[{"name":"wp","href":"https:\/\/api.w.org\/{rel}","templated":true}]}}