{"id":343354,"date":"2025-08-25T17:43:10","date_gmt":"2025-08-25T17:43:10","guid":{"rendered":"https:\/\/www.europesays.com\/fr\/343354\/"},"modified":"2025-08-25T17:43:10","modified_gmt":"2025-08-25T17:43:10","slug":"lmh-inaugure-une-nouvelle-residence-etudiante-dans-le-7e-arrondissement-de-lyon","status":"publish","type":"post","link":"https:\/\/www.europesays.com\/fr\/343354\/","title":{"rendered":"LMH inaugure une nouvelle r\u00e9sidence \u00e9tudiante dans le 7e arrondissement de Lyon"},"content":{"rendered":"<p>                                                        <img loading=\"lazy\" decoding=\"async\" width=\"1024\" height=\"682\" src=\"data:image\/svg+xml,%3Csvg%20xmlns=\" http:=\"\" class=\"thumb img-responsive m-x-auto block w-full\" alt=\"lyon entreprises logement \u00e9tudiant lmh\" caption=\"\" data-lazy-src=\"https:\/\/www.europesays.com\/fr\/wp-content\/uploads\/2025\/08\/lyon-entreprises-logement-etudiant-lmh-1024x682.jpg\"\/><\/p>\n<p class=\"ez-toc-title ez-toc-toggle\" style=\"cursor: pointer\">Sommaire &amp; acc\u00e8s rapide<\/p>\n<p><a href=\"#\" class=\"ez-toc-pull-right ez-toc-btn ez-toc-btn-xs ez-toc-btn-default ez-toc-toggle\" aria-label=\"Toggle Table of Content\">Toggle<\/a><\/p>\n<p><strong>Face \u00e0 la p\u00e9nurie de logements \u00e9tudiants, Lyon M\u00e9tropole Habitat (LMH) ouvre la r\u00e9sidence Clair Tisseur, situ\u00e9e dans le 7e arrondissement. D\u00e8s le 29 ao\u00fbt, 54 jeunes pourront emm\u00e9nager dans ce nouveau site g\u00e9r\u00e9 directement par LMH.<\/strong><\/p>\n<p>Une r\u00e9ponse \u00e0 la pression sur le logement \u00e9tudiant<\/p>\n<p>Avec pr\u00e8s de 191 000 \u00e9tudiants en 2025, la M\u00e9tropole de Lyon subit une tension croissante sur le logement. Seuls 13,5 % des \u00e9tudiants peuvent b\u00e9n\u00e9ficier d\u2019une place en r\u00e9sidence publique ou sociale. Dans ce contexte, la livraison de la r\u00e9sidence Clair Tisseur repr\u00e9sente une solution concr\u00e8te pour accueillir 54 \u00e9tudiants d\u00e8s la rentr\u00e9e.<\/p>\n<p>Une r\u00e9sidence adapt\u00e9e aux besoins des jeunes<\/p>\n<p>Situ\u00e9e au 3 rue Clair Tisseur, \u00e0 proximit\u00e9 des campus universitaires (Lyon 2, Lyon 3, ENS, Sciences Po, EM Lyon\u2026) et des transports en commun (m\u00e9tros B et D, tram T2, bus C4 et PL2), la r\u00e9sidence b\u00e9n\u00e9ficie d\u2019un emplacement strat\u00e9gique. Les studios meubl\u00e9s sont propos\u00e9s \u00e0 partir de 378,24 \u20ac charges comprises et comprennent :<\/p>\n<ul>\n<li>Un lit,<\/li>\n<li>Un espace bureau,<\/li>\n<li>Une kitchenette \u00e9quip\u00e9e (plaques, r\u00e9frig\u00e9rateur\u2026),<\/li>\n<li>Une salle d\u2019eau privative,<\/li>\n<li>De nombreux rangements int\u00e9gr\u00e9s.<\/li>\n<\/ul>\n<p>Les logements sont prioritairement attribu\u00e9s aux boursiers, conventionn\u00e9s APL, et accompagn\u00e9s de solutions de caution solidaire ou garant priv\u00e9. La r\u00e9sidence met \u00e9galement \u00e0 disposition une salle de d\u00e9tente, une laverie, un local \u00e0 v\u00e9los s\u00e9curis\u00e9 et des espaces verts.<\/p>\n<p>Une gestion directe, une premi\u00e8re pour LMH<\/p>\n<p>LMH g\u00e8re d\u00e9j\u00e0 plus de 3 000 logements \u00e9tudiants par d\u00e9l\u00e9gation (Crous, Insa, \u00c9cole Centrale\u2026). Avec la r\u00e9sidence Clair Tisseur, le bailleur public prend un nouveau tournant en assurant pour la premi\u00e8re fois la gestion directe. Le projet a \u00e9t\u00e9 r\u00e9alis\u00e9 en ma\u00eetrise d\u2019ouvrage avec l\u2019Atelier 127 pour un montant de 5,5 millions d\u2019euros TTC.<\/p>\n<p>Un programme ambitieux jusqu\u2019en 2028<\/p>\n<p>La r\u00e9sidence Clair Tisseur n\u2019est que la premi\u00e8re \u00e9tape d\u2019un programme plus large. D\u2019ici 2028, LMH pr\u00e9voit la livraison de pr\u00e8s de 800 logements \u00e9tudiants suppl\u00e9mentaires r\u00e9partis dans plusieurs arrondissements de Lyon (3e, 7e, 8e, 9e) ainsi qu\u2019\u00e0 Saint-Fons et Saint-Priest.<\/p>\n<p>Un acteur majeur du logement social<\/p>\n<p>Avec 34 000 logements et 68 000 locataires, LMH est le premier office public de l\u2019habitat de la M\u00e9tropole de Lyon. Ses 700 collaborateurs sont engag\u00e9s pour le logement accessible et la qualit\u00e9 de vie, en partenariat avec de nombreux acteurs locaux.<\/p>\n","protected":false},"excerpt":{"rendered":"Sommaire &amp; acc\u00e8s rapide Toggle Face \u00e0 la p\u00e9nurie de logements \u00e9tudiants, Lyon M\u00e9tropole Habitat (LMH) ouvre la&hellip;\n","protected":false},"author":2,"featured_media":343355,"comment_status":"","ping_status":"","sticky":false,"template":"","format":"standard","meta":{"footnotes":""},"categories":[1889],"tags":[1111,11,2430,1777,674,1011,27,2428,12,25],"class_list":{"0":"post-343354","1":"post","2":"type-post","3":"status-publish","4":"format-standard","5":"has-post-thumbnail","7":"category-lyon","8":"tag-actu","9":"tag-actualites","10":"tag-auvergne-rhone-alpes","11":"tag-eu","12":"tag-europe","13":"tag-fr","14":"tag-france","15":"tag-lyon","16":"tag-news","17":"tag-republique-francaise"},"share_on_mastodon":{"url":"https:\/\/pubeurope.com\/@fr\/115090646987201440","error":""},"_links":{"self":[{"href":"https:\/\/www.europesays.com\/fr\/wp-json\/wp\/v2\/posts\/343354","targetHints":{"allow":["GET"]}}],"collection":[{"href":"https:\/\/www.europesays.com\/fr\/wp-json\/wp\/v2\/posts"}],"about":[{"href":"https:\/\/www.europesays.com\/fr\/wp-json\/wp\/v2\/types\/post"}],"author":[{"embeddable":true,"href":"https:\/\/www.europesays.com\/fr\/wp-json\/wp\/v2\/users\/2"}],"replies":[{"embeddable":true,"href":"https:\/\/www.europesays.com\/fr\/wp-json\/wp\/v2\/comments?post=343354"}],"version-history":[{"count":0,"href":"https:\/\/www.europesays.com\/fr\/wp-json\/wp\/v2\/posts\/343354\/revisions"}],"wp:featuredmedia":[{"embeddable":true,"href":"https:\/\/www.europesays.com\/fr\/wp-json\/wp\/v2\/media\/343355"}],"wp:attachment":[{"href":"https:\/\/www.europesays.com\/fr\/wp-json\/wp\/v2\/media?parent=343354"}],"wp:term":[{"taxonomy":"category","embeddable":true,"href":"https:\/\/www.europesays.com\/fr\/wp-json\/wp\/v2\/categories?post=343354"},{"taxonomy":"post_tag","embeddable":true,"href":"https:\/\/www.europesays.com\/fr\/wp-json\/wp\/v2\/tags?post=343354"}],"curies":[{"name":"wp","href":"https:\/\/api.w.org\/{rel}","templated":true}]}}