{"id":343356,"date":"2025-08-25T17:44:23","date_gmt":"2025-08-25T17:44:23","guid":{"rendered":"https:\/\/www.europesays.com\/fr\/343356\/"},"modified":"2025-08-25T17:44:23","modified_gmt":"2025-08-25T17:44:23","slug":"un-comportement-inadmissible-pourquoi-cest-dangereux-et-stupide-de-sauter-dun-pont","status":"publish","type":"post","link":"https:\/\/www.europesays.com\/fr\/343356\/","title":{"rendered":"\u00ab Un comportement inadmissible \u00bb\u2026 Pourquoi c\u2019est dangereux (et stupide) de sauter d\u2019un pont ?"},"content":{"rendered":"<p><strong>RAPPEL &#8211; \u00c0 Lyon, un homme a saut\u00e9 de 38 m\u00e8tres de haut dans la Sa\u00f4ne depuis la passerelle du Palais-de-Justice. Une prouesse dangereuse, d\u00e9nonc\u00e9e par les autorit\u00e9s, qui rappellent que la baignade et plongeons dans les fleuves restent interdits<\/strong><\/p>\n<p>Impressionnant mais inqui\u00e9tant. Samedi, du haut de la passerelle du Palais-de-Justice, \u00e0 <a href=\"https:\/\/www.20minutes.fr\/lyon\/?at_medium=RSS%20feed&amp;at_campaign=ynews&amp;utm_source=yahoo&amp;utm_medium=rss&amp;utm_campaign=news_feed&amp;utm_content=in_article_link\" rel=\"nofollow noopener\" target=\"_blank\" data-ylk=\"slk:Lyon;elm:context_link;itc:0;sec:content-canvas\" class=\"link \">Lyon<\/a>, perch\u00e9e \u00e0 38 m\u00e8tres au-dessus de la Sa\u00f4ne, un homme a encha\u00een\u00e9 plusieurs figures avant de plonger dans le fleuve. Dans l\u2019eau, trois personnes l\u2019attendaient et l\u2019ont f\u00e9licit\u00e9. La sc\u00e8ne, captur\u00e9e par le <a href=\"https:\/\/x.com\/LamyGuillaume\/status\/1959142814521938319?at_medium=RSS%20feed&amp;at_campaign=ynews&amp;utm_source=yahoo&amp;utm_medium=rss&amp;utm_campaign=news_feed&amp;utm_content=in_article_link\" rel=\"nofollow noopener\" target=\"_blank\" data-ylk=\"slk:journaliste Guillaume Lamy,;elm:context_link;itc:0;sec:content-canvas\" class=\"link \">journaliste Guillaume Lamy,<\/a> a \u00e9t\u00e9 diffus\u00e9e sur les r\u00e9seaux sociaux et a rapidement fait r\u00e9agir les autorit\u00e9s locales.<\/p>\n<p>\u00ab\u00a0Alors que de nombreux cas de noyades sont recens\u00e9s dans la m\u00e9tropole de Lyon ces derniers jours, cet individu met sa vie en danger. Professionnel ou pas ce comportement est irresponsable et dangereux\u00a0\u00bb, a d\u00e9nonc\u00e9 sur <a href=\"https:\/\/x.com\/prefetrhone\/status\/1959228449471508882?at_medium=RSS%20feed&amp;at_campaign=ynews&amp;utm_source=yahoo&amp;utm_medium=rss&amp;utm_campaign=news_feed&amp;utm_content=in_article_link\" rel=\"nofollow noopener\" target=\"_blank\" data-ylk=\"slk:X Fabienne Buccio, la pr\u00e9f\u00e8te de r\u00e9gion;elm:context_link;itc:0;sec:content-canvas\" class=\"link \">X Fabienne Buccio, la pr\u00e9f\u00e8te de r\u00e9gion<\/a>.<\/p>\n<p>M\u00eame r\u00e9action du c\u00f4t\u00e9 de Mohamed Chihi, adjoint au maire de Lyon \u00e0 la s\u00e9curit\u00e9\u00a0: \u00ab\u00a0Ce geste, extr\u00eamement dangereux, aurait pu \u00eatre dramatique\u00a0\u00bb, a-t-il \u00e9crit sur <a href=\"https:\/\/bsky.app\/profile\/mohamedchihi.bsky.social\/post\/3lx67ensnys2g?at_medium=RSS%20feed&amp;at_campaign=ynews&amp;utm_source=yahoo&amp;utm_medium=rss&amp;utm_campaign=news_feed&amp;utm_content=in_article_link\" rel=\"nofollow noopener\" target=\"_blank\" data-ylk=\"slk:BlueSky;elm:context_link;itc:0;sec:content-canvas\" class=\"link \">BlueSky<\/a>. La municipalit\u00e9 avait d\u00e9j\u00e0 rappel\u00e9, au d\u00e9but de l\u2019\u00e9t\u00e9, que la baignade dans le Rh\u00f4ne et la Sa\u00f4ne, tout comme les sauts depuis les ponts, \u00e9taient \u00ab\u00a0strictement interdits\u00a0\u00bb en raison de leur dangerosit\u00e9.<\/p>\n<p>Un saut \u00e0 pr\u00e8s de 100\u00a0km\/h<\/p>\n<p>Au-del\u00e0 de l\u2019interdiction, le risque est bien r\u00e9el. \u00ab\u00a0Escalader jusqu\u2019en haut du pyl\u00f4ne \u00e9tait d\u00e9j\u00e0 tr\u00e8s dangereux, commente une source polici\u00e8re. Et ensuite, il y a le saut.\u00a0\u00bb \u00c0 38 m\u00e8tres de hauteur, l\u2019entr\u00e9e dans l\u2019eau \u00e9quivaut \u00e0 une vitesse proche de 100\u00a0km\/h, &#8211; selon le calcul de la vitesse th\u00e9orique d\u2019un corps en chute libre, sans vitesse initiale et en ne tenant pas compte des forces de frottement atmosph\u00e9rique mais(&#8230;)<\/p>\n<p><a href=\"https:\/\/www.20minutes.fr\/societe\/4169432-20250825-lyon-comportement-inadmissible-pourquoi-dangereux-stupide-sauter-pont?at_medium=RSS%20feed&amp;at_campaign=ynews&amp;utm_source=yahoo&amp;utm_medium=rss&amp;utm_campaign=news_feed&amp;utm_content=read_more_link&quot;\" rel=\"nofollow noopener\" target=\"_blank\" data-ylk=\"slk:Lire la suite sur 20minutes;elm:context_link;itc:0;sec:content-canvas\" class=\"link \">Lire la suite sur 20minutes<\/a><\/p>\n<p>\u00c0 lire aussi :<br \/><a href=\"https:\/\/www.20minutes.fr\/faits_divers\/4168419-20250818-val-marne-ado-trouve-mort-baignant-amis-marne?at_medium=RSS%20feed&amp;at_campaign=ynews&amp;utm_source=yahoo&amp;utm_medium=rss&amp;utm_campaign=news_feed&amp;utm_content=related_content_link\" rel=\"nofollow noopener\" target=\"_blank\" data-ylk=\"slk:Val-de-Marne\u00a0: Un ado trouve la mort en se baignant avec des amis dans la Marne;elm:context_link;itc:0;sec:content-canvas\" class=\"link \">Val-de-Marne\u00a0: Un ado trouve la mort en se baignant avec des amis dans la Marne<\/a><br \/><a href=\"https:\/\/www.20minutes.fr\/faits_divers\/4160150-20250624-tarn-jeune-16-ans-noie-riviere-cours-baignade-entre-copains?at_medium=RSS%20feed&amp;at_campaign=ynews&amp;utm_source=yahoo&amp;utm_medium=rss&amp;utm_campaign=news_feed&amp;utm_content=related_content_link\" rel=\"nofollow noopener\" target=\"_blank\" data-ylk=\"slk:Tarn\u00a0: Un jeune de 16 ans se noie dans la rivi\u00e8re au cours d\u2019une baignade entre copains;elm:context_link;itc:0;sec:content-canvas\" class=\"link \">Tarn\u00a0: Un jeune de 16 ans se noie dans la rivi\u00e8re au cours d\u2019une baignade entre copains<\/a><\/p>\n","protected":false},"excerpt":{"rendered":"RAPPEL &#8211; \u00c0 Lyon, un homme a saut\u00e9 de 38 m\u00e8tres de haut dans la Sa\u00f4ne depuis la&hellip;\n","protected":false},"author":2,"featured_media":343357,"comment_status":"","ping_status":"","sticky":false,"template":"","format":"standard","meta":{"footnotes":""},"categories":[1889],"tags":[1111,11,2430,1777,674,1011,27,47924,2428,47923,12,25,21151],"class_list":{"0":"post-343356","1":"post","2":"type-post","3":"status-publish","4":"format-standard","5":"has-post-thumbnail","7":"category-lyon","8":"tag-actu","9":"tag-actualites","10":"tag-auvergne-rhone-alpes","11":"tag-eu","12":"tag-europe","13":"tag-fr","14":"tag-france","15":"tag-guillaume-lamy","16":"tag-lyon","17":"tag-maire-de-lyon","18":"tag-news","19":"tag-republique-francaise","20":"tag-saone"},"share_on_mastodon":{"url":"https:\/\/pubeurope.com\/@fr\/115090650755784646","error":""},"_links":{"self":[{"href":"https:\/\/www.europesays.com\/fr\/wp-json\/wp\/v2\/posts\/343356","targetHints":{"allow":["GET"]}}],"collection":[{"href":"https:\/\/www.europesays.com\/fr\/wp-json\/wp\/v2\/posts"}],"about":[{"href":"https:\/\/www.europesays.com\/fr\/wp-json\/wp\/v2\/types\/post"}],"author":[{"embeddable":true,"href":"https:\/\/www.europesays.com\/fr\/wp-json\/wp\/v2\/users\/2"}],"replies":[{"embeddable":true,"href":"https:\/\/www.europesays.com\/fr\/wp-json\/wp\/v2\/comments?post=343356"}],"version-history":[{"count":0,"href":"https:\/\/www.europesays.com\/fr\/wp-json\/wp\/v2\/posts\/343356\/revisions"}],"wp:featuredmedia":[{"embeddable":true,"href":"https:\/\/www.europesays.com\/fr\/wp-json\/wp\/v2\/media\/343357"}],"wp:attachment":[{"href":"https:\/\/www.europesays.com\/fr\/wp-json\/wp\/v2\/media?parent=343356"}],"wp:term":[{"taxonomy":"category","embeddable":true,"href":"https:\/\/www.europesays.com\/fr\/wp-json\/wp\/v2\/categories?post=343356"},{"taxonomy":"post_tag","embeddable":true,"href":"https:\/\/www.europesays.com\/fr\/wp-json\/wp\/v2\/tags?post=343356"}],"curies":[{"name":"wp","href":"https:\/\/api.w.org\/{rel}","templated":true}]}}