{"id":343368,"date":"2025-08-25T17:52:10","date_gmt":"2025-08-25T17:52:10","guid":{"rendered":"https:\/\/www.europesays.com\/fr\/343368\/"},"modified":"2025-08-25T17:52:10","modified_gmt":"2025-08-25T17:52:10","slug":"le-ministere-de-la-sante-met-en-lumiere-le-parcours-dune-medecin-marocaine-a-novokouznetsk","status":"publish","type":"post","link":"https:\/\/www.europesays.com\/fr\/343368\/","title":{"rendered":"Le minist\u00e8re de la Sant\u00e9 met en lumi\u00e8re le parcours d&rsquo;une m\u00e9decin marocaine \u00e0 Novokouznetsk"},"content":{"rendered":"<p>Le minist\u00e8re russe de la Sant\u00e9 a mis en avant la carri\u00e8re d&rsquo;une m\u00e9decin marocaine nomm\u00e9e Lobna Mlouki, originaire de la ville d&rsquo;Oujda, qui a r\u00e9cemment rejoint un h\u00f4pital dans la ville de Novokouznetsk.<\/p>\n<p>Selon une d\u00e9claration du <a href=\"https:\/\/minzdrav.gov.ru\/regional_news\/27080-vrach-iz-marokko-lechit-patsientov-v-kuzbasskoy-poliklinike\" target=\"_blank\" rel=\"nofollow noopener\">d\u00e9partement<\/a>, la praticienne s&rsquo;est install\u00e9e jeune en Russie, pour poursuivre ses \u00e9tudes de m\u00e9decine apr\u00e8s avoir rencontr\u00e9 des difficult\u00e9s au Maroc. Elle a suivi sa formation acad\u00e9mique \u00e0 l&rsquo;Universit\u00e9 nationale de recherche de Belgorod, apr\u00e8s avoir appris le russe \u00e0 Voronej. Elle a ensuite poursuivi sa carri\u00e8re professionnelle dans plusieurs h\u00f4pitaux \u00e0 Saint-P\u00e9tersbourg et \u00e0 Kaliningrad avant de s&rsquo;\u00e9tablir \u00e0 Novokouznetsk.<\/p>\n<p>La m\u00e9decin marocaine a exprim\u00e9 sa satisfaction quant \u00e0 l&rsquo;environnement professionnel favorable qu&rsquo;elle a trouv\u00e9 en Russie, appr\u00e9ciant la coop\u00e9ration de ses coll\u00e8gues et l&rsquo;esprit d&rsquo;\u00e9quipe au sein du personnel m\u00e9dical. Elle a affirm\u00e9 s&rsquo;\u00eatre pleinement int\u00e9gr\u00e9e dans la soci\u00e9t\u00e9 russe et cherche actuellement \u00e0 obtenir la citoyennet\u00e9 russe.<\/p>\n<p>Le minist\u00e8re de la Sant\u00e9 a soulign\u00e9 que cette exp\u00e9rience refl\u00e8te l&rsquo;ouverture et l&rsquo;attrait du syst\u00e8me de sant\u00e9 russe et renforce l&rsquo;\u00e9change d&rsquo;expertise avec des professionnels de la sant\u00e9 de pays amis, contribuant \u00e0 l&rsquo;am\u00e9lioration de la qualit\u00e9 des services de sant\u00e9 offerts aux citoyens.<\/p>\n","protected":false},"excerpt":{"rendered":"Le minist\u00e8re russe de la Sant\u00e9 a mis en avant la carri\u00e8re d&rsquo;une m\u00e9decin marocaine nomm\u00e9e Lobna Mlouki,&hellip;\n","protected":false},"author":2,"featured_media":343369,"comment_status":"","ping_status":"","sticky":false,"template":"","format":"standard","meta":{"footnotes":""},"categories":[1591],"tags":[11,1887,12,1885,1886,132],"class_list":{"0":"post-343368","1":"post","2":"type-post","3":"status-publish","4":"format-standard","5":"has-post-thumbnail","7":"category-russie","8":"tag-actualites","9":"tag-federation-de-russie","10":"tag-news","11":"tag-russia","12":"tag-russian-federation","13":"tag-russie"},"share_on_mastodon":{"url":"https:\/\/pubeurope.com\/@fr\/115090682260401488","error":""},"_links":{"self":[{"href":"https:\/\/www.europesays.com\/fr\/wp-json\/wp\/v2\/posts\/343368","targetHints":{"allow":["GET"]}}],"collection":[{"href":"https:\/\/www.europesays.com\/fr\/wp-json\/wp\/v2\/posts"}],"about":[{"href":"https:\/\/www.europesays.com\/fr\/wp-json\/wp\/v2\/types\/post"}],"author":[{"embeddable":true,"href":"https:\/\/www.europesays.com\/fr\/wp-json\/wp\/v2\/users\/2"}],"replies":[{"embeddable":true,"href":"https:\/\/www.europesays.com\/fr\/wp-json\/wp\/v2\/comments?post=343368"}],"version-history":[{"count":0,"href":"https:\/\/www.europesays.com\/fr\/wp-json\/wp\/v2\/posts\/343368\/revisions"}],"wp:featuredmedia":[{"embeddable":true,"href":"https:\/\/www.europesays.com\/fr\/wp-json\/wp\/v2\/media\/343369"}],"wp:attachment":[{"href":"https:\/\/www.europesays.com\/fr\/wp-json\/wp\/v2\/media?parent=343368"}],"wp:term":[{"taxonomy":"category","embeddable":true,"href":"https:\/\/www.europesays.com\/fr\/wp-json\/wp\/v2\/categories?post=343368"},{"taxonomy":"post_tag","embeddable":true,"href":"https:\/\/www.europesays.com\/fr\/wp-json\/wp\/v2\/tags?post=343368"}],"curies":[{"name":"wp","href":"https:\/\/api.w.org\/{rel}","templated":true}]}}