{"id":343374,"date":"2025-08-25T17:55:12","date_gmt":"2025-08-25T17:55:12","guid":{"rendered":"https:\/\/www.europesays.com\/fr\/343374\/"},"modified":"2025-08-25T17:55:12","modified_gmt":"2025-08-25T17:55:12","slug":"le-gouvernement-travailliste-subit-la-colere-anti-migrants","status":"publish","type":"post","link":"https:\/\/www.europesays.com\/fr\/343374\/","title":{"rendered":"le gouvernement travailliste subit la col\u00e8re anti-migrants"},"content":{"rendered":"<p>Bristol, Exeter, Tamworth, Cannock, Nuneaton, Liverpool, Wakefield, Horley, Canary Wharf. Toutes ces villes anglaises ont accueilli une \u00e9ni\u00e8me vague de manifestations contre les h\u00f4tels h\u00e9bergeant des demandeurs d\u2019asile, ce week-end. Avec des slogans de plus en plus d\u00e9complex\u00e9s comme \u00ab\u00a0All I want for Christmas is mass deportation\u00a0\u00bb (\u00ab\u00a0tout ce que je veux pour No\u00ebl, ce sont des expulsions de masse\u00a0\u00bb). Pris dans une crise dont il a en partie h\u00e9rit\u00e9, le gouvernement de <a href=\"https:\/\/www.la-croix.com\/international\/immigration-au-royaume-uni-l-approche-musclee-des-travaillistes-20250304\" data-tracking=\"inpage_click\" data-tracking-action=\"suivre un lien dans l&#039;article\" data-tracking-category=\"engagement\" rel=\"nofollow noopener\" target=\"_blank\">Keir Starmer<\/a> semble de plus en plus dans l\u2019impasse.<\/p>\n<p>D\u2019autant qu\u2019une br\u00e8che en faveur des manifestants a \u00e9t\u00e9 ouverte la semaine derni\u00e8re\u00a0: un juge a donn\u00e9 raison \u00e0 la localit\u00e9 d\u2019Epping (nord-est de Londres), \u00e9picentre de la contestation depuis les poursuites engag\u00e9es contre un demandeur d\u2019asile accus\u00e9 de violences sexuelles sur une adolescente de 14\u00a0ans, en ordonnant la fermeture d\u2019un h\u00f4tel accueillant des personnes migrantes. Depuis, plusieurs dizaines de communes aux mains du parti conservateur ou du parti d\u2019extr\u00eame droite <a href=\"https:\/\/www.la-croix.com\/international\/le-yookay-outil-d-exploitation-du-mal-etre-britannique-20250801\" data-tracking=\"inpage_click\" data-tracking-action=\"suivre un lien dans l&#039;article\" data-tracking-category=\"engagement\" rel=\"nofollow noopener\" target=\"_blank\">Reform UK<\/a> se disent pr\u00eates \u00e0 lui embo\u00eeter le pas.<\/p>\n<p>Cette d\u00e9cision pourrait \u00ab\u00a0significativement\u00a0\u00bb affecter la capacit\u00e9 du gouvernement \u00e0 h\u00e9berger des demandeurs d\u2019asile, selon le minist\u00e8re de l\u2019Int\u00e9rieur. Pourtant, en vertu de la loi sur l\u2019Immigration et l\u2019Asile de 1999, ce dernier est tenu de fournir un logement et une aide \u00e0 la subsistance \u00e0 tout demandeur d\u2019asile d\u00e9muni le temps que sa demande soit examin\u00e9e.<\/p>\n<p>32\u00a0000 demandeurs d\u2019asile dans des h\u00f4tels<\/p>\n<p>D\u00e9pass\u00e9s par les travers\u00e9es de la Manche apr\u00e8s le Brexit en 2020, les gouvernements conservateurs se sont de plus en plus repos\u00e9s sur les h\u00f4tels pour accueillir les demandeurs d\u2019asile. En juin dernier, 200 h\u00f4tels \u00e9taient utilis\u00e9s pour loger 32\u00a0000 migrants \u00e0 l\u2019\u00e9chelle de l\u2019Angleterre et du pays de Galles. C\u2019est moins que le record atteint en 2023 lorsque 56\u00a0000 demandeurs occupaient des chambres. En plus de ne pas \u00eatre adapt\u00e9s aux besoins des b\u00e9n\u00e9ficiaires, ces h\u00f4tels repr\u00e9sentent un vrai co\u00fbt pour l\u2019\u00c9tat\u00a0: leur location a co\u00fbt\u00e9 5,4\u00a0milliards d\u2019euros au contribuable entre 2023 et 2024, augmentant le ressentiment d\u2019une certaine partie de la population.<\/p>\n<p>Le Parti travailliste a promis de mettre fin \u00e0 l\u2019utilisation d\u2019h\u00f4tels pour h\u00e9berger les demandeurs d\u2019asile d\u2019ici 2029 en r\u00e9duisant les travers\u00e9es des embarcations, notamment par le <a href=\"https:\/\/www.la-croix.com\/politique\/macron-au-royaume-uni-paris-et-londres-s-accordent-sur-un-projet-dechange-de-migrants-20250710\" data-tracking=\"inpage_click\" data-tracking-action=\"suivre un lien dans l&#039;article\" data-tracking-category=\"engagement\" rel=\"nofollow noopener\" target=\"_blank\">nouvel accord migratoire avec la France<\/a>, et en construisant de nouveaux logements appartenant au gouvernement. \u00ab\u00a0Le gouvernement travailliste ne cesse d\u2019expliquer qu\u2019il r\u00e9cup\u00e8re le syst\u00e8me fabriqu\u00e9 par les gouvernements conservateurs pr\u00e9c\u00e9dents, mais apr\u00e8s une ann\u00e9e au pouvoir, c\u2019est \u00e0 lui de proposer une solution \u00e0 la crise\u00a0\u00bb, analyse Alma-Pierre Bonnet, ma\u00eetre de conf\u00e9rences en civilisation britannique \u00e0 l\u2019Universit\u00e9 Lyon 3.<\/p>\n<p>\u00abUn sujet parmi d\u2019autres\u00bb<\/p>\n<p>Une solution, certes, mais laquelle\u00a0? Dans l\u2019impasse, le gouvernement est actuellement \u00e0 la recherche de 5\u00a0000 logements pour loger 20\u00a0000 demandeurs d\u2019asile. Cela pourrait passer par l\u2019achat ou la location de biens vacants \u00e0 des municipalit\u00e9s mais aussi des immeubles ou des r\u00e9sidences \u00e9tudiantes d\u00e9saffect\u00e9s.<\/p>\n<p>En attendant, cette crise fait l\u2019affaire de l\u2019extr\u00eame droite, largement en t\u00eate des derniers sondages, tandis que le parti conservateur semble accompagner ce mouvement. \u00ab\u00a0La droite s\u2019est largement saisie de la question de l\u2019immigration en reprenant les positions du parti Reform UK. Aujourd\u2019hui, ce dernier dit\u00a0: pourquoi voter pour la copie alors que vous pouvez avoir l\u2019original\u00a0?\u00a0\u00bb, explique Alma-Pierre Bonnet avant de rappeler que, derri\u00e8re ces manifestations, \u00ab\u00a0la question de l\u2019immigration n\u2019est, pour une majorit\u00e9 silencieuse, qu\u2019un sujet parmi d\u2019autres, comme le d\u00e9clin du syst\u00e8me de sant\u00e9 et de l\u2019\u00e9conomie qui pr\u00e9occupent tout autant\u00a0\u00bb.<\/p>\n","protected":false},"excerpt":{"rendered":"Bristol, Exeter, Tamworth, Cannock, Nuneaton, Liverpool, Wakefield, Horley, Canary Wharf. Toutes ces villes anglaises ont accueilli une \u00e9ni\u00e8me&hellip;\n","protected":false},"author":2,"featured_media":343375,"comment_status":"","ping_status":"","sticky":false,"template":"","format":"standard","meta":{"footnotes":""},"categories":[1588],"tags":[11,1777,674,12,473,1853,1851,1850,1852],"class_list":{"0":"post-343374","1":"post","2":"type-post","3":"status-publish","4":"format-standard","5":"has-post-thumbnail","7":"category-royaume-uni","8":"tag-actualites","9":"tag-eu","10":"tag-europe","11":"tag-news","12":"tag-royaume-uni","13":"tag-royaume-uni-de-grande-bretagne-et-dirlande-du-nord","14":"tag-uk","15":"tag-united-kingdom","16":"tag-united-kingdom-of-great-britain-and-northern-ireland"},"share_on_mastodon":{"url":"https:\/\/pubeurope.com\/@fr\/115090694327242343","error":""},"_links":{"self":[{"href":"https:\/\/www.europesays.com\/fr\/wp-json\/wp\/v2\/posts\/343374","targetHints":{"allow":["GET"]}}],"collection":[{"href":"https:\/\/www.europesays.com\/fr\/wp-json\/wp\/v2\/posts"}],"about":[{"href":"https:\/\/www.europesays.com\/fr\/wp-json\/wp\/v2\/types\/post"}],"author":[{"embeddable":true,"href":"https:\/\/www.europesays.com\/fr\/wp-json\/wp\/v2\/users\/2"}],"replies":[{"embeddable":true,"href":"https:\/\/www.europesays.com\/fr\/wp-json\/wp\/v2\/comments?post=343374"}],"version-history":[{"count":0,"href":"https:\/\/www.europesays.com\/fr\/wp-json\/wp\/v2\/posts\/343374\/revisions"}],"wp:featuredmedia":[{"embeddable":true,"href":"https:\/\/www.europesays.com\/fr\/wp-json\/wp\/v2\/media\/343375"}],"wp:attachment":[{"href":"https:\/\/www.europesays.com\/fr\/wp-json\/wp\/v2\/media?parent=343374"}],"wp:term":[{"taxonomy":"category","embeddable":true,"href":"https:\/\/www.europesays.com\/fr\/wp-json\/wp\/v2\/categories?post=343374"},{"taxonomy":"post_tag","embeddable":true,"href":"https:\/\/www.europesays.com\/fr\/wp-json\/wp\/v2\/tags?post=343374"}],"curies":[{"name":"wp","href":"https:\/\/api.w.org\/{rel}","templated":true}]}}