{"id":343386,"date":"2025-08-25T18:01:15","date_gmt":"2025-08-25T18:01:15","guid":{"rendered":"https:\/\/www.europesays.com\/fr\/343386\/"},"modified":"2025-08-25T18:01:15","modified_gmt":"2025-08-25T18:01:15","slug":"stephane-peu-la-realite-cest-que-le-macronisme-affaiblit-la-france","status":"publish","type":"post","link":"https:\/\/www.europesays.com\/fr\/343386\/","title":{"rendered":"St\u00e9phane Peu\u00a0: \u00ab\u00a0La r\u00e9alit\u00e9, c\u2019est que le macronisme affaiblit la France\u00a0\u00bb"},"content":{"rendered":"<p class=\"wp-block-huma-question\">Selon vous, que cherche \u00e0 faire Fran\u00e7ois Bayrou en provoquant un vote de confiance d\u00e8s le 8\u00a0septembre au Parlement\u00a0?<\/p>\n<p>Le premier ministre aime convoquer Pierre Mend\u00e8s\u00a0France pour se complaire dans une attitude de martyr qui dit la v\u00e9rit\u00e9 au pays seul contre tous. Mais cela ne fonctionne pas, car <a href=\"https:\/\/www.humanite.fr\/politique\/austerite\/avant-la-conference-de-presse-de-francois-bayrou-quelles-sont-les-principales-mesures-de-son-budget-austeritaire\" target=\"_blank\" rel=\"noopener\">Fran\u00e7ois Bayrou essaie de mettre du panache l\u00e0 o\u00f9 il n\u2019a en r\u00e9alit\u00e9 qu\u2019un comportement de paillasson<\/a> vis-\u00e0-vis du patronat et des milieux financiers. Au fond, ce que dit le chef du gouvernement, c\u2019est qu\u2019il n\u2019y a qu\u2019une seule v\u00e9rit\u00e9, la sienne, et qu\u2019il repartira dans ses montagnes si les Fran\u00e7ais ne sont pas capables de la comprendre. <\/p>\n<p>J\u2019ai le sentiment qu\u2019<a href=\"https:\/\/www.humanite.fr\/monde\/diplomatie-francaise\/reconnaissance-de-la-palestine-guerre-en-ukraine-emmanuel-macron-sous-le-feux-des-allies-de-la-france\" target=\"_blank\" rel=\"noopener\">Emmanuel Macron<\/a> veut pousser tous les feux de sa politique ultralib\u00e9rale pour rendre en 2027 une copie parfaite aux milieux \u00e9conomiques qui l\u2019ont fait \u00e9lire. Mais comme le pays ne veut pas de sa potion compos\u00e9e <a href=\"https:\/\/www.humanite.fr\/social-et-economie\/1er-mai\/jours-feries-reste-a-charge-conges-payes-et-services-publics-quatre-mesures-symboles-de-la-politique-de-classe-de-bayrou\" target=\"_blank\" rel=\"noopener\">d\u2019aust\u00e9rit\u00e9 aggrav\u00e9e pour les services publics, de jours f\u00e9ri\u00e9s en moins<\/a>, de suppressions de remboursement pour certains soins et m\u00e9dicaments, alors le premier ministre se livre \u00e0 un \u00e9ni\u00e8me chantage au surendettement du pays, dans une posture sacrificielle et en cherchant \u00e0 prendre la France \u00e0 t\u00e9moin. <\/p>\n<p>Ce qui me frappe, c\u2019est qu\u2019il le fait avec un m\u00e9pris immense pour les Fran\u00e7ais, qu\u2019il accuse d\u2019\u00eatre responsables de la dette et m\u00eame d\u2019\u00eatre incapables de comprendre la gravit\u00e9 de la situation.<\/p>\n<p class=\"wp-block-huma-question\">Que feront les d\u00e9put\u00e9s communistes lors du vote de confiance du 8\u00a0septembre\u00a0?<\/p>\n<p>Il n\u2019y a aucun doute sur le fait que nous voterons contre la confiance \u00e0 un gouvernement qui prend les Fran\u00e7ais\u00a0pour des imb\u00e9ciles et qui entend pers\u00e9v\u00e9rer dans une politique qui a \u00e9chou\u00e9. Fran\u00e7ois Bayrou demande un vote de confiance sur un constat, celui du danger de la dette et de la n\u00e9cessit\u00e9 de faire des \u00e9conomies, et pr\u00e9tend qu\u2019il sera ensuite possible de discuter. Mais la confiance ne peut pas s\u2019accorder sur la simple base d\u2019un\u00a0constat, elle s\u2019obtient devant une proposition politique\u00a0! <\/p>\n<p>Et nous savons tr\u00e8s bien quels sont les projets de la Macronie, qui multiplie les 49.3 et se montre depuis 2017 incapable d\u2019\u00e9couter les propositions alternatives \u00e0 son projet. Personne ne dit que la dette n\u2019est pas un probl\u00e8me, et nous n\u2019avons d\u2019ailleurs jamais cess\u00e9 de proposer les pistes les plus justes et efficaces pour la r\u00e9duire. <\/p>\n<p>Mais elles ont toujours \u00e9t\u00e9 rejet\u00e9es par la Macronie qui veut faire payer la note aux Fran\u00e7ais. Nous sommes toujours pr\u00eats \u00e0 d\u00e9battre des mesures \u00e0 prendre, mais pas en accordant la confiance, avant m\u00eame la discussion budg\u00e9taire, \u00e0 un gouvernement qui s\u2019enferme dans l\u2019\u00e9chec et l\u2019injustice <a href=\"https:\/\/www.humanite.fr\/social-et-economie\/budget\/taxe-zucman-pour-en-finir-avec-le-privilege-fiscal-des-ultrariches\" target=\"_blank\" rel=\"noopener\">au service des plus riches<\/a>.<\/p>\n<p class=\"wp-block-huma-question\">L\u2019ex\u00e9cutif cherche-t-il \u00e0 affaiblir la mobilisation du 10\u00a0septembre en convoquant le Parlement deux jours avant\u00a0?<\/p>\n<p>Le gouvernement se trompe s\u2019il croit d\u00e9samorcer le niveau de col\u00e8re historique dans le pays. L\u2019annonce du prochain budget, en juillet, a constitu\u00e9 une d\u00e9claration de guerre sociale. Le tout, alors que cela craque de partout, dans les \u00e9coles et les h\u00f4pitaux, et que le coup de force antid\u00e9mocratique de la r\u00e9forme des retraites n\u2019a pas \u00e9t\u00e9 dig\u00e9r\u00e9. On nous parle d\u2019une \u00e9ni\u00e8me r\u00e9forme de l\u2019assurance-ch\u00f4mage et de fusionner les aides sociales pour faire la chasse aux soi-disant fraudeurs. <\/p>\n<p>Pendant ce temps, le rapport s\u00e9natorial de notre coll\u00e8gue Fabien Gay a permis d\u2019\u00e9valuer \u00e0 <a href=\"https:\/\/www.humanite.fr\/politique\/budget\/211-milliards-daides-publiques-aux-entreprises-pourquoi-le-gouvernement-ne-sait-plus-compter\" target=\"_blank\" rel=\"noopener\">211\u00a0milliards d\u2019euros la somme des aides publiques vers\u00e9es sans contrepartie aux entreprises<\/a>. Le gouvernement pr\u00e9f\u00e8re regarder ailleurs, et refuse encore et toujours de revenir sur les cadeaux fiscaux qu\u2019il a offerts aux plus fortun\u00e9s. Il y a donc logiquement un grand sentiment d\u2019injustice, et ce n\u2019est pas la tirade lunaire de Fran\u00e7ois Bayrou sur l\u2019avenir de nos enfants qui y changera quelque chose.<\/p>\n<p class=\"wp-block-huma-question\">\u00c0 quel d\u00e9bat public vous attendez-vous dans les jours qui viennent\u00a0?<\/p>\n<p>Les macronistes vont faire peser de toutes leurs forces le risque de l\u2019instabilit\u00e9, mais personne ne veut d\u2019une stabilit\u00e9 qui se traduirait par la poursuite de cette politique injuste, r\u00e9cessive et inefficace. La r\u00e9alit\u00e9, c\u2019est que le macronisme affaiblit la France. Nous venons de passer sous les 10\u00a0% de part de l\u2019industrie dans le PIB. La pauvret\u00e9 n\u2019a jamais \u00e9t\u00e9 aussi \u00e9lev\u00e9e depuis trente\u00a0ans en pourcentage et en chiffre absolu. <\/p>\n<p>Il n\u2019y a rien qui va. La potion lib\u00e9rale et de casse sociale inocul\u00e9e au pays va \u00e0 l\u2019encontre de notre contrat social et de tout ce qui fait sa singularit\u00e9. Le camp au pouvoir tente de faire croire qu\u2019il est le plus lucide et courageux, que tous les autres sont des irresponsables. \u00c0 nous, <a href=\"https:\/\/www.humanite.fr\/politique\/10-septembre\/budget-2026-la-gauche-prepare-la-mobilisation-du-10-septembre-contre-le-plan-dausterite-de-francois-bayrou\" target=\"_blank\" rel=\"noopener\">\u00e0 la gauche<\/a>, aux communistes, qui viennent de pr\u00e9senter un plan de relance cr\u00e9dible de 500\u00a0milliards d\u2019euros pour pr\u00e9parer le pays aux d\u00e9fis de l\u2019avenir, de ne rien l\u00e2cher pour montrer qu\u2019un autre chemin est possible.<\/p>\n<p><strong>Aux c\u00f4t\u00e9s de celles et ceux qui luttent\u00a0!<\/strong><\/p>\n<p>L\u2019urgence sociale, c\u2019est chaque jour la priorit\u00e9 de l\u2019Humanit\u00e9.\u00a0<\/p>\n<ul class=\"wp-block-list\">\n<li>En exposant la violence patronale.\u00a0<\/li>\n<\/ul>\n<ul class=\"wp-block-list\">\n<li>En montrant ce que vivent celles et ceux qui travaillent et ceux qui aspirent \u00e0 le faire.\u00a0<\/li>\n<\/ul>\n<ul class=\"wp-block-list\">\n<li>En donnant des cl\u00e9s de compr\u00e9hension et des outils aux salari\u00e9.es pour se d\u00e9fendre contre les politiques ultralib\u00e9rales qui d\u00e9gradent leur qualit\u00e9 de vie.\u00a0<\/li>\n<\/ul>\n<p><strong>Vous connaissez d\u2019autres m\u00e9dias qui font \u00e7a\u202f?\u00a0\u00a0<\/strong><br \/><a href=\"https:\/\/www.humanite.fr\/lhumanite-cest-vous\" target=\"_blank\" rel=\"noopener\">Je veux en savoir plus\u00a0!<\/a><\/p>\n","protected":false},"excerpt":{"rendered":"Selon vous, que cherche \u00e0 faire Fran\u00e7ois Bayrou en provoquant un vote de confiance d\u00e8s le 8\u00a0septembre au&hellip;\n","protected":false},"author":2,"featured_media":343387,"comment_status":"","ping_status":"","sticky":false,"template":"","format":"standard","meta":{"footnotes":""},"categories":[4],"tags":[11,6428,1003,1073,1011,27,15763,418,12,25,47925],"class_list":{"0":"post-343386","1":"post","2":"type-post","3":"status-publish","4":"format-standard","5":"has-post-thumbnail","7":"category-france","8":"tag-actualites","9":"tag-assemblu00e9e-nationale","10":"tag-budget","11":"tag-emmanuel-macron","12":"tag-fr","13":"tag-france","14":"tag-franu00e7ois-bayrou","15":"tag-gouvernement","16":"tag-news","17":"tag-republique-francaise","18":"tag-stu00e9phane-peu"},"share_on_mastodon":{"url":"https:\/\/pubeurope.com\/@fr\/115090717688799495","error":""},"_links":{"self":[{"href":"https:\/\/www.europesays.com\/fr\/wp-json\/wp\/v2\/posts\/343386","targetHints":{"allow":["GET"]}}],"collection":[{"href":"https:\/\/www.europesays.com\/fr\/wp-json\/wp\/v2\/posts"}],"about":[{"href":"https:\/\/www.europesays.com\/fr\/wp-json\/wp\/v2\/types\/post"}],"author":[{"embeddable":true,"href":"https:\/\/www.europesays.com\/fr\/wp-json\/wp\/v2\/users\/2"}],"replies":[{"embeddable":true,"href":"https:\/\/www.europesays.com\/fr\/wp-json\/wp\/v2\/comments?post=343386"}],"version-history":[{"count":0,"href":"https:\/\/www.europesays.com\/fr\/wp-json\/wp\/v2\/posts\/343386\/revisions"}],"wp:featuredmedia":[{"embeddable":true,"href":"https:\/\/www.europesays.com\/fr\/wp-json\/wp\/v2\/media\/343387"}],"wp:attachment":[{"href":"https:\/\/www.europesays.com\/fr\/wp-json\/wp\/v2\/media?parent=343386"}],"wp:term":[{"taxonomy":"category","embeddable":true,"href":"https:\/\/www.europesays.com\/fr\/wp-json\/wp\/v2\/categories?post=343386"},{"taxonomy":"post_tag","embeddable":true,"href":"https:\/\/www.europesays.com\/fr\/wp-json\/wp\/v2\/tags?post=343386"}],"curies":[{"name":"wp","href":"https:\/\/api.w.org\/{rel}","templated":true}]}}