{"id":343396,"date":"2025-08-25T18:07:12","date_gmt":"2025-08-25T18:07:12","guid":{"rendered":"https:\/\/www.europesays.com\/fr\/343396\/"},"modified":"2025-08-25T18:07:12","modified_gmt":"2025-08-25T18:07:12","slug":"aujourdhui-je-me-suis-reconnu-enfin-du-positif-pour-bagnaia","status":"publish","type":"post","link":"https:\/\/www.europesays.com\/fr\/343396\/","title":{"rendered":"\u00ab Aujourd&rsquo;hui, je me suis reconnu \u00bb : Enfin du positif pour Bagnaia"},"content":{"rendered":"<p>Double champion du monde en 2022 et 2023, deuxi\u00e8me du championnat l\u2019an dernier derri\u00e8re Jorge Mart\u00edn, Pecco Bagnaia traine sa peine depuis le d\u00e9but d\u2019une saison outrageusement domin\u00e9e par son \u00e9quipier Marc M\u00e1rquez. D\u00e9sormais sous la menace de Marco Bezzecchi pour la troisi\u00e8me place du championnat, Bagnaia aurait pu une nouvelle fois appara\u00eetre d\u00e9\u00e7u devant les m\u00e9dias, dont AUTOhebdo, \u00e0 l\u2019issue d\u2019un Grand Prix boucl\u00e9 en neuvi\u00e8me position.<\/p>\n<p>Pourtant, c\u2019est tout l\u2019inverse qui s\u2019est produit, Bagnaia expliquant avoir enfin ressenti de bonnes choses au niveau de sa Ducati Demosedici GP25. Parti \u00e0 la faute \u00e0 deux reprises lors du Grand Prix, l\u2019Italien a expliqu\u00e9 que ces fautes \u00e9taient d\u00fb \u00e0 ce qui pourrait s\u2019apparenter \u00e0 un exc\u00e8s de gourmandise.<\/p>\n<p>\u00ab Je suis assez heureux, en fait. Pas du r\u00e9sultat, mais des sensations sur la moto. J\u2019\u00e9tais capable de piloter ma moto, et pas de me laisser balader par elle. C\u2019\u00e9tait une bonne course au niveau des sensations. Je suis all\u00e9 large deux fois, car je me sentais tellement bien que j\u2019essayais de forcer encore plus pour la premi\u00e8re fois. J\u2019ai frein\u00e9 trop tard, et c\u2019est bon signe. \u00bb<\/p>\n<p>Habituellement d\u00e9moniaque sur les zones de freinage, surtout lors de ses deux saisons couronn\u00e9es de succ\u00e8s, Bagnaia ne retrouvait pas ses sensations en entr\u00e9e de courbe depuis le d\u00e9but de la saison. En cons\u00e9quence, le Turinois devait se r\u00e9fr\u00e9ner sur les zones d\u2019entr\u00e9e de virages, perdant de pr\u00e9cieux dixi\u00e8mes. Sur le Balaton Park, le n\u00b063 n\u2019a cess\u00e9 de se sentir de plus en plus en contr\u00f4le au fil des tours.<\/p>\n<p>\u00ab C\u2019est sur l\u2019entr\u00e9e des virages que nous nous sommes am\u00e9lior\u00e9s. D\u00e8s samedi, je me sentais un peu mieux et j\u2019ai donc dit \u00e0 mon \u00e9quipe que nous faisions un bon pas en avant. En Grand Prix, je me sentais de mieux en mieux tour apr\u00e8s tour. Malheureusement, nous n\u2019avons pas pu faire le warm-up \u00e0 cause de soucis, mais j\u2019ai d\u00e9but\u00e9 la course avec l\u2019esprit ouvert. J\u2019ai pris un bon d\u00e9part, j\u2019ai voulu m\u2019habituer \u00e0 la moto, et tour par tour, les sensations \u00e9taient meilleures. J\u2019ai refait une erreur dans le dernier tour, mais sans cette faute j\u2019aurais r\u00e9alis\u00e9 mon meilleur tour de la course au dernier passage, car je me sentais vraiment de mieux en mieux. \u00bb<\/p>\n<p>Bagnaia convaincu d\u2019\u00eatre dans la bonne direction<\/p>\n<p>Toutefois, ce n\u2019est pas la premi\u00e8re fois cette saison que Francesco Bagnaia a sembl\u00e9 retrouver sa vitesse d\u2019antan, le tout sans r\u00e9ellement se confirmer sur les manches suivantes. L\u2019Italien estime cependant que cette fois, ce changement pourrait \u00eatre p\u00e9renne, \u00e9tant donn\u00e9 qu\u2019il a pu effectuer de fortes modifications sur les r\u00e9glages de sa Ducati.<\/p>\n<p>\u00ab Ce n\u2019\u00e9tait pas un l\u00e9ger changement, c\u2019\u00e9tait vraiment un changement majeur dans les r\u00e9glages de la moto. Heureusement, c\u2019\u00e9tait dans une bonne direction, j\u2019ai directement senti que le potentiel \u00e9tait l\u00e0. Nous d\u00e9buterons le week-end \u00e0 Barcelone avec le m\u00eame r\u00e9glage et je vais continuer de travailler dessus. Nous verrons si \u00e7a ira mieux ou non, mais j\u2019en suis vraiment convaincu. Aujourd\u2019hui, je me suis reconnu. \u00bb<\/p>\n<p><strong>\u00c0 LIRE AUSSI &gt; <a href=\"https:\/\/www.autohebdo.fr\/actualites\/motogp\/motogp-gp-de-hongrie-course.html\" target=\"_blank\" rel=\"noopener nofollow\">GP de Hongrie \u2013 Course : Marc M\u00e1rquez se rapproche d\u2019un 9e sacre<\/a><\/strong><\/p>\n","protected":false},"excerpt":{"rendered":"Double champion du monde en 2022 et 2023, deuxi\u00e8me du championnat l\u2019an dernier derri\u00e8re Jorge Mart\u00edn, Pecco Bagnaia&hellip;\n","protected":false},"author":2,"featured_media":343397,"comment_status":"","ping_status":"","sticky":false,"template":"","format":"standard","meta":{"footnotes":""},"categories":[1413],"tags":[4266,1011,27,18548,42563,1457,1456,1458,60],"class_list":{"0":"post-343396","1":"post","2":"type-post","3":"status-publish","4":"format-standard","5":"has-post-thumbnail","7":"category-moto","8":"tag-ducati","9":"tag-fr","10":"tag-france","11":"tag-francesco-bagnaia","12":"tag-grand-prix-de-hongrie","13":"tag-moto","14":"tag-motocycle","15":"tag-motogp","16":"tag-sports"},"share_on_mastodon":{"url":"https:\/\/pubeurope.com\/@fr\/115090741270913009","error":""},"_links":{"self":[{"href":"https:\/\/www.europesays.com\/fr\/wp-json\/wp\/v2\/posts\/343396","targetHints":{"allow":["GET"]}}],"collection":[{"href":"https:\/\/www.europesays.com\/fr\/wp-json\/wp\/v2\/posts"}],"about":[{"href":"https:\/\/www.europesays.com\/fr\/wp-json\/wp\/v2\/types\/post"}],"author":[{"embeddable":true,"href":"https:\/\/www.europesays.com\/fr\/wp-json\/wp\/v2\/users\/2"}],"replies":[{"embeddable":true,"href":"https:\/\/www.europesays.com\/fr\/wp-json\/wp\/v2\/comments?post=343396"}],"version-history":[{"count":0,"href":"https:\/\/www.europesays.com\/fr\/wp-json\/wp\/v2\/posts\/343396\/revisions"}],"wp:featuredmedia":[{"embeddable":true,"href":"https:\/\/www.europesays.com\/fr\/wp-json\/wp\/v2\/media\/343397"}],"wp:attachment":[{"href":"https:\/\/www.europesays.com\/fr\/wp-json\/wp\/v2\/media?parent=343396"}],"wp:term":[{"taxonomy":"category","embeddable":true,"href":"https:\/\/www.europesays.com\/fr\/wp-json\/wp\/v2\/categories?post=343396"},{"taxonomy":"post_tag","embeddable":true,"href":"https:\/\/www.europesays.com\/fr\/wp-json\/wp\/v2\/tags?post=343396"}],"curies":[{"name":"wp","href":"https:\/\/api.w.org\/{rel}","templated":true}]}}