{"id":343398,"date":"2025-08-25T18:08:12","date_gmt":"2025-08-25T18:08:12","guid":{"rendered":"https:\/\/www.europesays.com\/fr\/343398\/"},"modified":"2025-08-25T18:08:12","modified_gmt":"2025-08-25T18:08:12","slug":"les-streamers-et-les-footballeurs-ont-des-affinites-sociologue-joseph-godefroy-revient-sur-laffaire-jean-pormanove-lequipe","status":"publish","type":"post","link":"https:\/\/www.europesays.com\/fr\/343398\/","title":{"rendered":": \u00ab Les streamers et les footballeurs ont des affinit\u00e9s \u00bb : sociologue Joseph Godefroy revient sur l&#039;affaire Jean Pormanove &#8211; L&#039;\u00c9quipe"},"content":{"rendered":"<ol>\n<li><a href=\"https:\/\/news.google.com\/rss\/articles\/CBMi8AFBVV95cUxNZVRPU18xVHJ5QzFNQldJSmVxS1hvNXRTQm5MRmNNcWFNUE5ETXdILTAtcGJzSnJrT3Q2OFlfR0oxNzJzUEhoT0xkcWZVNVNDSlJqcExrVnFBODMza1lKWDBLUmhpYzZpcFAteG1oRy1VMmdJSlU2Smxpd1RseTNzRGt4ajR1SHBGSm9aaHlpc1dpcjkwdlMtQXFWem5mLUw0aHlCVU9wdElKb2dId1RPMUVSOEdHVmw4Z29jdkQ5di1SXzZQLVV6MEswbUJuTGNFZkdTQjRhaVdVUzBHOUczY2xVOUQ3RVN5UzRiOGRYdVQ?oc=5\" target=\"_blank\" rel=\"noopener\">: \u00ab Les streamers et les footballeurs ont des affinit\u00e9s \u00bb : sociologue Joseph Godefroy revient sur l&rsquo;affaire Jean Pormanove<\/a>&nbsp;&nbsp;L&rsquo;\u00c9quipe<\/li>\n<li><a href=\"https:\/\/news.google.com\/rss\/articles\/CBMi7AFBVV95cUxNX25ZUDNSXzB5dHJCRExWejVIMGZOVFFhZEFaSXdJWHV3Q1Zsekw5QkI1S245SGZwZV9XYjFsV3FFZmtybTBfWEF5cDQyNF9aMVNKMHdsanFDRm9CUDVINjd6Q2dJbnlyTWNjbWtoajl2aVVOQVR1alJKZkJRbHZXNjZDZm16S3JfdVZIRlpzMWRTRlBtMVE0YzZRR3RuRVNOaHZzV0FHMGFYZ3NHZ1h1ZWNFTVhDc3VDalJ0NHBzRThDQ2lzVU5vMjJJamxEX0p0NXdNRnRYdnY4aU01U2hCdTVpQWlKV0M3OElHZQ?oc=5\" target=\"_blank\" rel=\"noopener\">Dans la communaut\u00e9 de Jean Pormanove, de l\u2019incompr\u00e9hension et peu de remise en question<\/a>&nbsp;&nbsp;Le Monde.fr<\/li>\n<li><a href=\"https:\/\/news.google.com\/rss\/articles\/CBMixgFBVV95cUxQMENMNzIwOEFja1habnBXOXdEZkNzVWxIMnpuV1UxdGxta3RqekswalByOUR1SHJhTzlRY3EyTUZ3ZU9oTENnRmlMbFptcWF5azREYVlTZ0V3eHhYX1ppdjZBeVZPTGc4dlJ0Z3Fxbzh6T1BvTjFCUTB3QzBucE5qUkdSSXVCU19fWVdCQ0Q4SnA1d3pwaWU2UEgwSWM0NkdWWFBCdC1WbE9MdEpPVlg5ZjJfX1VhRTNMeEh3ZHU1SFVuRUk1a2c?oc=5\" target=\"_blank\" rel=\"noopener\">Apr\u00e8s la mort de Jean Pormanove, la ministre Clara Chappaz ne l\u00e2chera pas Kick<\/a>&nbsp;&nbsp;20 Minutes<\/li>\n<li><a href=\"https:\/\/news.google.com\/rss\/articles\/CBMi_wJBVV95cUxQNTJKZ2NtUVhmRDhhMTAtUWhMMWMyZGR1UmEta2hkZVkwc1ZmUkZtMzF6UEFuM3FGTFpjSlhpUEhGV2lGdlAzVVQ2WlV0ejYzY3NXdEx3aWZNdk1XSGlEczc0el9INXRXS1FTQU12blFHMjBqcVR1N3E2R0gwa21EanNqNUJoRld2ZVkyR01wQWo0aFdQREZpTjlxRVBDSVE1d1piTDh4QTJLYnZJZUZtN29KLUFLQW05V1FxRVVPQXZSaUpQc3U0S1ZrR1UyemhNa1VZaHJXa1hNdEFQOGI1SFJseWJsU05lU0FCN2RydnhGd3lyVXd0X1JVa0xHR2FJcTBpQndqbFU0ZHJ2X0c0YVVSczBDemZCalQ4SXFuVTVxQUh2Ynk0QThmcHE5dWl5eFYzTi1uRUt2eF8xZGIyUTQxRF9hOTB2UFkxbXc1bDBSXzczZUhMSEFpNkw3XzJxVjIxdHk5V241d0RmdnN6Ym9fREtEQkpfOWl3OTVNbw?oc=5\" target=\"_blank\" rel=\"noopener\">\u00ab\u00a0Tout ce qui prouvait les s\u00e9vices a \u00e9t\u00e9 supprim\u00e9\u00a0\u00bb : un lanceur d&rsquo;alerte publie 1 700 vid\u00e9os pour prouver les mauvais traitements subis par Jean Pormanove<\/a>&nbsp;&nbsp;France Info<\/li>\n<li><a href=\"https:\/\/news.google.com\/rss\/articles\/CBMisAFBVV95cUxQREhXMDR1V3VIZUU4U1RiSFhYT2Z0THlOZVkxMTNoX1lkVjBCRUpNdXU4a0VJNHFFWjkzNUYyTnFneE5BN2RPUkxCZGluRGpma3BQbXVBTk11ZERzWHR1a0VTcW5lZG9VYXJWajk2Ynh0akkwS2JKMllsbGxiQ3NvQ2tqd1czQ2JkYUl2Z2lidmZwTk1Dams5SW5KNkVoY25BUko4SmlBMVd1TkhmU0RWbg?oc=5\" target=\"_blank\" rel=\"noopener\">Est-ce qu&rsquo;internet s&rsquo;est transform\u00e9 en dark web g\u00e9ant ?<\/a>&nbsp;&nbsp;Radio France<\/li>\n<\/ol>\n","protected":false},"excerpt":{"rendered":": \u00ab Les streamers et les footballeurs ont des affinit\u00e9s \u00bb : sociologue Joseph Godefroy revient sur l&rsquo;affaire&hellip;\n","protected":false},"author":2,"featured_media":343399,"comment_status":"","ping_status":"","sticky":false,"template":"","format":"standard","meta":{"footnotes":""},"categories":[1412],"tags":[1451,1452,1453,1454,1455,1011,27,60],"class_list":{"0":"post-343398","1":"post","2":"type-post","3":"status-publish","4":"format-standard","5":"has-post-thumbnail","7":"category-f1","8":"tag-f1","9":"tag-formula-1","10":"tag-formula1","11":"tag-formule-1","12":"tag-formule1","13":"tag-fr","14":"tag-france","15":"tag-sports"},"share_on_mastodon":{"url":"https:\/\/pubeurope.com\/@fr\/115090745197074228","error":""},"_links":{"self":[{"href":"https:\/\/www.europesays.com\/fr\/wp-json\/wp\/v2\/posts\/343398","targetHints":{"allow":["GET"]}}],"collection":[{"href":"https:\/\/www.europesays.com\/fr\/wp-json\/wp\/v2\/posts"}],"about":[{"href":"https:\/\/www.europesays.com\/fr\/wp-json\/wp\/v2\/types\/post"}],"author":[{"embeddable":true,"href":"https:\/\/www.europesays.com\/fr\/wp-json\/wp\/v2\/users\/2"}],"replies":[{"embeddable":true,"href":"https:\/\/www.europesays.com\/fr\/wp-json\/wp\/v2\/comments?post=343398"}],"version-history":[{"count":0,"href":"https:\/\/www.europesays.com\/fr\/wp-json\/wp\/v2\/posts\/343398\/revisions"}],"wp:featuredmedia":[{"embeddable":true,"href":"https:\/\/www.europesays.com\/fr\/wp-json\/wp\/v2\/media\/343399"}],"wp:attachment":[{"href":"https:\/\/www.europesays.com\/fr\/wp-json\/wp\/v2\/media?parent=343398"}],"wp:term":[{"taxonomy":"category","embeddable":true,"href":"https:\/\/www.europesays.com\/fr\/wp-json\/wp\/v2\/categories?post=343398"},{"taxonomy":"post_tag","embeddable":true,"href":"https:\/\/www.europesays.com\/fr\/wp-json\/wp\/v2\/tags?post=343398"}],"curies":[{"name":"wp","href":"https:\/\/api.w.org\/{rel}","templated":true}]}}