{"id":343400,"date":"2025-08-25T18:09:10","date_gmt":"2025-08-25T18:09:10","guid":{"rendered":"https:\/\/www.europesays.com\/fr\/343400\/"},"modified":"2025-08-25T18:09:10","modified_gmt":"2025-08-25T18:09:10","slug":"le-dernier-virage-ose-qui-a-permis-a-gaudu-de-surprendre-vingegaard-et-pedersen-sur-la-vuelta","status":"publish","type":"post","link":"https:\/\/www.europesays.com\/fr\/343400\/","title":{"rendered":"le dernier virage os\u00e9 qui a permis \u00e0 Gaudu de surprendre Vingegaard et Pedersen sur la Vuelta"},"content":{"rendered":"\n<p>Si le plan a parfaitement fonctionn\u00e9 pour David Gaudu, qui a rattrap\u00e9 son retard sur Mads Pedersen, il lui restait \u00e0 r\u00e9sister et devancer Pedersen sur la ligne. Grand sp\u00e9cialiste des arriv\u00e9es massives en bosse et ultra-favori du jour, l&rsquo;imposant danois a eu beau remuer sa carcasse, il n&rsquo;a pu que constater l&rsquo;\u00e9cart se creuser avec Gaudu dans les 50 derniers m\u00e8tres de la 3e \u00e9tape. \u00ab\u00a0Il \u00e9tait peut-\u00eatre en bout de course apr\u00e8s avoir lanc\u00e9 son sprint t\u00f4t\u00a0\u00bb, a tent\u00e9 de justifier le Tricolore. Gaudu \u00e9tait tout simplement le plus fort, et le plus malin, ce lundi.<\/p>\n","protected":false},"excerpt":{"rendered":"Si le plan a parfaitement fonctionn\u00e9 pour David Gaudu, qui a rattrap\u00e9 son retard sur Mads Pedersen, il&hellip;\n","protected":false},"author":2,"featured_media":343401,"comment_status":"","ping_status":"","sticky":false,"template":"","format":"standard","meta":{"footnotes":""},"categories":[1411],"tags":[1154,207,1011,27,60],"class_list":{"0":"post-343400","1":"post","2":"type-post","3":"status-publish","4":"format-standard","5":"has-post-thumbnail","7":"category-cyclisme","8":"tag-cycling","9":"tag-cyclisme","10":"tag-fr","11":"tag-france","12":"tag-sports"},"share_on_mastodon":{"url":"https:\/\/pubeurope.com\/@fr\/115090749193286496","error":""},"_links":{"self":[{"href":"https:\/\/www.europesays.com\/fr\/wp-json\/wp\/v2\/posts\/343400","targetHints":{"allow":["GET"]}}],"collection":[{"href":"https:\/\/www.europesays.com\/fr\/wp-json\/wp\/v2\/posts"}],"about":[{"href":"https:\/\/www.europesays.com\/fr\/wp-json\/wp\/v2\/types\/post"}],"author":[{"embeddable":true,"href":"https:\/\/www.europesays.com\/fr\/wp-json\/wp\/v2\/users\/2"}],"replies":[{"embeddable":true,"href":"https:\/\/www.europesays.com\/fr\/wp-json\/wp\/v2\/comments?post=343400"}],"version-history":[{"count":0,"href":"https:\/\/www.europesays.com\/fr\/wp-json\/wp\/v2\/posts\/343400\/revisions"}],"wp:featuredmedia":[{"embeddable":true,"href":"https:\/\/www.europesays.com\/fr\/wp-json\/wp\/v2\/media\/343401"}],"wp:attachment":[{"href":"https:\/\/www.europesays.com\/fr\/wp-json\/wp\/v2\/media?parent=343400"}],"wp:term":[{"taxonomy":"category","embeddable":true,"href":"https:\/\/www.europesays.com\/fr\/wp-json\/wp\/v2\/categories?post=343400"},{"taxonomy":"post_tag","embeddable":true,"href":"https:\/\/www.europesays.com\/fr\/wp-json\/wp\/v2\/tags?post=343400"}],"curies":[{"name":"wp","href":"https:\/\/api.w.org\/{rel}","templated":true}]}}