{"id":343402,"date":"2025-08-25T18:10:11","date_gmt":"2025-08-25T18:10:11","guid":{"rendered":"https:\/\/www.europesays.com\/fr\/343402\/"},"modified":"2025-08-25T18:10:11","modified_gmt":"2025-08-25T18:10:11","slug":"lapres-lewandowski-trouve-pour-10-millions-deuros","status":"publish","type":"post","link":"https:\/\/www.europesays.com\/fr\/343402\/","title":{"rendered":"l&rsquo;apr\u00e8s Lewandowski trouv\u00e9 pour 10 millions d&rsquo;euros"},"content":{"rendered":"<p><strong>Le FC Barcelone serait proche de signer un jeune attaquant prometteur pour 10 millions d\u2019euros.<\/strong><\/p>\n<p>Depuis 2022, <strong><a href=\"https:\/\/www.les-transferts.com\/joueur\/robert-lewandowski\/\" rel=\"nofollow noopener\" target=\"_blank\">Robert Lewandowski<\/a> fait le bonheur du <a href=\"https:\/\/www.les-transferts.com\/club\/fc-barcelone\/\" rel=\"nofollow noopener\" target=\"_blank\">FC Barcelone<\/a>.<\/strong> Apr\u00e8s les d\u00e9parts de Messi, Su\u00e1rez et Griezmann, le<strong>s Blaugranas n\u2019avaient plus d\u2019attaquant de classe mondiale.<\/strong> Mais lors de l\u2019\u00e9t\u00e9 2022, le Polonais a pris la d\u00e9cision de quitter le Bayern Munich pour rejoindre Barcelone. En seulement trois saisons, Robert Lewandowski a marqu\u00e9 plus de 100 buts avec le FC Barcelone. Malgr\u00e9 son \u00e2ge avanc\u00e9 par rapport \u00e0 ses co\u00e9quipiers,<strong> il reste l\u2019un des meilleurs attaquants du monde.<\/strong><\/p>\n<p>Pourtant, Robert Lewandowski ne sera pas \u00e9ternel et le Bar\u00e7a en a bien conscience. Il a souffl\u00e9 ses 37 bougies il y a quelques jours. Depuis plusieurs mois, <strong>le FC Barcelone travaille pour trouver le futur grand attaquant du club.<\/strong> Remplacer Lewandowski sera un enjeu tr\u00e8s important, au vu de son niveau de jeu encore exceptionnel. Sous contrat jusqu\u2019en 2026, la fin du Polonais au Bar\u00e7a est proche. Et pour le remplacer, <strong>le FC Barcelone souhaiterait parier sur l\u2019avenir avec l\u2019attaquant camerounais Etta Eyong. <\/strong>Le jeune attaquant de 21 ans joue \u00e0 <a href=\"https:\/\/www.les-transferts.com\/club\/villarreal\/\" rel=\"nofollow noopener\" target=\"_blank\">Villarreal<\/a> et poss\u00e9derait<strong> une clause de 10 millions d\u2019euros que le Bar\u00e7a souhaiterait activer<\/strong>, selon Sport.<\/p>\n<p>Etta Eyong, le nouveau Eto\u2019o du FC Barcelone ?<\/p>\n<p>Etta Eyong n\u2019a que 6 matchs avec Villarreal, <strong>mais a d\u00e9j\u00e0 r\u00e9ussi \u00e0 taper dans l\u2019\u0153il du FC Barcelone. <\/strong>Auteur d\u2019un but cette saison face au Real Oviedo d\u00e8s le premier match de Liga, <strong>il a \u00e9t\u00e9 de nouveau d\u00e9cisif face \u00e0 Girona avec une passe d\u00e9cisive<\/strong>.<\/p>\n<p>D\u2019apr\u00e8s Sport, Deco et son \u00e9quipe le consid\u00e8rent comme une opportunit\u00e9 de march\u00e9 id\u00e9ale. L\u2019objectif du Bar\u00e7a serait de le recruter <strong>pour ensuite le pr\u00eater dans un autre club de Liga. <\/strong>Cependant, dans cette course, le FC Barcelone ne serait pas seul. Le Betis, la Real Sociedad, et plusieurs clubs de Premier League s\u2019int\u00e9ressent \u00e9galement \u00e0 lui. Sa situation contractuelle,<strong> avec une clause de 10 millions d\u2019euros malgr\u00e9 son haut potentiel<\/strong>, encourage le Bar\u00e7a \u00e0 le recruter et <strong>le voir comme un investissement sur le long terme.<\/strong><\/p>\n<p>Grand fan du Bar\u00e7a depuis la grande \u00e9poque de Guardiola, je remercie chaque jour mon p\u00e8re de m\u2019avoir mis devant un Barcelone \u2013 Arsenal en 2011.&#13;<br \/>\nPassionn\u00e9 par ce sport qui peut me rendre tr\u00e8s heureux tout comme il peut m\u2019enlever le go\u00fbt de la vie, je souhaite voir mon pays enfin remporter l\u2019Euro car en 2000, je n\u2019\u00e9tais pas n\u00e9.<\/p>\n","protected":false},"excerpt":{"rendered":"Le FC Barcelone serait proche de signer un jeune attaquant prometteur pour 10 millions d\u2019euros. Depuis 2022, Robert&hellip;\n","protected":false},"author":2,"featured_media":343403,"comment_status":"","ping_status":"","sticky":false,"template":"","format":"standard","meta":{"footnotes":""},"categories":[1410],"tags":[63,1011,27,60],"class_list":{"0":"post-343402","1":"post","2":"type-post","3":"status-publish","4":"format-standard","5":"has-post-thumbnail","7":"category-football","8":"tag-football","9":"tag-fr","10":"tag-france","11":"tag-sports"},"share_on_mastodon":{"url":"https:\/\/pubeurope.com\/@fr\/115090753109488388","error":""},"_links":{"self":[{"href":"https:\/\/www.europesays.com\/fr\/wp-json\/wp\/v2\/posts\/343402","targetHints":{"allow":["GET"]}}],"collection":[{"href":"https:\/\/www.europesays.com\/fr\/wp-json\/wp\/v2\/posts"}],"about":[{"href":"https:\/\/www.europesays.com\/fr\/wp-json\/wp\/v2\/types\/post"}],"author":[{"embeddable":true,"href":"https:\/\/www.europesays.com\/fr\/wp-json\/wp\/v2\/users\/2"}],"replies":[{"embeddable":true,"href":"https:\/\/www.europesays.com\/fr\/wp-json\/wp\/v2\/comments?post=343402"}],"version-history":[{"count":0,"href":"https:\/\/www.europesays.com\/fr\/wp-json\/wp\/v2\/posts\/343402\/revisions"}],"wp:featuredmedia":[{"embeddable":true,"href":"https:\/\/www.europesays.com\/fr\/wp-json\/wp\/v2\/media\/343403"}],"wp:attachment":[{"href":"https:\/\/www.europesays.com\/fr\/wp-json\/wp\/v2\/media?parent=343402"}],"wp:term":[{"taxonomy":"category","embeddable":true,"href":"https:\/\/www.europesays.com\/fr\/wp-json\/wp\/v2\/categories?post=343402"},{"taxonomy":"post_tag","embeddable":true,"href":"https:\/\/www.europesays.com\/fr\/wp-json\/wp\/v2\/tags?post=343402"}],"curies":[{"name":"wp","href":"https:\/\/api.w.org\/{rel}","templated":true}]}}