{"id":343406,"date":"2025-08-25T18:12:15","date_gmt":"2025-08-25T18:12:15","guid":{"rendered":"https:\/\/www.europesays.com\/fr\/343406\/"},"modified":"2025-08-25T18:12:15","modified_gmt":"2025-08-25T18:12:15","slug":"etre-la-a-linstant-decisif-pascal-dulac-photographe-du-ciel-des-paysages-et-de-la-lumiere-rare","status":"publish","type":"post","link":"https:\/\/www.europesays.com\/fr\/343406\/","title":{"rendered":"\u00ab\u00a0\u00catre l\u00e0 \u00e0 l\u2019instant d\u00e9cisif\u00a0\u00bb\u00a0: Pascal Dulac, photographe du ciel, des paysages et de la lumi\u00e8re rare"},"content":{"rendered":"<p>Pour la photo d\u2019illustration de cet article, il s\u2019est soumis \u00e0 un exercice qu\u2019il n\u2019impose jamais \u00e0 personne lorsqu\u2019il est de l\u2019autre c\u00f4t\u00e9 de l\u2019objectif\u00a0: le portrait. \u00ab\u00a0Je ne suis pas tr\u00e8s \u00e0 l\u2019aise avec les mod\u00e8les. Je pr\u00e9f\u00e8re les paysages\u00a0\u00bb, confie Pascal Dulac, 60\u00a0ans. Contributeur passionn\u00e9 et r\u00e9gulier de CL, cet habitant de Magnac, pr\u00e9sident du club photo de Ruelle, offre toute l\u2019ann\u00e9e aux lecteurs ses clich&#8230;<\/p>\n<p>Pour la photo d\u2019illustration de cet article, il s\u2019est soumis \u00e0 un exercice qu\u2019il n\u2019impose jamais \u00e0 personne lorsqu\u2019il est de l\u2019autre c\u00f4t\u00e9 de l\u2019objectif\u00a0: le portrait. \u00ab\u00a0Je ne suis pas tr\u00e8s \u00e0 l\u2019aise avec les mod\u00e8les. Je pr\u00e9f\u00e8re les paysages\u00a0\u00bb, confie Pascal Dulac, 60\u00a0ans. Contributeur passionn\u00e9 et r\u00e9gulier de CL, cet habitant de Magnac, pr\u00e9sident du club photo de Ruelle, offre toute l\u2019ann\u00e9e aux lecteurs ses clich\u00e9s \u00e9tonnants, singuliers, lumineux. La photographie n\u2019a pourtant jamais \u00e9t\u00e9 son m\u00e9tier\u00a0: il est \u00e9lectrom\u00e9canicien chez Naval Group.<\/p>\n<p>        <img decoding=\"async\" id=\"25388546\" src=\"https:\/\/www.europesays.com\/fr\/wp-content\/uploads\/2025\/08\/dula.jpg\" alt=\"La photo qu\u2019il a choisie : une grue de chantier \u00ab\u00a0suspendant\u00a0\u00bb l\u2019astre au-dessus de l\u2019Espace Carat.\" itemprop=\"contentURL\"\/><\/p>\n<p>    La photo qu\u2019il a choisie : une grue de chantier \u00ab\u00a0suspendant\u00a0\u00bb l\u2019astre au-dessus de l\u2019Espace Carat.<\/p>\n<p>Pascal Dulac<\/p>\n<p>Son histoire avec l\u2019image commence t\u00f4t. \u00ab\u00a0C\u2019est mon p\u00e8re qui m\u2019a mis un bo\u00eetier entre les mains. Il tenait un magasin de radio-t\u00e9l\u00e9 \u00e0 Soyaux. Il \u00e9tait passionn\u00e9 de photo et de cin\u00e9ma, mais moi, la vid\u00e9o ne m\u2019a jamais int\u00e9ress\u00e9\u00a0\u00bb. De ses premi\u00e8res images de vacances, il a gliss\u00e9 peu \u00e0 peu vers une d\u00e9marche plus artistique. Ce qu\u2019il aime par-dessus tout\u00a0? Les paysages, la nature et les jeux de lumi\u00e8re c\u00e9lestes.<\/p>\n<p>    La r\u00e9daction vous conseille<\/p>\n<p>Pascal Dulac s\u2019est sp\u00e9cialis\u00e9 dans les ciels nocturnes et les alignements rares. \u00ab\u00a0Certaines de ces images demandent des calculs complexes. D\u2019autres sont simplement saisies au bon moment.\u00a0\u00bb Il travaille avec deux bo\u00eetiers Nikon et appr\u00e9cie les prises de vues techniques, celles qui exigent de la planification, et parfois un travail de retouche. \u00ab\u00a0On recadre, on sublime, on transforme la photo en \u0153uvre d\u2019art\u00a0\u00bb. Son id\u00e9al\u00a0? \u00ab\u00a0\u00catre l\u00e0 \u00e0 l\u2019instant d\u00e9cisif\u00a0\u00bb.<\/p>\n<p>    La r\u00e9daction vous conseille<\/p>\n<blockquote><p>\u00ab\u00a0J\u2019ai enfin r\u00e9ussi \u00e0 photographier l\u2019ISS passant devant la Lune. Ce jour-l\u00e0, tout s\u2019est align\u00e9.\u00a0\u00bb<\/p><\/blockquote>\n<p>Il revendique une pratique solitaire de la photographie\u00a0: \u00ab\u00a0Je sors parfois avec mon ami Christian Lherme, mais j\u2019\u00e9vite les groupes. Je n\u2019ai pas envie de faire la m\u00eame photo que les autres.\u00a0\u00bb<\/p>\n<p>    La r\u00e9daction vous conseille<\/p>\n<p>Les clich\u00e9s qui lui tiennent le plus \u00e0 c\u0153ur\u00a0? \u00ab\u00a0En janvier 2021, au bord de la Touvre, le givre et la brume ont form\u00e9 un tableau irr\u00e9el que j\u2019ai r\u00e9ussi \u00e0 immortaliser. Il y a aussi cette nuit o\u00f9 j\u2019ai enfin r\u00e9ussi \u00e0 capturer la Station spatiale internationale passant devant la Lune. Apr\u00e8s plusieurs tentatives rat\u00e9es, tout s\u2019est align\u00e9.\u00a0\u00bb<\/p>\n<ul class=\"slides\">\n<li>\n<p>        <img decoding=\"async\" id=\"25389166\" src=\"https:\/\/www.europesays.com\/fr\/wp-content\/uploads\/2025\/08\/dulac2.jpg\" alt=\"Le soleil derri\u00e8re le ch\u00e2teau d\u2019Angoul\u00eame semble \u00eatre d\u2019une taille d\u00e9mesur\u00e9e. Effet d\u2019optique\" itemprop=\"contentURL\"\/><\/p>\n<p>    Le soleil derri\u00e8re le ch\u00e2teau d\u2019Angoul\u00eame semble \u00eatre d\u2019une taille d\u00e9mesur\u00e9e. Effet d\u2019optique<\/p>\n<p>Pascal Dulac<\/p>\n<\/li>\n<li>\n<p>        <img decoding=\"async\" id=\"25389167\" src=\"https:\/\/www.europesays.com\/fr\/wp-content\/uploads\/2025\/08\/dulac3.jpg\" alt=\"\u00a0la Station spatiale internationale passant devant la Lune.\" itemprop=\"contentURL\"\/><\/p>\n<p>    \u00a0la Station spatiale internationale passant devant la Lune.<\/p>\n<p>Pascal Dulac<\/p>\n<\/li>\n<\/ul>\n<p>Parmi ses autres prouesses, une super Lune semblant se lever derri\u00e8re la cath\u00e9drale d\u2019Angoul\u00eame, une grue de chantier \u00ab\u00a0suspendant\u00a0\u00bb l\u2019astre au-dessus de l\u2019Espace Carat, ou encore ce clich\u00e9 mystique r\u00e9alis\u00e9 depuis le Calvaire d\u2019Angoul\u00eame\u00a0: il montre la rotation des \u00e9toiles autour de l\u2019\u00e9toile polaire. Le r\u00e9sultat d\u2019un long travail d\u2019assemblage.<\/p>\n<p>        <img decoding=\"async\" id=\"25389165\" src=\"https:\/\/www.europesays.com\/fr\/wp-content\/uploads\/2025\/08\/dulac1.jpg\" alt=\"ce clich\u00e9 mystique r\u00e9alis\u00e9 depuis le Calvaire d\u2019Angoul\u00eame\" itemprop=\"contentURL\"\/><\/p>\n<p>    ce clich\u00e9 mystique r\u00e9alis\u00e9 depuis le Calvaire d\u2019Angoul\u00eame<\/p>\n<p>Pascal Dulac<\/p>\n<p>Son \u00ab\u00a0miroir \u00e9ph\u00e9m\u00e8re\u00a0\u00bb, saisi lors des crues de d\u00e9cembre \u00e0 Bourgine, a remport\u00e9 un prix au concours de la F\u00e9d\u00e9ration des clubs de la d\u00e9fense. Unep photo en noir et blanc prise dans l\u2019Aubrac a \u00e9galement \u00e9t\u00e9 distingu\u00e9e.<\/p>\n<p>    La r\u00e9daction vous conseille<\/p>\n<p>Cette ann\u00e9e, Pascal Dulac participe \u00e0 deux festivals\u00a0: l\u2019\u00c9moi photographique \u00e0 Angoul\u00eame et Les Chemins de la photo dans l\u2019Aube. L\u2019occasion de partager, encore et toujours, sa qu\u00eate de lumi\u00e8re.<\/p>\n<p>        <img decoding=\"async\" id=\"25389211\" src=\"https:\/\/www.europesays.com\/fr\/wp-content\/uploads\/2025\/08\/1756145535_157_clic-clac.jpg\" itemprop=\"contentURL\"\/><\/p>\n","protected":false},"excerpt":{"rendered":"Pour la photo d\u2019illustration de cet article, il s\u2019est soumis \u00e0 un exercice qu\u2019il n\u2019impose jamais \u00e0 personne&hellip;\n","protected":false},"author":2,"featured_media":343407,"comment_status":"","ping_status":"","sticky":false,"template":"","format":"standard","meta":{"footnotes":""},"categories":[1358],"tags":[1348,1384,1385,1386,58,59,1011,27],"class_list":{"0":"post-343406","1":"post","2":"type-post","3":"status-publish","4":"format-standard","5":"has-post-thumbnail","7":"category-arts-et-design","8":"tag-arts","9":"tag-arts-and-design","10":"tag-arts-et-design","11":"tag-design","12":"tag-divertissement","13":"tag-entertainment","14":"tag-fr","15":"tag-france"},"share_on_mastodon":{"url":"https:\/\/pubeurope.com\/@fr\/115090761487151326","error":""},"_links":{"self":[{"href":"https:\/\/www.europesays.com\/fr\/wp-json\/wp\/v2\/posts\/343406","targetHints":{"allow":["GET"]}}],"collection":[{"href":"https:\/\/www.europesays.com\/fr\/wp-json\/wp\/v2\/posts"}],"about":[{"href":"https:\/\/www.europesays.com\/fr\/wp-json\/wp\/v2\/types\/post"}],"author":[{"embeddable":true,"href":"https:\/\/www.europesays.com\/fr\/wp-json\/wp\/v2\/users\/2"}],"replies":[{"embeddable":true,"href":"https:\/\/www.europesays.com\/fr\/wp-json\/wp\/v2\/comments?post=343406"}],"version-history":[{"count":0,"href":"https:\/\/www.europesays.com\/fr\/wp-json\/wp\/v2\/posts\/343406\/revisions"}],"wp:featuredmedia":[{"embeddable":true,"href":"https:\/\/www.europesays.com\/fr\/wp-json\/wp\/v2\/media\/343407"}],"wp:attachment":[{"href":"https:\/\/www.europesays.com\/fr\/wp-json\/wp\/v2\/media?parent=343406"}],"wp:term":[{"taxonomy":"category","embeddable":true,"href":"https:\/\/www.europesays.com\/fr\/wp-json\/wp\/v2\/categories?post=343406"},{"taxonomy":"post_tag","embeddable":true,"href":"https:\/\/www.europesays.com\/fr\/wp-json\/wp\/v2\/tags?post=343406"}],"curies":[{"name":"wp","href":"https:\/\/api.w.org\/{rel}","templated":true}]}}