{"id":343412,"date":"2025-08-25T18:15:12","date_gmt":"2025-08-25T18:15:12","guid":{"rendered":"https:\/\/www.europesays.com\/fr\/343412\/"},"modified":"2025-08-25T18:15:12","modified_gmt":"2025-08-25T18:15:12","slug":"rentree-des-radios-des-nouvelles-voix-et-radio-france-en-greve-actualites","status":"publish","type":"post","link":"https:\/\/www.europesays.com\/fr\/343412\/","title":{"rendered":"Rentr\u00e9e des radios: des nouvelles voix et Radio France en gr\u00e8ve : Actualit\u00e9s"},"content":{"rendered":"<p class=\"lead \">Les radios ont fait leur rentr\u00e9e lundi avec une fausse note \u00e0 Radio France: des antennes sont perturb\u00e9es par une gr\u00e8ve qui a touch\u00e9 en particulier France Inter, station la plus \u00e9cout\u00e9e du pays, qui pourrait se poursuivre.<\/p>\n<p class=\"lead \">La matinale de France Inter pr\u00e9sent\u00e9e par Nicolas Demorand a ainsi \u00e9t\u00e9 largement entrecoup\u00e9e de plages musicales. Benjamin Duhamel, recrue vedette apr\u00e8s le d\u00e9part de L\u00e9a Salam\u00e9 pour le 20H00 de France 2, a cependant conduit l&rsquo;interview de la romanci\u00e8re belge Am\u00e9lie Nothomb, avant la chronique humoristique de Bertrand Chameroy, autre nouvelle voix.<\/p>\n<p class=\"lead \">M. Demorand a expliqu\u00e9 que cet appel \u00e0 la gr\u00e8ve illimit\u00e9e des syndicats CFDT, CGT, FO, SNJ, SUD et UNSA avait \u00e9t\u00e9 lanc\u00e9 \u00ab\u00a0contre la strat\u00e9gie \u00e9ditoriale et contre les r\u00e9formes men\u00e9es par la direction\u00a0\u00bb de Radio France. <\/p>\n<p class=\"lead \">Parmi elles: l&rsquo;arr\u00eat de la radio Mouv&rsquo;  d\u00e9di\u00e9e au Rap et au Hip Hop sur la FM, des changements \u00e9ditoriaux au sein d&rsquo;Ici (ex-France Bleu) et l&rsquo;arr\u00eat d&rsquo;\u00e9missions d&rsquo;investigation et de reportage.<\/p>\n<p class=\"lead \">La programmation a \u00e9galement \u00e9t\u00e9 perturb\u00e9e sur France Culture, tandis que la matinale de Franceinfo a pu se d\u00e9rouler normalement. Sur Ici, \u00ab\u00a0nous ne sommes pas en mesure de diffuser tous les programmes\u00a0\u00bb, lisait-on sur le site de l&rsquo;ancien r\u00e9seau France Bleu.<\/p>\n<p class=\"lead \">&#8211; \u00ab\u00a0\u00c9t\u00e9 indien social\u00a0\u00bb &#8211;<\/p>\n<p class=\"lead \">En assembl\u00e9e g\u00e9n\u00e9rale des personnels lundi, les repr\u00e9sentants syndicaux ont salu\u00e9 la \u00ab\u00a0r\u00e9ussite\u00a0\u00bb de leur mobilisation. <\/p>\n<p class=\"lead \">Il y a eu 10,7% de gr\u00e9vistes sur la journ\u00e9e, et 4,5% parmi les journalistes, selon la direction. <\/p>\n<p class=\"lead \">Apr\u00e8s un premier round vendredi, de nouvelles discussions lundi apr\u00e8s-midi sont rest\u00e9es infructueuses, malgr\u00e9 plusieurs propositions mises sur la table. Ces pourparlers reprendront mercredi.<\/p>\n<p class=\"lead \">\u00ab\u00a0Deux points durs demeurent: la grille \u00e9ditoriale d&rsquo;Ici et les modes de production\u00a0\u00bb (utilisation des technologies notamment), a pr\u00e9cis\u00e9 \u00e0 l&rsquo;AFP la directrice des ressources humaines de Radio France, Charlotte Ballero. <\/p>\n<p class=\"lead \">L&rsquo;heure n&rsquo;est pas \u00e0 \u00ab\u00a0lever la gr\u00e8ve\u00a0\u00bb, a pr\u00e9venu Lionel Thompson (CGT), se f\u00e9licitant d&rsquo;avoir \u00ab\u00a0ouvert le bal de l&rsquo;\u00e9t\u00e9 indien social\u00a0\u00bb. \u00ab\u00a0Il va falloir tenir\u00a0\u00bb, a ajout\u00e9 Delphine Merlaud (Sud). <\/p>\n<p class=\"lead \">Une premi\u00e8re gr\u00e8ve, tr\u00e8s suivie, avait eu lieu du 26 au 29 juin.<\/p>\n<p class=\"lead \">Elle avait imm\u00e9diatement \u00e9t\u00e9 suivie d&rsquo;une deuxi\u00e8me, mais pour un motif diff\u00e9rent: contre le projet de r\u00e9forme de l&rsquo;audiovisuel public port\u00e9 par la ministre de la Culture, Rachida Dati. Il pr\u00e9voit de cr\u00e9er une holding, France M\u00e9dias, qui chapeauterait France T\u00e9l\u00e9visions, Radio France et l&rsquo;Institut national de l&rsquo;audiovisuel (INA).<\/p>\n<p class=\"lead \">&#8211; Lapix arrive sur RTL &#8211;<\/p>\n<p class=\"lead \">Apr\u00e8s un parcours parlementaire heurt\u00e9, ce texte devrait revenir \u00e0 l&rsquo;Assembl\u00e9e nationale \u00e0 l&rsquo;automne.<\/p>\n<p class=\"lead \">Selon les derni\u00e8res mesures d&rsquo;audience de M\u00e9diam\u00e9trie, Radio France a enregistr\u00e9 une saison 2024-2025 record sur plusieurs antennes et France Inter a augment\u00e9 son avance comme premi\u00e8re radio du pays.<\/p>\n<p class=\"lead \">Ailleurs, la rentr\u00e9e radiophonique s&rsquo;est d\u00e9roul\u00e9e sans encombres.<\/p>\n<p class=\"lead \">Parmi les nouvelles t\u00eates d&rsquo;affiche, la journaliste Pascale de la Tour du Pin, ancienne de la cha\u00eene de t\u00e9l\u00e9vision C8, a donn\u00e9 le coup d&rsquo;envoi \u00e0 05H00 sur RMC au c\u00f4t\u00e9 de Matthieu Belliard. Cette \u00ab\u00a0pr\u00e9-matinale\u00a0\u00bb est retransmise \u00e9galement sur la cha\u00eene RMC Story.<\/p>\n<p class=\"lead \">Pour sa part, Marc-Olivier Fogiel, qui a dirig\u00e9 la cha\u00eene BFMTV pendant cinq ans, a fait son retour derri\u00e8re un micro, celui de RTL, pour une interview dans la matinale de Thomas Sotto.<\/p>\n<p class=\"lead \">La deuxi\u00e8me radio de France a largement remani\u00e9 sa grille, et recrut\u00e9 l&rsquo;ex-star du 20H00 de France 2 Anne-Sophie Lapix, qui remplace Yves Calvi au 18\/20. La journaliste va \u00e9galement mener des entretiens le dimanche sur la cha\u00eene M6, dans le m\u00eame groupe audiovisuel.<\/p>\n<p class=\"lead \">\u00ab\u00a0Je n&rsquo;ai jamais fait de radio, \u00e7a va \u00eatre excitant, amusant, vivifiant\u00a0\u00bb, a-t-elle assur\u00e9 \u00e0 l&rsquo;AFP.<\/p>\n<p class=\"lead \">Du c\u00f4t\u00e9 d&rsquo;Europe 1, la journaliste Christine Kelly, figure de CNews, a pris l&rsquo;antenne \u00e0 11H30 sur une tranche pr\u00e9c\u00e9demment occup\u00e9e par Pascal Praud, qui a bascul\u00e9 sur le 16H00-18H00 auparavant anim\u00e9 par Cyril Hanouna.<\/p>\n<p class=\"lead \">Ce dernier a quitt\u00e9 les m\u00e9dias du milliardaire Vincent Bollor\u00e9 et fera une double rentr\u00e9e le 1er septembre, \u00e0 la t\u00e9l\u00e9vision sur W9 et sur Fun Radio.<\/p>\n<p class=\"lead \">Sud Radio d\u00e9marrera de m\u00eame ses nouveaux programmes la semaine prochaine, avec le journaliste licenci\u00e9 par Radio France Jean-Fran\u00e7ois Achilli pour une interview politique matinale et l&rsquo;influenceuse Magali Berdah pour une \u00e9mission de d\u00e9bats avec des politiques de 20h \u00e0 21h.<\/p>\n<p class=\"small font-weight-bold text-gray3 \"> publi\u00e9 le 25 ao\u00fbt \u00e0 19h23, AFP<\/p>\n<p>                             Partager<\/p>\n","protected":false},"excerpt":{"rendered":"Les radios ont fait leur rentr\u00e9e lundi avec une fausse note \u00e0 Radio France: des antennes sont perturb\u00e9es&hellip;\n","protected":false},"author":2,"featured_media":343413,"comment_status":"","ping_status":"","sticky":false,"template":"","format":"standard","meta":{"footnotes":""},"categories":[1355],"tags":[1003,58,59,590,1011,27,17654,9555,1361,873,1825,801],"class_list":{"0":"post-343412","1":"post","2":"type-post","3":"status-publish","4":"format-standard","5":"has-post-thumbnail","7":"category-musique","8":"tag-budget","9":"tag-divertissement","10":"tag-entertainment","11":"tag-finance","12":"tag-fr","13":"tag-france","14":"tag-grves","15":"tag-mdias","16":"tag-music","17":"tag-musique","18":"tag-radio","19":"tag-social"},"share_on_mastodon":{"url":"https:\/\/pubeurope.com\/@fr\/115090772747589666","error":""},"_links":{"self":[{"href":"https:\/\/www.europesays.com\/fr\/wp-json\/wp\/v2\/posts\/343412","targetHints":{"allow":["GET"]}}],"collection":[{"href":"https:\/\/www.europesays.com\/fr\/wp-json\/wp\/v2\/posts"}],"about":[{"href":"https:\/\/www.europesays.com\/fr\/wp-json\/wp\/v2\/types\/post"}],"author":[{"embeddable":true,"href":"https:\/\/www.europesays.com\/fr\/wp-json\/wp\/v2\/users\/2"}],"replies":[{"embeddable":true,"href":"https:\/\/www.europesays.com\/fr\/wp-json\/wp\/v2\/comments?post=343412"}],"version-history":[{"count":0,"href":"https:\/\/www.europesays.com\/fr\/wp-json\/wp\/v2\/posts\/343412\/revisions"}],"wp:featuredmedia":[{"embeddable":true,"href":"https:\/\/www.europesays.com\/fr\/wp-json\/wp\/v2\/media\/343413"}],"wp:attachment":[{"href":"https:\/\/www.europesays.com\/fr\/wp-json\/wp\/v2\/media?parent=343412"}],"wp:term":[{"taxonomy":"category","embeddable":true,"href":"https:\/\/www.europesays.com\/fr\/wp-json\/wp\/v2\/categories?post=343412"},{"taxonomy":"post_tag","embeddable":true,"href":"https:\/\/www.europesays.com\/fr\/wp-json\/wp\/v2\/tags?post=343412"}],"curies":[{"name":"wp","href":"https:\/\/api.w.org\/{rel}","templated":true}]}}