{"id":343414,"date":"2025-08-25T18:16:11","date_gmt":"2025-08-25T18:16:11","guid":{"rendered":"https:\/\/www.europesays.com\/fr\/343414\/"},"modified":"2025-08-25T18:16:11","modified_gmt":"2025-08-25T18:16:11","slug":"donald-trump-seme-la-terreur-dans-les-entreprises-americaines","status":"publish","type":"post","link":"https:\/\/www.europesays.com\/fr\/343414\/","title":{"rendered":"Donald Trump s\u00e8me la terreur dans les entreprises am\u00e9ricaines"},"content":{"rendered":"<p><strong>R\u00c9CIT &#8211; <\/strong>Depuis son retour \u00e0 la Maison-Blanche, le pr\u00e9sident am\u00e9ricain multiplie les incursions dans les affaires des soci\u00e9t\u00e9s am\u00e9ricaines. Leurs patrons esp\u00e8rent \u00e9viter la foudre ou tentent d\u2019entrer dans les bonnes gr\u00e2ces du pr\u00e9sident.<\/p>\n<p class=\"fig-paragraph\">Un lingot d\u2019or, comme une marque d\u2019all\u00e9geance. Ce 6\u00a0ao\u00fbt, devant les cam\u00e9ras du monde entier, Tim Cook ne peut ignorer la symbolique de son geste. Le PDG d\u2019Apple, venu c\u00e9l\u00e9brer \u00e0 la Maison-Blanche\u00a0<a href=\"http:\/\/www.lefigaro.fr\/secteur\/high-tech\/apple-s-engage-a-investir-100-milliards-de-dollars-supplementaires-aux-etats-unis-20250806\" data-fig-type=\"NewsFlash\" data-gtm-custom-categorie=\"navigation\" data-gtm-custom-action=\"crossclick\" data-gtm-custom-label=\"Contextuel\" data-gtm-event=\"customEventSPE\" data-fig-domain=\"LEFIGARO\" target=\"_blank\" rel=\"noopener\">l\u2019annonce d\u2019un investissement de 100\u00a0milliards aux \u00c9tats-Unis<\/a>, apporte une contribution \u00e0 la d\u00e9coration tr\u00e8s rococo du Bureau ovale\u00a0: un disque de verre grav\u00e9 de la marque \u00e0 la pomme, pos\u00e9 sur une plaque en or 24\u00a0carats. Sous le regard du pr\u00e9sident, le dirigeant de la deuxi\u00e8me capitalisation boursi\u00e8re mondiale d\u00e9balle son offrande avec la d\u00e9f\u00e9rence d\u2019un majordome. Tim Cook ne c\u00e8de pas \u00e0 l\u2019humiliation d\u2019une g\u00e9nuflexion, mais son corps entier trahit l\u2019ob\u00e9dience au \u00ab\u00a0Don\u00a0\u00bb Trump, dont la satisfaction se lit dans un rictus.<\/p>\n<p class=\"fig-paragraph\">La chor\u00e9graphie semble surr\u00e9aliste, elle traduit en r\u00e9alit\u00e9 dans l\u2019air du temps \u00e0 Washington. En l\u2019espace de quelques mois, \u00e0 coups de menaces et de sanctions brutales contre les soci\u00e9t\u00e9s les plus puissantes des \u00c9tats-Unis, le pr\u00e9sident am\u00e9ricain a fait de la Maison-Blanche\u2026<\/p>\n<p class=\"fig-premium-paywall__infos\">\n        Cet article est r\u00e9serv\u00e9 aux abonn\u00e9s.        Il vous reste 92% \u00e0 d\u00e9couvrir.\n    <\/p>\n<p>                <img  data- alt=\"Le Figaro\" class=\"fig-img--complete fig-img\"\/><\/p>\n<p class=\"fig-premium-paywall__title\">Vente Flash<\/p>\n<p class=\"fig-premium-paywall__subtitle\">4,99\u20ac par mois pendant 12 mois. Sans engagement<\/p>\n<p class=\"fig-premium-paywall__connect\">\n                D\u00e9j\u00e0 abonn\u00e9\u00a0?                <a class=\"fig-premium-paywall__connect-link\" href=\"https:\/\/connect.lefigaro.fr\/login?client=horizon_web&amp;type=main&amp;redirect_uri=https%3A%2F%2Fwww.lefigaro.fr%2Fsocietes%2Fc-est-l-oeil-de-sauron-dans-le-seigneur-des-anneaux-donald-trump-seme-la-terreur-dans-les-entreprises-20250825\" data-js-gtm=\"{&quot;customCategorie&quot;: &quot;conversion&quot;, &quot;customAction&quot;: &quot;before_Landing_Connexion_paywall_auto&quot;, &quot;customLabel&quot;: &quot;bGVmaWdhcm8uZnJfXzFmMDgxYTg2LTk0OTQtNjdkYS1iMzA3LTM3YmFkZmFhZWU1Yl9fQXJ0aWNsZQ==_\u00abC\u2019est l\u2019\u0153il de Sauron dans le Seigneur des anneaux\u00bb\u00a0: Donald Trump s\u00e8me la terreur dans les entreprises am\u00e9ricaines_268&quot;, &quot;customIDSPE&quot;: &quot;bGVmaWdhcm8uZnJfXzFmMDgxYTg2LTk0OTQtNjdkYS1iMzA3LTM3YmFkZmFhZWU1Yl9fQXJ0aWNsZQ==&quot;, &quot;event&quot;: &quot;customEventSPE&quot;}\" target=\"_blank\" rel=\"noopener\"><br \/>\n                    Connectez-vous<br \/>\n                <\/a>\n            <\/p>\n","protected":false},"excerpt":{"rendered":"R\u00c9CIT &#8211; Depuis son retour \u00e0 la Maison-Blanche, le pr\u00e9sident am\u00e9ricain multiplie les incursions dans les affaires des&hellip;\n","protected":false},"author":2,"featured_media":343415,"comment_status":"","ping_status":"","sticky":false,"template":"","format":"standard","meta":{"footnotes":""},"categories":[1354],"tags":[733,58,75,59,1346,1011,27,1360],"class_list":{"0":"post-343414","1":"post","2":"type-post","3":"status-publish","4":"format-standard","5":"has-post-thumbnail","7":"category-films","8":"tag-apple","9":"tag-divertissement","10":"tag-donald-trump","11":"tag-entertainment","12":"tag-films","13":"tag-fr","14":"tag-france","15":"tag-movies"},"share_on_mastodon":{"url":"https:\/\/pubeurope.com\/@fr\/115090776805444366","error":""},"_links":{"self":[{"href":"https:\/\/www.europesays.com\/fr\/wp-json\/wp\/v2\/posts\/343414","targetHints":{"allow":["GET"]}}],"collection":[{"href":"https:\/\/www.europesays.com\/fr\/wp-json\/wp\/v2\/posts"}],"about":[{"href":"https:\/\/www.europesays.com\/fr\/wp-json\/wp\/v2\/types\/post"}],"author":[{"embeddable":true,"href":"https:\/\/www.europesays.com\/fr\/wp-json\/wp\/v2\/users\/2"}],"replies":[{"embeddable":true,"href":"https:\/\/www.europesays.com\/fr\/wp-json\/wp\/v2\/comments?post=343414"}],"version-history":[{"count":0,"href":"https:\/\/www.europesays.com\/fr\/wp-json\/wp\/v2\/posts\/343414\/revisions"}],"wp:featuredmedia":[{"embeddable":true,"href":"https:\/\/www.europesays.com\/fr\/wp-json\/wp\/v2\/media\/343415"}],"wp:attachment":[{"href":"https:\/\/www.europesays.com\/fr\/wp-json\/wp\/v2\/media?parent=343414"}],"wp:term":[{"taxonomy":"category","embeddable":true,"href":"https:\/\/www.europesays.com\/fr\/wp-json\/wp\/v2\/categories?post=343414"},{"taxonomy":"post_tag","embeddable":true,"href":"https:\/\/www.europesays.com\/fr\/wp-json\/wp\/v2\/tags?post=343414"}],"curies":[{"name":"wp","href":"https:\/\/api.w.org\/{rel}","templated":true}]}}