{"id":343424,"date":"2025-08-25T18:21:10","date_gmt":"2025-08-25T18:21:10","guid":{"rendered":"https:\/\/www.europesays.com\/fr\/343424\/"},"modified":"2025-08-25T18:21:10","modified_gmt":"2025-08-25T18:21:10","slug":"deux-enseignes-tres-populaires-arrivent-au-centre-commercial-de-barentin","status":"publish","type":"post","link":"https:\/\/www.europesays.com\/fr\/343424\/","title":{"rendered":"Deux enseignes tr\u00e8s populaires arrivent au centre commercial de Barentin"},"content":{"rendered":"<p>            Par<br \/>\n        <strong><br \/>\n            <a href=\"https:\/\/actu.fr\/auteur\/julien-bouteiller\" title=\"Consulter tous les articles de Julien Bouteiller\" target=\"_blank\" rel=\"noopener\">Julien Bouteiller<\/a><br \/>\n        <\/strong><\/p>\n<p>        Publi\u00e9 le<\/p>\n<p>            25 ao\u00fbt 2025 \u00e0 18h20        <\/p>\n<p><strong>Le centre commercial<\/strong> de <a href=\"https:\/\/actu.fr\/normandie\/barentin_76057\" target=\"_blank\" rel=\"noopener\">Barentin (Seine-Maritime)<\/a> enrichit son offre\u2009! <a href=\"https:\/\/actu.fr\/normandie\/barentin_76057\/afterworks-bieres-et-burgers-un-nouveau-lieu-a-barentin-pour-redynamiser-la-zone-commerciale_62935040.html\" target=\"_blank\" rel=\"noopener\">Apr\u00e8s l\u2019arriv\u00e9e de My Beers<\/a>, <strong>deux nouvelles enseignes populaires<\/strong> vont y d\u00e9barquer durant cette derni\u00e8re semaine du mois d\u2019ao\u00fbt\u00a02025.<\/p>\n<p>Deux enseignes bien connues d\u00e9barquent \u00e0 Barentin<\/p>\n<p class=\" wall-content\">La premi\u00e8re ravira ceux en qu\u00eate de remise en forme. <strong>Une salle Fitness Park va en effet ouvrir ses portes le 27\u00a0ao\u00fbt.<\/strong><\/p>\n<p class=\" wall-content\">Fitness Park est une cha\u00eene fond\u00e9e en 2009. Ses salles de sport vantent des prix attractifs, avec notamment des<strong> offres de lancement comp\u00e9titives<\/strong> (quatre semaines et frais d\u2019adh\u00e9sion offerts). Elle compte aujourd\u2019hui pas moins de 350 clubs en France et dans le monde, <a href=\"https:\/\/actu.fr\/normandie\/rouen_76540\/un-fitness-park-va-ouvrir-dans-le-centre-de-rouen-2000-m-dedies-au-sport_59827672.html\" target=\"_blank\" rel=\"noopener\">dont un \u00e0 Rouen, place Saint-Marc.<\/a><\/p>\n<p class=\" wall-content\"><strong>La seconde enseigne, c\u2019est Normal<\/strong>. Ces magasins sont sp\u00e9cialis\u00e9s dans les produits d\u2019hygi\u00e8ne, cosm\u00e9tiques, m\u00e9nagers et snacks de marque \u00e0 des prix en g\u00e9n\u00e9ral r\u00e9duits par rapport aux grandes surfaces.<\/p>\n<p class=\" wall-content\">Les magasins danois fleurissent un peu partout en France. On en compte pr\u00e8s de 200 actuellement, <strong>dont trois \u00e0 Rouen<\/strong> (rue aux Juifs, <a href=\"https:\/\/actu.fr\/normandie\/rouen_76540\/un-nouveau-magasin-normal-debarque-a-rouen-on-vous-dit-ou_60791149.html\" target=\"_blank\" rel=\"noopener\">\u00e0 Saint-Sever<\/a> et aux Docks 76). L\u2019ouverture du magasin de Barentin est pr\u00e9vue pour<strong> le vendredi 29\u00a0ao\u00fbt.<\/strong><\/p>\n<p>Suivez l\u2019actualit\u00e9 de Rouen <a href=\"https:\/\/www.whatsapp.com\/channel\/0029VaKfnf99hXF2ddApFB1D\" target=\"_blank\" rel=\"noopener\">sur notre cha\u00eene WhatsApp<\/a> et <a href=\"https:\/\/www.tiktok.com\/@76actu.fr?lang=fr\" target=\"_blank\" rel=\"noopener\">sur notre compte TikTok<\/a><\/p>\n<p class=\" wall-content\">Personnalisez votre actualit\u00e9 en ajoutant vos villes et m\u00e9dias en favori avec <a href=\"https:\/\/moncompte.actu.fr\" title=\"D\u00e9couvez Mon Actu\" rel=\"nofollow noopener\" data-trk=\"{&quot;cta&quot;:{&quot;action&quot;:&quot;https:\\\/\\\/moncompte.actu.fr&quot;,&quot;category&quot;:&quot;mon compte&quot;,&quot;from&quot;:&quot;article footer&quot;,&quot;name&quot;:&quot;Mon actu&quot;,&quot;type&quot;:&quot;cta&quot;}}\" target=\"_blank\">Mon Actu<\/a>.<\/p>\n<p>                    <script async src=\"\/\/www.tiktok.com\/embed.js\"><\/script><\/p>\n","protected":false},"excerpt":{"rendered":"Par Julien Bouteiller Publi\u00e9 le 25 ao\u00fbt 2025 \u00e0 18h20 Le centre commercial de Barentin (Seine-Maritime) enrichit son&hellip;\n","protected":false},"author":2,"featured_media":343425,"comment_status":"","ping_status":"","sticky":false,"template":"","format":"standard","meta":{"footnotes":""},"categories":[6],"tags":[35,215,33,34,1011,27,1652,3147],"class_list":{"0":"post-343424","1":"post","2":"type-post","3":"status-publish","4":"format-standard","5":"has-post-thumbnail","7":"category-economie","8":"tag-business","9":"tag-commerce","10":"tag-economie","11":"tag-economy","12":"tag-fr","13":"tag-france","14":"tag-loisirs-culture","15":"tag-nouveaux-commerces"},"share_on_mastodon":{"url":"","error":""},"_links":{"self":[{"href":"https:\/\/www.europesays.com\/fr\/wp-json\/wp\/v2\/posts\/343424","targetHints":{"allow":["GET"]}}],"collection":[{"href":"https:\/\/www.europesays.com\/fr\/wp-json\/wp\/v2\/posts"}],"about":[{"href":"https:\/\/www.europesays.com\/fr\/wp-json\/wp\/v2\/types\/post"}],"author":[{"embeddable":true,"href":"https:\/\/www.europesays.com\/fr\/wp-json\/wp\/v2\/users\/2"}],"replies":[{"embeddable":true,"href":"https:\/\/www.europesays.com\/fr\/wp-json\/wp\/v2\/comments?post=343424"}],"version-history":[{"count":0,"href":"https:\/\/www.europesays.com\/fr\/wp-json\/wp\/v2\/posts\/343424\/revisions"}],"wp:featuredmedia":[{"embeddable":true,"href":"https:\/\/www.europesays.com\/fr\/wp-json\/wp\/v2\/media\/343425"}],"wp:attachment":[{"href":"https:\/\/www.europesays.com\/fr\/wp-json\/wp\/v2\/media?parent=343424"}],"wp:term":[{"taxonomy":"category","embeddable":true,"href":"https:\/\/www.europesays.com\/fr\/wp-json\/wp\/v2\/categories?post=343424"},{"taxonomy":"post_tag","embeddable":true,"href":"https:\/\/www.europesays.com\/fr\/wp-json\/wp\/v2\/tags?post=343424"}],"curies":[{"name":"wp","href":"https:\/\/api.w.org\/{rel}","templated":true}]}}