{"id":343427,"date":"2025-08-25T18:23:13","date_gmt":"2025-08-25T18:23:13","guid":{"rendered":"https:\/\/www.europesays.com\/fr\/343427\/"},"modified":"2025-08-25T18:23:13","modified_gmt":"2025-08-25T18:23:13","slug":"apres-le-boycott-dun-journaliste-lfi-naura-plus-jamais-mon-vote-liberation","status":"publish","type":"post","link":"https:\/\/www.europesays.com\/fr\/343427\/","title":{"rendered":"apr\u00e8s le boycott d\u2019un journaliste, LFI n\u2019aura plus jamais mon vote\u00a0! \u2013 Lib\u00e9ration"},"content":{"rendered":"<p class=\"sc-ksZaOG ehjQrN text-element\">Il y a dix-sept ans, empli de l\u2019\u00e9nergie de la jeunesse, j\u2019\u00e9crivais une<a href=\"https:\/\/share.google\/YDpBA5RuEI6hzELBL\" target=\"_blank\" rel=\"noopener\" title=\"https:\/\/share.google\/YDpBA5RuEI6hzELBL\"> tribune<\/a> fougueuse que Rue89 \u2013 qu\u2019elle repose en paix \u2013 publiait. Tribune critiquant l\u2019action de notre pr\u00e9sident d\u2019alors [Nicolas Sarkozy, ndlr]. Dans les ann\u00e9es qui suivirent, ma passion pour la chose politique s\u2019\u00e9tiola, et je me contentai de voter aux \u00e9lections et de suivre vaguement les faits les plus marquants. Je vote pour Hollande en 2012, pour Macron en 2017 \u2013 Hamon \u00e9tait aux fraises, je veux voter utile \u2013 et je me rends vite compte de l\u2019imposture du bonhomme, et je fais ma prise de conscience \u00e9cologique quelque part entre la crise du Covid-19 et la pr\u00e9sidentielle 2022. <\/p>\n<p class=\"sc-ksZaOG ehjQrN text-element\">On d\u00e9cr\u00e8te gentiment avec mon \u00e9pouse que l\u2019on votera \u00e9colo d\u00e9sormais, tout le temps, partout. C\u2019est facile \u00e0 faire quand on habite \u00e0 Neuilly-sur-Seine et qu\u2019on se situe du c\u00f4t\u00e9 gauche du spectre. Mon vote ne change rien aux \u00e9lections locales donc autant se donner bonne conscience et colorer un peu les graphiques des r\u00e9sultats. Combin\u00e9 \u00e0 \u00abon arr\u00eate l\u2019avion et la viande rouge\u00bb, \u00e7a impressionne beaucoup nos nouveaux amis Neuill\u00e9ens (les parents de copains de nos enfants). On se sent militants de fou, limite maquisards. La conscience politique revient.<\/p>\n<p class=\"sc-ksZaOG ehjQrN text-element\">Arrive la pr\u00e9sidentielle 2022. Et l\u00e0 : que faire ? Tenir la ligne conjugale ? Respecter l\u2019historico-familiale et voter pour le PS ? Faire barrage et voter Macron<\/p>\n","protected":false},"excerpt":{"rendered":"Il y a dix-sept ans, empli de l\u2019\u00e9nergie de la jeunesse, j\u2019\u00e9crivais une tribune fougueuse que Rue89 \u2013&hellip;\n","protected":false},"author":2,"featured_media":343428,"comment_status":"","ping_status":"","sticky":false,"template":"","format":"standard","meta":{"footnotes":""},"categories":[4],"tags":[11,1011,27,3081,780,10402,45232,12,25],"class_list":{"0":"post-343427","1":"post","2":"type-post","3":"status-publish","4":"format-standard","5":"has-post-thumbnail","7":"category-france","8":"tag-actualites","9":"tag-fr","10":"tag-france","11":"tag-jean-luc-melenchon","12":"tag-lfi","13":"tag-liberte-de-la-presse","14":"tag-liberte-d-expression","15":"tag-news","16":"tag-republique-francaise"},"share_on_mastodon":{"url":"https:\/\/pubeurope.com\/@fr\/115090804189969057","error":""},"_links":{"self":[{"href":"https:\/\/www.europesays.com\/fr\/wp-json\/wp\/v2\/posts\/343427","targetHints":{"allow":["GET"]}}],"collection":[{"href":"https:\/\/www.europesays.com\/fr\/wp-json\/wp\/v2\/posts"}],"about":[{"href":"https:\/\/www.europesays.com\/fr\/wp-json\/wp\/v2\/types\/post"}],"author":[{"embeddable":true,"href":"https:\/\/www.europesays.com\/fr\/wp-json\/wp\/v2\/users\/2"}],"replies":[{"embeddable":true,"href":"https:\/\/www.europesays.com\/fr\/wp-json\/wp\/v2\/comments?post=343427"}],"version-history":[{"count":0,"href":"https:\/\/www.europesays.com\/fr\/wp-json\/wp\/v2\/posts\/343427\/revisions"}],"wp:featuredmedia":[{"embeddable":true,"href":"https:\/\/www.europesays.com\/fr\/wp-json\/wp\/v2\/media\/343428"}],"wp:attachment":[{"href":"https:\/\/www.europesays.com\/fr\/wp-json\/wp\/v2\/media?parent=343427"}],"wp:term":[{"taxonomy":"category","embeddable":true,"href":"https:\/\/www.europesays.com\/fr\/wp-json\/wp\/v2\/categories?post=343427"},{"taxonomy":"post_tag","embeddable":true,"href":"https:\/\/www.europesays.com\/fr\/wp-json\/wp\/v2\/tags?post=343427"}],"curies":[{"name":"wp","href":"https:\/\/api.w.org\/{rel}","templated":true}]}}