{"id":343431,"date":"2025-08-25T18:25:16","date_gmt":"2025-08-25T18:25:16","guid":{"rendered":"https:\/\/www.europesays.com\/fr\/343431\/"},"modified":"2025-08-25T18:25:16","modified_gmt":"2025-08-25T18:25:16","slug":"la-talaudiere-600-000-euros-de-travaux-au-college-pierre-et-marie-curie","status":"publish","type":"post","link":"https:\/\/www.europesays.com\/fr\/343431\/","title":{"rendered":"La Talaudi\u00e8re. 600\u00a0000\u00a0euros de travaux au coll\u00e8ge Pierre-et-Marie-Curie"},"content":{"rendered":"<p>Le conseil d\u00e9partemental a investi 600\u00a0000\u00a0euros hors taxes au sein du coll\u00e8ge Pierre-et-Marie-Curie pour des travaux, dont certains qui se poursuivront apr\u00e8s la rentr\u00e9e.<\/p>\n<p>Achever la d\u00e9simperm\u00e9abilisation des sols ext\u00e9rieurs reste la priorit\u00e9. Les \u00e9l\u00e8ves fouleront ce nouveau rev\u00eatement sp\u00e9cial lundi 1er \u00a0septembre.<\/p>\n<p>Par ailleurs, les espaces seront v\u00e9g\u00e9talis\u00e9s, des bancs seront install\u00e9s, un terrain de sport verra le jour, et l\u2019\u00e9clairage sera adapt\u00e9 aux saisons.<\/p>\n","protected":false},"excerpt":{"rendered":"Le conseil d\u00e9partemental a investi 600\u00a0000\u00a0euros hors taxes au sein du coll\u00e8ge Pierre-et-Marie-Curie pour des travaux, dont certains&hellip;\n","protected":false},"author":2,"featured_media":343432,"comment_status":"","ping_status":"","sticky":false,"template":"","format":"standard","meta":{"footnotes":""},"categories":[9653],"tags":[1111,11,2430,3599,7539,1057,1777,674,1011,27,12053,12,25,4001,9664],"class_list":{"0":"post-343431","1":"post","2":"type-post","3":"status-publish","4":"format-standard","5":"has-post-thumbnail","7":"category-saint-etienne","8":"tag-actu","9":"tag-actualites","10":"tag-auvergne-rhone-alpes","11":"tag-college-lycee","12":"tag-edition-loire-sud","13":"tag-education","14":"tag-eu","15":"tag-europe","16":"tag-fr","17":"tag-france","18":"tag-la-talaudiere","19":"tag-news","20":"tag-republique-francaise","21":"tag-saint-etienne","22":"tag-saint-etienne-bassin"},"share_on_mastodon":{"url":"https:\/\/pubeurope.com\/@fr\/115090812085774299","error":""},"_links":{"self":[{"href":"https:\/\/www.europesays.com\/fr\/wp-json\/wp\/v2\/posts\/343431","targetHints":{"allow":["GET"]}}],"collection":[{"href":"https:\/\/www.europesays.com\/fr\/wp-json\/wp\/v2\/posts"}],"about":[{"href":"https:\/\/www.europesays.com\/fr\/wp-json\/wp\/v2\/types\/post"}],"author":[{"embeddable":true,"href":"https:\/\/www.europesays.com\/fr\/wp-json\/wp\/v2\/users\/2"}],"replies":[{"embeddable":true,"href":"https:\/\/www.europesays.com\/fr\/wp-json\/wp\/v2\/comments?post=343431"}],"version-history":[{"count":0,"href":"https:\/\/www.europesays.com\/fr\/wp-json\/wp\/v2\/posts\/343431\/revisions"}],"wp:featuredmedia":[{"embeddable":true,"href":"https:\/\/www.europesays.com\/fr\/wp-json\/wp\/v2\/media\/343432"}],"wp:attachment":[{"href":"https:\/\/www.europesays.com\/fr\/wp-json\/wp\/v2\/media?parent=343431"}],"wp:term":[{"taxonomy":"category","embeddable":true,"href":"https:\/\/www.europesays.com\/fr\/wp-json\/wp\/v2\/categories?post=343431"},{"taxonomy":"post_tag","embeddable":true,"href":"https:\/\/www.europesays.com\/fr\/wp-json\/wp\/v2\/tags?post=343431"}],"curies":[{"name":"wp","href":"https:\/\/api.w.org\/{rel}","templated":true}]}}