{"id":343437,"date":"2025-08-25T18:29:27","date_gmt":"2025-08-25T18:29:27","guid":{"rendered":"https:\/\/www.europesays.com\/fr\/343437\/"},"modified":"2025-08-25T18:29:27","modified_gmt":"2025-08-25T18:29:27","slug":"national-lancien-defenseur-de-las-nancy-lorraine-prince-mendy-a-lessai-a-sochaux","status":"publish","type":"post","link":"https:\/\/www.europesays.com\/fr\/343437\/","title":{"rendered":"National. L\u2019ancien d\u00e9fenseur de l\u2019AS Nancy-Lorraine Prince Mendy \u00e0 l\u2019essai \u00e0 Sochaux"},"content":{"rendered":"<p>Sochaux a mis \u00e0 l\u2019essai un joueur toute la semaine. Les quelques supporters pr\u00e9sents ce lundi \u00e0 l\u2019entra\u00eenement ont ainsi constat\u00e9 la pr\u00e9sence d\u2019un nouveau visage. Celui de Prince Mendy, qui pourrait donc peut-\u00eatre rejoindre d\u00e9finitivement l\u2019effectif apr\u00e8s le d\u00e9part de Boris Moltenis pour l\u2019Espagne, il y a quelques jours.<\/p>\n<p>Habitu\u00e9 aux joutes du National, le solide d\u00e9fenseur central, tonique et dur au duel, a notamment jou\u00e9 \u00e0 Quevilly-Rouen (2017-2020) ainsi qu\u2019\u00e0 l\u2019ASNL (60 matchs entre\u00a02022 et\u00a02024) o\u00f9 il a laiss\u00e9 un bon souvenir. En novembre\u00a02023, le joueur d\u00e9sormais \u00e2g\u00e9 de 30 ans portait le brassard au stade Marcel-Picot <a href=\"https:\/\/www.estrepublicain.fr\/sport\/2023\/11\/04\/as-nancy-lorraine-sochaux-(1-1)-le-malheur-pour-la-fin\" target=\"_blank\" rel=\"noopener\">lorsque Viltard avait envoy\u00e9 un bijou dans la lucarne de Sourzac dans le temps additionnel (1-1)<\/a>. Il avait ensuite, avec son \u00e9quipe, subi la loi d\u2019Hoggas et Zohi (4-1) en avril\u00a02024 \u00e0 Bonal.<\/p>\n<p>Libre depuis la fin de son contrat avec Nancy \u00e0 l\u2019\u00e9t\u00e9 2024, <a href=\"https:\/\/www.estrepublicain.fr\/sport\/2024\/07\/31\/as-nancy-lorraine-prince-mendy-met-le-cap-sur-les-emirats-arabes-unis\" target=\"_blank\" rel=\"noopener\">Prince Mendy s\u2019\u00e9tait ensuite engag\u00e9 avec le club d\u2019Al Fujairah SC<\/a>, l\u2019\u00e9t\u00e9 dernier. En Franche-Comt\u00e9, son profil est bien connu et donc appr\u00e9ci\u00e9. L\u2019objectif de ces prochains jours sera dans les faits d\u2019\u00e9valuer l\u2019\u00e9tat de forme du S\u00e9n\u00e9galais, qui a disput\u00e9 une vingtaine de rencontres avec la structure de D2 \u00e9miratie.<\/p>\n","protected":false},"excerpt":{"rendered":"Sochaux a mis \u00e0 l\u2019essai un joueur toute la semaine. Les quelques supporters pr\u00e9sents ce lundi \u00e0 l\u2019entra\u00eenement&hellip;\n","protected":false},"author":2,"featured_media":343438,"comment_status":"","ping_status":"","sticky":false,"template":"","format":"standard","meta":{"footnotes":""},"categories":[9635],"tags":[1111,11,3703,1704,1777,674,107,1701,63,1011,27,775,1702,1703,12,25,517,1700],"class_list":{"0":"post-343437","1":"post","2":"type-post","3":"status-publish","4":"format-standard","5":"has-post-thumbnail","7":"category-nancy","8":"tag-actu","9":"tag-actualites","10":"tag-asnl","11":"tag-edition-nancy-et-agglomeration","12":"tag-eu","13":"tag-europe","14":"tag-fil-info","15":"tag-fil-info-sport","16":"tag-football","17":"tag-fr","18":"tag-france","19":"tag-grand-est","20":"tag-nancy","21":"tag-nancy-ville-54b","22":"tag-news","23":"tag-republique-francaise","24":"tag-sport","25":"tag-sport-lorrain"},"share_on_mastodon":{"url":"https:\/\/pubeurope.com\/@fr\/115090827906735375","error":""},"_links":{"self":[{"href":"https:\/\/www.europesays.com\/fr\/wp-json\/wp\/v2\/posts\/343437","targetHints":{"allow":["GET"]}}],"collection":[{"href":"https:\/\/www.europesays.com\/fr\/wp-json\/wp\/v2\/posts"}],"about":[{"href":"https:\/\/www.europesays.com\/fr\/wp-json\/wp\/v2\/types\/post"}],"author":[{"embeddable":true,"href":"https:\/\/www.europesays.com\/fr\/wp-json\/wp\/v2\/users\/2"}],"replies":[{"embeddable":true,"href":"https:\/\/www.europesays.com\/fr\/wp-json\/wp\/v2\/comments?post=343437"}],"version-history":[{"count":0,"href":"https:\/\/www.europesays.com\/fr\/wp-json\/wp\/v2\/posts\/343437\/revisions"}],"wp:featuredmedia":[{"embeddable":true,"href":"https:\/\/www.europesays.com\/fr\/wp-json\/wp\/v2\/media\/343438"}],"wp:attachment":[{"href":"https:\/\/www.europesays.com\/fr\/wp-json\/wp\/v2\/media?parent=343437"}],"wp:term":[{"taxonomy":"category","embeddable":true,"href":"https:\/\/www.europesays.com\/fr\/wp-json\/wp\/v2\/categories?post=343437"},{"taxonomy":"post_tag","embeddable":true,"href":"https:\/\/www.europesays.com\/fr\/wp-json\/wp\/v2\/tags?post=343437"}],"curies":[{"name":"wp","href":"https:\/\/api.w.org\/{rel}","templated":true}]}}