{"id":343439,"date":"2025-08-25T18:30:11","date_gmt":"2025-08-25T18:30:11","guid":{"rendered":"https:\/\/www.europesays.com\/fr\/343439\/"},"modified":"2025-08-25T18:30:11","modified_gmt":"2025-08-25T18:30:11","slug":"emmanuel-macron-attendu-a-toulon-ce-vendredi-depuis-son-election-en-2017-le-president-a-pris-ses-marques-en-bord-de-rade-2","status":"publish","type":"post","link":"https:\/\/www.europesays.com\/fr\/343439\/","title":{"rendered":"Emmanuel Macron attendu \u00e0 Toulon ce vendredi: depuis son \u00e9lection en 2017, le Pr\u00e9sident a pris ses marques en bord de rade"},"content":{"rendered":"<p>Le Pr\u00e9sident dans le Var, ce n\u2019est pas franchement une nouveaut\u00e9 puisque chaque ann\u00e9e depuis son \u00e9lection en 2017, Emmanuel Macron prend ses quartiers d\u2019\u00e9t\u00e9 \u00e0 Br\u00e9gan\u00e7on. Ses visites \u00e0 Toulon ont en revanche \u00e9t\u00e9 moins fr\u00e9quentes. La plus embl\u00e9matique est sans doute celle du 4 ao\u00fbt 2020.<\/p>\n<p>Balade toulonnaise<\/p>\n<p>Au c\u0153ur de l\u2019\u00e9t\u00e9 et entre deux confinements, <a href=\"https:\/\/www.varmatin.com\/politique\/emmanuel-macron-rend-visite-a-une-veuve-isolee-de-toulon-et-annonce-une-prime-exceptionnelle-aux-aides-a-domicile-550282\" rel=\"nofollow noopener\" target=\"_blank\">le chef de l\u2019\u00c9tat se rend en plein centre de la capitale varoise<\/a>. \u00c0 la m\u00e9diath\u00e8que Chalucet et en compagnie de l\u2019ancien maire de la ville Hubert Falco, il rencontre d\u2019abord des aides \u00e0 domicile, au cours d\u2019une s\u00e9quence d\u00e9di\u00e9e aux soins aux personnes \u00e2g\u00e9es. Apr\u00e8s un court trajet \u00e0 pied, suivi par de nombreux curieux, Emmanuel Macron d\u00e9jeune place de la Libert\u00e9 en t\u00eate \u00e0 t\u00eate avec l\u2019\u00e9dile toulonnais.<\/p>\n<p>Apr\u00e8s une visite surprise au commissariat, le Pr\u00e9sident rend visite \u00e0<a href=\"https:\/\/www.varmatin.com\/politique\/la-drole-de-matinee-de-gisele-une-toulonnaise-de-80-ans-a-qui-emmanuel-macron-a-rendu-visite-550823\" rel=\"nofollow noopener\" target=\"_blank\"> Gis\u00e8le, une veuve toulonnaise, alors \u00e2g\u00e9e de 80 ans, qui le re\u00e7oit dans son modeste appartement<\/a> du Pont-du-Las.<\/p>\n<p>Au garde-\u00e0-vous<\/p>\n<p>Si cette journ\u00e9e toulonnaise est la plus marquante, la plus r\u00e9cente date en fait de novembre 2022. Cette fois-l\u00e0, <a href=\"https:\/\/www.varmatin.com\/marine\/emmanuel-macron-dans-son-costume-de-chef-des-armees-a-toulon-806643\" rel=\"nofollow noopener\" target=\"_blank\">c\u2019est en tant que chef des arm\u00e9es qu\u2019Emmanuel Macron se pr\u00e9sente<\/a> non pas en bord de rade, mais bien sur la rade, \u00e0 bord du porte-h\u00e9licopt\u00e8res amphibie (PHA) Dixmude. Apr\u00e8s les traditionnels vingt et un coups de canon, il pr\u00e9sente la \u00ab\u00a0Revue nationale strat\u00e9gique\u00a0\u00bb, annonce la fin de l\u2019op\u00e9ration Barkhane et d\u00e9core des soldats des trois arm\u00e9es, avant de se rendre \u00e0 Saint-Mandrier pour rencontrer des commandos.<\/p>\n<p>              <img ci-src=\"https:\/\/www.varmatin.com\/politique\/protec\/DATA_ART_16130618-c73cTL22.jpg?vh=f62506&amp;ci_seal=930826c5ab\" alt=\"\"\/><br \/>\n        La derni\u00e8re visite du pr\u00e9sident de la R\u00e9publique \u00e0 Toulon date de novembre 2022. Il \u00e9tait alors au large, \u00e0 bord du porte-h\u00e9licopt\u00e8res amphibie (PHA) Dixmude.  <strong>Photo doc. Frank Muller.<\/strong> <\/p>\n<p>Ce contexte militaire a d\u00e9j\u00e0, par deux fois, \u00e9t\u00e9 l\u2019occasion pour le pr\u00e9sident de la R\u00e9publique de se rendre du c\u00f4t\u00e9 de la base navale et particuli\u00e8rement \u00e0 bord du porte-avions Charles-de-Gaulle. En janvier 2018, il pr\u00e9sente ses v\u0153ux aux arm\u00e9es, puis quelques mois plus tard, <a href=\"https:\/\/www.varmatin.com\/politique\/macron-a-bord-du-charles-de-gaulle-on-a-un-porte-avions-dexcellence-a-la-pointe-de-la-technologie-277284\" rel=\"nofollow noopener\" target=\"_blank\">en novembre, assiste \u00e0 des man\u0153uvres de qualifications du groupe a\u00e9rien embarqu\u00e9<\/a>.<\/p>\n<p>Rendez-vous manqu\u00e9s<\/p>\n<p><a href=\"https:\/\/www.varmatin.com\/histoire\/ceremonie-a-la-necropole-de-boulouris-evocation-au-mourillon-show-aerien-suivez-en-direct-avec-nous-les-commemorations-du-80e-anniversaire-du-debarquement-en-provence-939070\" rel=\"nofollow noopener\" target=\"_blank\">En 2024, en revanche, le rendez-vous avec la ville pr\u00e9fecture est manqu\u00e9<\/a>. Avec plusieurs dirigeants africains, le chef de l\u2019\u00c9tat doit assister, plages du Mourillon, \u00e0 l\u2019\u00e9vocation du D\u00e9barquement de Provence, dont on f\u00eate alors les 80 ans. Mais la m\u00e9t\u00e9o n\u2019est pas des c\u00e9l\u00e9brations et des conditions jug\u00e9es d\u00e9favorables par la pr\u00e9fecture conduisent \u00e0 l\u2019annulation des festivit\u00e9s toulonnaises.<\/p>\n<p>Emmanuel Macron et Toulon, c\u2019est aussi <a href=\"https:\/\/www.varmatin.com\/politique\/emmanuel-macron-en-visite-a-toulon-le-mercredi-29-mars-on-fait-le-point-sur-cette-rumeur-qui-court-836901\" rel=\"nofollow noopener\" target=\"_blank\">une rumeur, lorsqu\u2019en 2023, des syndicats croient savoir que le Pr\u00e9sident sera, en mars, pr\u00e9sent au Palais Neptune<\/a> pour annoncer la g\u00e9n\u00e9ralisation du Service national universel. \u00ab\u00a0Jupiter \u00e0 Neptune\u00a0\u00bb: le jeu de mots est trop beau. Le rendez-vous, lui, n\u2019est que mythologie.<\/p>\n","protected":false},"excerpt":{"rendered":"Le Pr\u00e9sident dans le Var, ce n\u2019est pas franchement une nouveaut\u00e9 puisque chaque ann\u00e9e depuis son \u00e9lection en&hellip;\n","protected":false},"author":2,"featured_media":343186,"comment_status":"","ping_status":"","sticky":false,"template":"","format":"standard","meta":{"footnotes":""},"categories":[9619],"tags":[1111,11,1777,674,1011,27,12,316,882,25,2310],"class_list":{"0":"post-343439","1":"post","2":"type-post","3":"status-publish","4":"format-standard","5":"has-post-thumbnail","7":"category-toulon","8":"tag-actu","9":"tag-actualites","10":"tag-eu","11":"tag-europe","12":"tag-fr","13":"tag-france","14":"tag-news","15":"tag-politique","16":"tag-provence-alpes-cote-dazur","17":"tag-republique-francaise","18":"tag-toulon"},"share_on_mastodon":{"url":"https:\/\/pubeurope.com\/@fr\/115090831610958270","error":""},"_links":{"self":[{"href":"https:\/\/www.europesays.com\/fr\/wp-json\/wp\/v2\/posts\/343439","targetHints":{"allow":["GET"]}}],"collection":[{"href":"https:\/\/www.europesays.com\/fr\/wp-json\/wp\/v2\/posts"}],"about":[{"href":"https:\/\/www.europesays.com\/fr\/wp-json\/wp\/v2\/types\/post"}],"author":[{"embeddable":true,"href":"https:\/\/www.europesays.com\/fr\/wp-json\/wp\/v2\/users\/2"}],"replies":[{"embeddable":true,"href":"https:\/\/www.europesays.com\/fr\/wp-json\/wp\/v2\/comments?post=343439"}],"version-history":[{"count":0,"href":"https:\/\/www.europesays.com\/fr\/wp-json\/wp\/v2\/posts\/343439\/revisions"}],"wp:featuredmedia":[{"embeddable":true,"href":"https:\/\/www.europesays.com\/fr\/wp-json\/wp\/v2\/media\/343186"}],"wp:attachment":[{"href":"https:\/\/www.europesays.com\/fr\/wp-json\/wp\/v2\/media?parent=343439"}],"wp:term":[{"taxonomy":"category","embeddable":true,"href":"https:\/\/www.europesays.com\/fr\/wp-json\/wp\/v2\/categories?post=343439"},{"taxonomy":"post_tag","embeddable":true,"href":"https:\/\/www.europesays.com\/fr\/wp-json\/wp\/v2\/tags?post=343439"}],"curies":[{"name":"wp","href":"https:\/\/api.w.org\/{rel}","templated":true}]}}