{"id":343440,"date":"2025-08-25T18:31:15","date_gmt":"2025-08-25T18:31:15","guid":{"rendered":"https:\/\/www.europesays.com\/fr\/343440\/"},"modified":"2025-08-25T18:31:15","modified_gmt":"2025-08-25T18:31:15","slug":"paris-26eme-conseil-des-ministres-franco-allemand-le-29-aout-a-toulon","status":"publish","type":"post","link":"https:\/\/www.europesays.com\/fr\/343440\/","title":{"rendered":"PARIS : 26\u00e8me Conseil des ministres franco-allemand le 29 ao\u00fbt \u00e0 Toulon"},"content":{"rendered":"<p><strong>26\u00e8me Conseil des ministres franco-allemand le 29 ao\u00fbt \u00e0 Toulon.<\/strong><\/p>\n<p>Dans le cadre du 26\u00e8 Conseil des ministres franco-allemand qui se d\u00e9roulera le vendredi 29 ao\u00fbt 2025 \u00e0 Toulon, un brief en audioconf\u00e9rence est organis\u00e9.<\/p>\n<p><strong>Le lundi 25 ao\u00fbt 2025 \u00e0 14h30<\/strong><\/p>\n<p>Il sera effectu\u00e9 par M. Emmanuel BONNE, Conseiller diplomatique, sherpa G20, sherpa G7, M. Alexis DUTERTRE, Conseiller Europe et M. Bertrand BUCHWALTER, Conseiller Europe continentale \u2013 Turquie du pr\u00e9sident de la R\u00e9publique.<\/p>\n","protected":false},"excerpt":{"rendered":"26\u00e8me Conseil des ministres franco-allemand le 29 ao\u00fbt \u00e0 Toulon. Dans le cadre du 26\u00e8 Conseil des ministres&hellip;\n","protected":false},"author":2,"featured_media":301857,"comment_status":"","ping_status":"","sticky":false,"template":"","format":"standard","meta":{"footnotes":""},"categories":[9619],"tags":[1111,11,1777,674,1011,27,12,882,25,2310],"class_list":{"0":"post-343440","1":"post","2":"type-post","3":"status-publish","4":"format-standard","5":"has-post-thumbnail","7":"category-toulon","8":"tag-actu","9":"tag-actualites","10":"tag-eu","11":"tag-europe","12":"tag-fr","13":"tag-france","14":"tag-news","15":"tag-provence-alpes-cote-dazur","16":"tag-republique-francaise","17":"tag-toulon"},"share_on_mastodon":{"url":"https:\/\/pubeurope.com\/@fr\/115090835674507276","error":""},"_links":{"self":[{"href":"https:\/\/www.europesays.com\/fr\/wp-json\/wp\/v2\/posts\/343440","targetHints":{"allow":["GET"]}}],"collection":[{"href":"https:\/\/www.europesays.com\/fr\/wp-json\/wp\/v2\/posts"}],"about":[{"href":"https:\/\/www.europesays.com\/fr\/wp-json\/wp\/v2\/types\/post"}],"author":[{"embeddable":true,"href":"https:\/\/www.europesays.com\/fr\/wp-json\/wp\/v2\/users\/2"}],"replies":[{"embeddable":true,"href":"https:\/\/www.europesays.com\/fr\/wp-json\/wp\/v2\/comments?post=343440"}],"version-history":[{"count":0,"href":"https:\/\/www.europesays.com\/fr\/wp-json\/wp\/v2\/posts\/343440\/revisions"}],"wp:featuredmedia":[{"embeddable":true,"href":"https:\/\/www.europesays.com\/fr\/wp-json\/wp\/v2\/media\/301857"}],"wp:attachment":[{"href":"https:\/\/www.europesays.com\/fr\/wp-json\/wp\/v2\/media?parent=343440"}],"wp:term":[{"taxonomy":"category","embeddable":true,"href":"https:\/\/www.europesays.com\/fr\/wp-json\/wp\/v2\/categories?post=343440"},{"taxonomy":"post_tag","embeddable":true,"href":"https:\/\/www.europesays.com\/fr\/wp-json\/wp\/v2\/tags?post=343440"}],"curies":[{"name":"wp","href":"https:\/\/api.w.org\/{rel}","templated":true}]}}