{"id":343443,"date":"2025-08-25T18:33:12","date_gmt":"2025-08-25T18:33:12","guid":{"rendered":"https:\/\/www.europesays.com\/fr\/343443\/"},"modified":"2025-08-25T18:33:12","modified_gmt":"2025-08-25T18:33:12","slug":"menace-depisode-cevenol-les-meubles-touristiques-vises-a-montpellier-le-ministre-de-la-sante-a-beziers-lessentiel-de-lactu-en-region","status":"publish","type":"post","link":"https:\/\/www.europesays.com\/fr\/343443\/","title":{"rendered":"Menace d\u2019\u00e9pisode c\u00e9venol, les meubl\u00e9s touristiques vis\u00e9s \u00e0 Montpellier, le ministre de la Sant\u00e9 \u00e0 B\u00e9ziers\u2026 l\u2019essentiel de l\u2019actu en r\u00e9gion"},"content":{"rendered":"<p>\n                                                                Chaque soir \u00e0 20\u00a0h\u00a030, retrouvez les 5 informations r\u00e9gionales de la journ\u00e9e qu\u2019il ne fallait pas rater.\n                            <\/p>\n<p>Vers un \u00e9pisode c\u00e9venol\u00a0?<\/p>\n<p><strong>#GARD \u2013<\/strong> La menace d\u2019un \u00e9pisode m\u00e9diterran\u00e9en se confirme pour cette derni\u00e8re semaine d\u2019ao\u00fbt\u00a02025 avec son lot d\u2019orages violents, de pluies intenses, de rafales de vent et m\u00eame de gr\u00eale. Mercredi 27\u00a0ao\u00fbt, les pluies devraient \u00eatre mod\u00e9r\u00e9es sur le Gard, en revanche, des orages plus violents sont attendus ce jeudi 28\u00a0ao\u00fbt. \u00ab\u00a0Un thalweg d\u2019altitude tr\u00e8s dynamique gagne par l\u2019ouest. Les orages pourront produire gr\u00eale et pluies intenses\u00a0\u00bb, annonce le site <a href=\"https:\/\/www.keraunos.org\/\" target=\"_self\" rel=\"nofollow noopener\">Keraunos<\/a>. C\u2019est surtout au cours de la soir\u00e9e et durant toute la nuit de mercredi\u00a027 \u00e0 jeudi 28\u00a0ao\u00fbt, selon <a href=\"https:\/\/meteofrance.com\/previsions-meteo-france\/gard\/30\" target=\"_self\" rel=\"nofollow noopener\">M\u00e9t\u00e9o France<\/a>, que l\u2019\u00e9pisode pluvio-orageux couvrira tout le Gard.<\/p>\n<p>        <img decoding=\"async\" class=\"std-img__img responsive-img\" src=\"https:\/\/www.europesays.com\/fr\/wp-content\/uploads\/2025\/08\/1756146792_527_image.jpg\" alt=\"Les pr\u00e9visions du site Keraunos\"\/><\/p>\n<p>                Les pr\u00e9visions du site Keraunos<\/p>\n<p>Le chiffre du jour\u00a0: 10\u00a0000<\/p>\n<p><strong>#N\u00ceMES \u2013<\/strong> C\u2019est le nombre d\u2019\u00e9quivalents journ\u00e9es de sorties et autres activit\u00e9s propos\u00e9es cet \u00e9t\u00e9 2025 aux jeunes des quartiers prioritaires de N\u00eemes. Dans le contexte d\u2019un \u00e9t\u00e9 particuli\u00e8rement difficile, avec une flamb\u00e9e de violence ayant entra\u00een\u00e9 <a href=\"https:\/\/www.midilibre.fr\/2025\/08\/18\/la-ville-de-nimes-prolonge-le-couvre-feu-jusquau-1er-septembre-12881852.php\" target=\"_self\" rel=\"nofollow noopener\">un couvre-feu pour les mineurs<\/a>, N\u00eemes et ses centres sociaux se f\u00e9licitent de ce record. \u00ab\u00a0Il y avait d\u2019un c\u00f4t\u00e9 le couvre-feu, difficile mais n\u00e9cessaire, explique Fran\u00e7ois Courdil, adjoint municipal. Mais quand on sort, on arrive \u00e0 cr\u00e9er du lien mais aussi \u00e0 parler, en dehors du quartier.\u00a0\u00bb<\/p>\n<p>Des mesures contre les meubl\u00e9s touristiques<\/p>\n<blockquote data-class=\"twitter-tweet\">\n<p lang=\"fr\" dir=\"ltr\">La r\u00e9gulation d\u2019Airbnb est essentielle pour pr\u00e9server l\u2019offre de logements accessibles aux familles et soutenir l\u2019h\u00f4tellerie garante de l\u2019hospitalit\u00e9. \u00c0 <a href=\"https:\/\/twitter.com\/hashtag\/Montpellier?src=hash&amp;ref_src=twsrc%5Etfw\" rel=\"nofollow noopener\" target=\"_blank\">#Montpellier<\/a>, nous encadrons, nous r\u00e9gulons et nous faisons appliquer les r\u00e8gles. Un cadenas ? sur un bien public n\u2019a pas sa\u2026 <a href=\"https:\/\/t.co\/0MLoJ5TfeF\" rel=\"nofollow\">https:\/\/t.co\/0MLoJ5TfeF<\/a><\/p>\n<p>\u2014 Micha\u00ebl Delafosse (@MDelafosse) <a href=\"https:\/\/twitter.com\/MDelafosse\/status\/1951545914075590657?ref_src=twsrc%5Etfw\" rel=\"nofollow noopener\" target=\"_blank\">August 2, 2025<\/a><\/p><\/blockquote>\n<p><strong>#MONTPELLIER \u2013<\/strong><strong> <\/strong>\u00ab\u00a0Un cadenas sur un bien public n\u2019a pas sa place\u00a0: il est retir\u00e9\u00a0\u00bb, peut-on lire sur un r\u00e9cent tweet du maire de Montpellier Micha\u00ebl Delafosse, au sujet des bo\u00eetes \u00e0 cl\u00e9s utilis\u00e9es sur les logements lou\u00e9s sur Airbnb ou Booking. Au 1er\u00a0ao\u00fbt 2025, Montpellier comptait 6\u00a0233 meubl\u00e9s touristiques d\u00e9clar\u00e9s, sur 177\u00a0111 logements, soit 3,52\u00a0%. Face \u00e0 un march\u00e9 immobilier satur\u00e9 et une forte pression d\u00e9mographique, un r\u00e8glement encadre les locations de meubl\u00e9s touristiques. \u00ab\u00a0Avant, les propri\u00e9taires pouvaient louer autant d\u2019appartements en courte dur\u00e9e qu\u2019ils voulaient. Ce qui cr\u00e9ait des villes fant\u00f4mes\u00a0\u00bb, explique un employ\u00e9 d\u2019Haussman Conciergerie. Ces mesures visent aussi \u00e0 limiter les nuisances sonores. Des sanctions financi\u00e8res sont pr\u00e9vues. Reste \u00e0 savoir si elles auront un effet dissuasif.<\/p>\n<p>Le ministre inaugure la Maison des femmes<\/p>\n<p><strong>#B\u00c9ZIERS \u2013 <\/strong>Pr\u00e8s de deux mois apr\u00e8s son ouverture, le 10\u00a0juin 2025, <a href=\"https:\/\/ch-beziers.fr\/patient-resident\/prevention-sante\/maison-des-femmes\/\" target=\"_self\" rel=\"nofollow noopener\">la Maison des femmes de l\u2019H\u00f4pital de B\u00e9ziers<\/a> a d\u00e9j\u00e0 accueilli une trentaine de victimes de violences intrafamiliales. Lundi, le ministre de la Sant\u00e9 Yannick Neuder a officiellement inaugur\u00e9 le site, situ\u00e9 au centre hospitalier de B\u00e9ziers. Marie-Ange Gau, m\u00e9decin urgentiste coordinatrice de l\u2019espace Delphine, a expliqu\u00e9 \u00ab\u00a0la prise en charge en termes de suivi. Nous orientons les femmes vers tous nos partenaires, services de police, de gendarmerie, justice, avocat, association d\u2019aides aux victimes. Tout se passe dans ce lieu unique et plus s\u00e9curisant\u00a0\u00bb. En marge de cette visite, Yannick Neuder a d\u00e9clar\u00e9 que le budget de son minist\u00e8re n\u2019avait pas vocation \u00e0 diminuer. \u00ab\u00a0Si le syst\u00e8me hospitalier a encore tenu pendant cet \u00e9t\u00e9, alors que nous avons connu des \u00e9pisodes caniculaires, c\u2019est gr\u00e2ce \u00e0 la mobilisation des professionnels de sant\u00e9, a avanc\u00e9 Yannick Neuder. En ce qui concerne les questions budg\u00e9taires, il n\u2019est pas question de faire des \u00e9conomies sur le dos de la sant\u00e9 des Fran\u00e7ais\u00a0\u00bb, a ajout\u00e9 la ministre.<\/p>\n<p>Des finances \u00ab\u00a0saines\u00a0\u00bb<\/p>\n<p><strong>#LOZ\u00c8RE \u2013 <\/strong>Alors que tant de pr\u00e9sidents de conseils d\u00e9partementaux d\u00e9plorent r\u00e9guli\u00e8rement leurs difficult\u00e9s \u00e0 construire des budgets en \u00e9quilibre,<a href=\"https:\/\/lozere.fr\/\" target=\"_self\" rel=\"nofollow noopener\"> le D\u00e9partement de la Loz\u00e8re<\/a> affiche \u00ab\u00a0une situation financi\u00e8re saine\u00a0\u00bb, \u00e9dicte la <a href=\"https:\/\/www.ccomptes.fr\/fr\/crc-occitanie\" target=\"_self\" rel=\"nofollow noopener\">Chambre r\u00e9gionale des comptes d\u2019Occitanie<\/a>, dans un rapport publi\u00e9 ce lundi 25\u00a0ao\u00fbt 2025. \u00ab\u00a0Une gestion ma\u00eetris\u00e9e a permis de limiter l\u2019\u00e9volution de ses charges, tout en maintenant un encours de dette mod\u00e9r\u00e9e (40\u00a0millions d\u2019euros) et une capacit\u00e9 de d\u00e9sendettement favorable (1,5 an)\u00a0\u00bb, \u00e9crit l\u2019institution. Le d\u00e9partement le moins peupl\u00e9 de France profite notamment du m\u00e9canisme de p\u00e9r\u00e9quation pour \u00eatre moins d\u00e9pendant que d\u2019autres collectivit\u00e9s de la volatilit\u00e9 des recettes fiscales. Les d\u00e9penses d\u2019investissement ont aussi \u00e9t\u00e9 prioris\u00e9es.<\/p>\n<p>                                                                                                                                                                                                        <script async src=\"https:\/\/platform.twitter.com\/widgets.js\" charset=\"utf-8\"><\/script><\/p>\n","protected":false},"excerpt":{"rendered":"Chaque soir \u00e0 20\u00a0h\u00a030, retrouvez les 5 informations r\u00e9gionales de la journ\u00e9e qu\u2019il ne fallait pas rater. Vers&hellip;\n","protected":false},"author":2,"featured_media":343444,"comment_status":"","ping_status":"","sticky":false,"template":"","format":"standard","meta":{"footnotes":""},"categories":[9599],"tags":[1111,11,1777,674,1011,27,2208,12,2680,25],"class_list":{"0":"post-343443","1":"post","2":"type-post","3":"status-publish","4":"format-standard","5":"has-post-thumbnail","7":"category-montpellier","8":"tag-actu","9":"tag-actualites","10":"tag-eu","11":"tag-europe","12":"tag-fr","13":"tag-france","14":"tag-montpellier","15":"tag-news","16":"tag-occitanie","17":"tag-republique-francaise"},"share_on_mastodon":{"url":"https:\/\/pubeurope.com\/@fr\/115090843906395631","error":""},"_links":{"self":[{"href":"https:\/\/www.europesays.com\/fr\/wp-json\/wp\/v2\/posts\/343443","targetHints":{"allow":["GET"]}}],"collection":[{"href":"https:\/\/www.europesays.com\/fr\/wp-json\/wp\/v2\/posts"}],"about":[{"href":"https:\/\/www.europesays.com\/fr\/wp-json\/wp\/v2\/types\/post"}],"author":[{"embeddable":true,"href":"https:\/\/www.europesays.com\/fr\/wp-json\/wp\/v2\/users\/2"}],"replies":[{"embeddable":true,"href":"https:\/\/www.europesays.com\/fr\/wp-json\/wp\/v2\/comments?post=343443"}],"version-history":[{"count":0,"href":"https:\/\/www.europesays.com\/fr\/wp-json\/wp\/v2\/posts\/343443\/revisions"}],"wp:featuredmedia":[{"embeddable":true,"href":"https:\/\/www.europesays.com\/fr\/wp-json\/wp\/v2\/media\/343444"}],"wp:attachment":[{"href":"https:\/\/www.europesays.com\/fr\/wp-json\/wp\/v2\/media?parent=343443"}],"wp:term":[{"taxonomy":"category","embeddable":true,"href":"https:\/\/www.europesays.com\/fr\/wp-json\/wp\/v2\/categories?post=343443"},{"taxonomy":"post_tag","embeddable":true,"href":"https:\/\/www.europesays.com\/fr\/wp-json\/wp\/v2\/tags?post=343443"}],"curies":[{"name":"wp","href":"https:\/\/api.w.org\/{rel}","templated":true}]}}