{"id":343445,"date":"2025-08-25T18:34:09","date_gmt":"2025-08-25T18:34:09","guid":{"rendered":"https:\/\/www.europesays.com\/fr\/343445\/"},"modified":"2025-08-25T18:34:09","modified_gmt":"2025-08-25T18:34:09","slug":"dj-techno-electro-a-rouen-ils-font-decouvrir-des-pepites-locales-dans-leur-appartement","status":"publish","type":"post","link":"https:\/\/www.europesays.com\/fr\/343445\/","title":{"rendered":"DJ, techno, \u00e9lectro&#8230; \u00c0 Rouen, ils font d\u00e9couvrir des p\u00e9pites locales dans leur appartement"},"content":{"rendered":"<p>            Par<br \/>\n        <strong><br \/>\n            <a href=\"https:\/\/actu.fr\/auteur\/yann-rivallan\" title=\"Consulter tous les articles de Yann Rivallan\" target=\"_blank\" rel=\"noopener\">Yann Rivallan<\/a><br \/>\n        <\/strong><\/p>\n<p>        Publi\u00e9 le<\/p>\n<p>            25 ao\u00fbt 2025 \u00e0 19h20        <\/p>\n<p>Tout part d\u2019une ancienne voisine qui ne supportait pas trop <strong>la musique \u00e9lectronique<\/strong>\u2026 Avec \u00ab\u2009Myl\u00e8ne Baisse le son\u2009\u00bb, des <a href=\"https:\/\/actu.fr\/normandie\/rouen_76540\" target=\"_blank\" rel=\"noopener\">Rouennais<\/a> mettent \u00e0 l\u2019honneur <strong>des DJ locaux<\/strong> en filmant <strong>des soir\u00e9es dans un appartement<\/strong> du centre-ville. Un concept insolite qu\u2019ils nous pr\u00e9sentent.<\/p>\n<p>Filmer leurs \u00ab\u2009after\u2009\u00bb de soir\u00e9e<\/p>\n<p class=\" wall-content\">Tout s\u2019est fait \u00ab\u2009assez naturellement\u2009\u00bb, r\u00e9sument Hugo et Quentin, deux des cinq membres \u00e0 l\u2019origine du concept. Il y a de \u00e7a trois ans, une bande de potes passionn\u00e9s de mix et de musique \u00e9lectro se forme.<\/p>\n<p class=\" wall-content\">Ils encha\u00eenent les soir\u00e9es dans plusieurs bars de Rouen avec des sets de plus en plus perfectionn\u00e9s, jusqu\u2019\u00e0 se faire une remarque\u2009: \u00ab<strong>\u2009\u00c0 chaque fois, on prolongeait la soir\u00e9e<\/strong> chez l\u2019un d\u2019entre nous, pour continuer \u00e0 mixer tous ensemble, se souvient Hugo. Enfin, le plus souvent, c\u2019\u00e9tait chez moi\u2009!\u2009\u00bb<\/p>\n<p class=\" wall-content\">De l\u00e0 na\u00eet une id\u00e9e, qui va vite devenir un concept\u2009: <strong>filmer ces \u00ab\u2009after\u2009\u00bb<\/strong> de soir\u00e9e en appartement pour faire d\u00e9couvrir des DJ de Rouen et leurs univers \u00e0 l\u2019occasion d\u2019un set. Un peu \u00e0 l\u2019image de ce que proposent les cha\u00eenes <a href=\"https:\/\/www.youtube.com\/@hoer.berlin\" target=\"_blank\" rel=\"noopener\">H\u00d6R<\/a> \u00e0 Berlin et <a href=\"https:\/\/www.youtube.com\/@lethimcookradio\" target=\"_blank\" rel=\"noopener\">Let Him Cook<\/a>. \u00c0 chaque soir\u00e9e, un nouvel invit\u00e9 d\u00e9boule dans l\u2019appartement, devenu un d\u00e9cor identifiable de tous. Et petit \u00e0 petit, la pi\u00e8ce se remplit de f\u00eatards.<\/p>\n<p>Myl\u00e8ne, la voisine du dessus<\/p>\n<p class=\" wall-content\">Au moment de cr\u00e9er leur association, les cinq membres fondateurs choisissent de s\u2019appeler \u00ab\u2009Myl\u00e8ne baisse le son\u2009\u00bb, en r\u00e9f\u00e9rence \u00e0 <strong>la voisine du dessus d\u2019Hugo<\/strong> qui lui avait demand\u00e9 \u00e0 plusieurs reprises de faire moins de bruit le soir\u2026 Au point de laisser un mot sal\u00e9 sur sa porte.<\/p>\n<blockquote class=\"ac-article-quote wall-content\">\n<p>Au final, elle a particip\u00e9 \u00e0 notre premi\u00e8re assembl\u00e9e g\u00e9n\u00e9rale et c&rsquo;est elle qui a con\u00e7u notre logo [pour la cha\u00eene YouTube et le compte Instagram, NDLR].<\/p>\n<p>    <strong>Hugo<\/strong><br \/>\n        Membre fondateur de Myl\u00e8ne baisse le son    <\/p><\/blockquote>\n<p class=\" wall-content\">Personnage atypique, Myl\u00e8ne est devenue, en quelque sorte, la mascotte de l\u2019association. Et depuis quelques mois, les soir\u00e9es s\u2019encha\u00eenent sur le temps libre de toute l\u2019\u00e9quipe.<\/p>\n<p>Votre r\u00e9gion, votre actu !<\/p>\n<p>Recevez chaque jour les infos qui comptent pour vous.<\/p>\n<p>\t<a href=\"https:\/\/actu.fr\/newsletter\" class=\"ac-btn ac-btn--corner ac-btn--medium ac-btn--blue800\" target=\"_blank\" rel=\"noopener\">S&rsquo;incrire<\/a><br \/>\nUne nouvelle saison dans les prochaines semaines<\/p>\n<p class=\" wall-content\">Au d\u00e9part, \u00ab\u2009on faisait surtout passer des copains et des connaissances\u2009\u00bb, confient Hugo et Quentin. Mais petit \u00e0 petit, \u00e0 force de rencontres et de contacts, <strong>de nouvelles t\u00eates<\/strong> ont fait leur apparition dans leurs vid\u00e9os. Avec \u00e0 la cl\u00e9, \u00ab\u2009de belles rencontres\u2009\u00bb, assurent-ils.<\/p>\n<p class=\" wall-content\">En plein rodage en ce moment, les cinq membres de l\u2019association, Hugo, Quentin, Fran\u00e7ois, Manon et Luis, comptent lancer dans les prochaines semaines<strong> une \u00ab\u2009deuxi\u00e8me saison\u2009\u00bb<\/strong> de leur concept.<\/p>\n<p class=\" wall-content\">\n<p class=\" wall-content\">L\u2019id\u00e9e reste la m\u00eame\u2009: une cam\u00e9ra grand angle, un nouveau DJ \u00e0 chaque enregistrement et un chrono <strong>d\u20191h \u00e0 1h30<\/strong> pour laisser le temps aux artistes de montrer ce qu\u2019ils savent faire.<\/p>\n<p class=\" wall-content\">\u00ab\u2009J\u2019aimerais bien qu\u2019on <strong>se professionnalise<\/strong> encore plus\u2009\u00bb, envisage Hugo. Mais toute la bande s\u2019accorde sur une chose\u2009: il faut garder cet esprit de soir\u00e9es entre potes dans un appartement.<\/p>\n<p class=\" wall-content\">Leur objectif est simple\u2009: \u00ab\u2009On veut faire passer tous les DJ de Rouen et aussi des DJ \u00e9mergents pour leur donner de la visibilit\u00e9.\u2009\u00bb<\/p>\n<p>Suivez l\u2019actualit\u00e9 de Rouen sur <a href=\"https:\/\/www.whatsapp.com\/channel\/0029VaKfnf99hXF2ddApFB1D\" target=\"_blank\" rel=\"noopener\">notre cha\u00eene WhatsApp<\/a> et sur <a href=\"https:\/\/www.tiktok.com\/@76actu.fr?lang=fr\" target=\"_blank\" rel=\"noopener\">notre compte TikTok<\/a><\/p>\n<p class=\" wall-content\">Personnalisez votre actualit\u00e9 en ajoutant vos villes et m\u00e9dias en favori avec <a href=\"https:\/\/moncompte.actu.fr\" title=\"D\u00e9couvez Mon Actu\" rel=\"nofollow noopener\" data-trk=\"{&quot;cta&quot;:{&quot;action&quot;:&quot;https:\\\/\\\/moncompte.actu.fr&quot;,&quot;category&quot;:&quot;mon compte&quot;,&quot;from&quot;:&quot;article footer&quot;,&quot;name&quot;:&quot;Mon actu&quot;,&quot;type&quot;:&quot;cta&quot;}}\" target=\"_blank\">Mon Actu<\/a>.<\/p>\n<p>                    <script async src=\"\/\/www.tiktok.com\/embed.js\"><\/script><\/p>\n","protected":false},"excerpt":{"rendered":"Par Yann Rivallan Publi\u00e9 le 25 ao\u00fbt 2025 \u00e0 19h20 Tout part d\u2019une ancienne voisine qui ne supportait&hellip;\n","protected":false},"author":2,"featured_media":343446,"comment_status":"","ping_status":"","sticky":false,"template":"","format":"standard","meta":{"footnotes":""},"categories":[9587],"tags":[1111,11,1777,674,1011,27,2440,1652,873,12,5161,25,9590,2784],"class_list":{"0":"post-343445","1":"post","2":"type-post","3":"status-publish","4":"format-standard","5":"has-post-thumbnail","7":"category-rouen","8":"tag-actu","9":"tag-actualites","10":"tag-eu","11":"tag-europe","12":"tag-fr","13":"tag-france","14":"tag-instagram","15":"tag-loisirs-culture","16":"tag-musique","17":"tag-news","18":"tag-normandie","19":"tag-republique-francaise","20":"tag-rouen","21":"tag-youtube"},"share_on_mastodon":{"url":"https:\/\/pubeurope.com\/@fr\/115090847355946006","error":""},"_links":{"self":[{"href":"https:\/\/www.europesays.com\/fr\/wp-json\/wp\/v2\/posts\/343445","targetHints":{"allow":["GET"]}}],"collection":[{"href":"https:\/\/www.europesays.com\/fr\/wp-json\/wp\/v2\/posts"}],"about":[{"href":"https:\/\/www.europesays.com\/fr\/wp-json\/wp\/v2\/types\/post"}],"author":[{"embeddable":true,"href":"https:\/\/www.europesays.com\/fr\/wp-json\/wp\/v2\/users\/2"}],"replies":[{"embeddable":true,"href":"https:\/\/www.europesays.com\/fr\/wp-json\/wp\/v2\/comments?post=343445"}],"version-history":[{"count":0,"href":"https:\/\/www.europesays.com\/fr\/wp-json\/wp\/v2\/posts\/343445\/revisions"}],"wp:featuredmedia":[{"embeddable":true,"href":"https:\/\/www.europesays.com\/fr\/wp-json\/wp\/v2\/media\/343446"}],"wp:attachment":[{"href":"https:\/\/www.europesays.com\/fr\/wp-json\/wp\/v2\/media?parent=343445"}],"wp:term":[{"taxonomy":"category","embeddable":true,"href":"https:\/\/www.europesays.com\/fr\/wp-json\/wp\/v2\/categories?post=343445"},{"taxonomy":"post_tag","embeddable":true,"href":"https:\/\/www.europesays.com\/fr\/wp-json\/wp\/v2\/tags?post=343445"}],"curies":[{"name":"wp","href":"https:\/\/api.w.org\/{rel}","templated":true}]}}