{"id":343449,"date":"2025-08-25T18:38:13","date_gmt":"2025-08-25T18:38:13","guid":{"rendered":"https:\/\/www.europesays.com\/fr\/343449\/"},"modified":"2025-08-25T18:38:13","modified_gmt":"2025-08-25T18:38:13","slug":"bachirou-yameogo-quitte-grenoble-pour-le-portugal","status":"publish","type":"post","link":"https:\/\/www.europesays.com\/fr\/343449\/","title":{"rendered":"Bachirou Yam\u00e9ogo quitte Grenoble pour le Portugal"},"content":{"rendered":"<p>Selon les informations exclusives d\u2019Africafoot, le milieu d\u00e9fensif burkinab\u00e8 <a href=\"https:\/\/africafoot.com\/tag\/bachirou-yameogo\/\" data-wpel-link=\"internal\" target=\"_blank\" rel=\"noopener\">Bachirou Yam\u00e9ogo<\/a> est sur le point de rejoindre le Sport Club Uni\u00e3o, en deuxi\u00e8me division portugaise.<\/p>\n<p>\u00c2g\u00e9 de 22 ans, Yam\u00e9ogo \u00e9voluait depuis cinq saisons au Grenoble Foot 38 en Ligue 2. Malgr\u00e9 un potentiel \u00e9vident et des qualit\u00e9s physiques ind\u00e9niables, il n\u2019a jamais vraiment r\u00e9ussi \u00e0 s\u2019imposer dans l\u2019entrejeu is\u00e9rois, se contentant de quelques apparitions sporadiques.<\/p>\n<p><img loading=\"lazy\" decoding=\"async\" class=\"alignnone size-full wp-image-206306\" src=\"https:\/\/www.europesays.com\/fr\/wp-content\/uploads\/2025\/08\/Bachirou-Yameogo-1.jpg\" alt=\"Bachirou Yam\u00e9ogo\" width=\"900\" height=\"600\"  \/>D\u00e9sireux de relancer sa carri\u00e8re, le jeune international burkinab\u00e8 a choisi de tenter l\u2019aventure au Portugal. Le Sport Club Uni\u00e3o, en pleine reconstruction et \u00e0 la recherche de profils athl\u00e9tiques au milieu, a \u00e9t\u00e9 s\u00e9duit par sa puissance, son volume de jeu et sa marge de progression.<\/p>\n<p>Sauf retournement de situation de derni\u00e8re minute \u2013 jug\u00e9 peu probable par nos sources \u2013 Yam\u00e9ogo devrait signer un contrat de trois ans (2 ans plus une en option) dans les prochaines heures. Pour lui, ce transfert repr\u00e9sente une r\u00e9elle opportunit\u00e9 de franchir un nouveau cap dans sa carri\u00e8re.<\/p>\n<p>Tr\u00e8s bient\u00f4t, Grenoble Foot disputera son match de la 4e journ\u00e9e de championnat de France de Ligue 2 face \u00e0 Saint-Etienne. La soci\u00e9t\u00e9 de paris 1xbet (vous pouvez <a class=\"qbe-widget\" href=\"https:\/\/africafoot.com\/telecharger-1xbet\/\" target=\"_blank\" rel=\"noopener noreferrer\" data-wpel-link=\"internal\">t\u00e9l\u00e9charger 1xbet<\/a> ici) propose les cotes suivantes pour ce match \u2013 Grenoble Foot gagne \u00e0 5,60, un match nul est \u00e9valu\u00e9 \u00e0 3,90 et Saint-Etienne gagne \u00e0 1,40.<\/p>\n","protected":false},"excerpt":{"rendered":"Selon les informations exclusives d\u2019Africafoot, le milieu d\u00e9fensif burkinab\u00e8 Bachirou Yam\u00e9ogo est sur le point de rejoindre le&hellip;\n","protected":false},"author":2,"featured_media":343450,"comment_status":"","ping_status":"","sticky":false,"template":"","format":"standard","meta":{"footnotes":""},"categories":[9566],"tags":[1111,11,2430,1777,674,1011,27,2731,12,25],"class_list":{"0":"post-343449","1":"post","2":"type-post","3":"status-publish","4":"format-standard","5":"has-post-thumbnail","7":"category-grenoble","8":"tag-actu","9":"tag-actualites","10":"tag-auvergne-rhone-alpes","11":"tag-eu","12":"tag-europe","13":"tag-fr","14":"tag-france","15":"tag-grenoble","16":"tag-news","17":"tag-republique-francaise"},"share_on_mastodon":{"url":"https:\/\/pubeurope.com\/@fr\/115090863417933526","error":""},"_links":{"self":[{"href":"https:\/\/www.europesays.com\/fr\/wp-json\/wp\/v2\/posts\/343449","targetHints":{"allow":["GET"]}}],"collection":[{"href":"https:\/\/www.europesays.com\/fr\/wp-json\/wp\/v2\/posts"}],"about":[{"href":"https:\/\/www.europesays.com\/fr\/wp-json\/wp\/v2\/types\/post"}],"author":[{"embeddable":true,"href":"https:\/\/www.europesays.com\/fr\/wp-json\/wp\/v2\/users\/2"}],"replies":[{"embeddable":true,"href":"https:\/\/www.europesays.com\/fr\/wp-json\/wp\/v2\/comments?post=343449"}],"version-history":[{"count":0,"href":"https:\/\/www.europesays.com\/fr\/wp-json\/wp\/v2\/posts\/343449\/revisions"}],"wp:featuredmedia":[{"embeddable":true,"href":"https:\/\/www.europesays.com\/fr\/wp-json\/wp\/v2\/media\/343450"}],"wp:attachment":[{"href":"https:\/\/www.europesays.com\/fr\/wp-json\/wp\/v2\/media?parent=343449"}],"wp:term":[{"taxonomy":"category","embeddable":true,"href":"https:\/\/www.europesays.com\/fr\/wp-json\/wp\/v2\/categories?post=343449"},{"taxonomy":"post_tag","embeddable":true,"href":"https:\/\/www.europesays.com\/fr\/wp-json\/wp\/v2\/tags?post=343449"}],"curies":[{"name":"wp","href":"https:\/\/api.w.org\/{rel}","templated":true}]}}