{"id":343457,"date":"2025-08-25T18:44:11","date_gmt":"2025-08-25T18:44:11","guid":{"rendered":"https:\/\/www.europesays.com\/fr\/343457\/"},"modified":"2025-08-25T18:44:11","modified_gmt":"2025-08-25T18:44:11","slug":"les-supermarches-sur-le-pied-de-guerre-a-la-rentree","status":"publish","type":"post","link":"https:\/\/www.europesays.com\/fr\/343457\/","title":{"rendered":"les supermarch\u00e9s sur le pied de guerre \u00e0 la rentr\u00e9e"},"content":{"rendered":"<p><strong>Un Lidl plus grand s\u2019est ouvert ce jeudi 21 ao\u00fbt \u00e0 l\u2019Est de Nice, sur la route de Turin. Succ\u00e9dant au magasin pr\u00e9c\u00e9demment situ\u00e9 rue\u00a0Arnaldi, il participe \u00e0 la \u00ab\u00a0guerre des prix\u00a0\u00bb des supermarch\u00e9s, apr\u00e8s l\u2019inauguration r\u00e9cente d\u2019un Super U \u00e0 Caucade.<\/strong><\/p>\n<p>Lidl a inaugur\u00e9 son nouveau magasin de proximit\u00e9 \u00e0 l\u2019Est de Nice, la semaine derni\u00e8re. Peut-\u00eatre avez-vous remarqu\u00e9 que le site de la rue Arnaldi \u00e9tait d\u00e9finitivement ferm\u00e9. Tout cela dans le cadre d\u2019un d\u00e9m\u00e9nagement au 120 route de Turin. Un moyen pour l\u2019entreprise d\u2019\u00e9largir son offre.<\/p>\n<p>Car le supermarch\u00e9 sera plus vaste, s\u2019\u00e9tendant sur presque 1600 m\u00e8tres carr\u00e9s. Avec ce transfert, il se trouve d\u00e9sormais au rez-de-chauss\u00e9e d\u2019un immeuble de\u00a0plus de\u00a0500 logements sorti de terre dans le cadre d\u2019un programme immobilier visant \u00e0 redynamiser le quartier.<\/p>\n<p>Volont\u00e9 de modernisation des \u00e9tablissements<\/p>\n<p>Pr\u00e9sente dans le secteur depuis 2006, la soci\u00e9t\u00e9 germanique a initi\u00e9 une campagne de modernisation de ses \u00e9tablissements voil\u00e0 une dizaine d\u2019ann\u00e9es, revoyant notamment ses infrastructures. <\/p>\n<p>L\u2019objectif est de miser sur la durabilit\u00e9 en optant pour une d\u00e9marche architecturale \u00e9coresponsable. Le b\u00e2timent a \u00e9t\u00e9 construit \u00e0 l\u2019aide de mat\u00e9riaux nobles, des \u00e9quipements basse consommation, le tout dans un environnement lumineux gr\u00e2ce \u00e0 une fa\u00e7ade vitr\u00e9e.<\/p>\n<p>Une quarantaine d\u2019employ\u00e9s feront tourner la boutique, la 19e de Lidl dans les Alpes-Maritimes. Les clients y retrouveront 90 % de marques de distributeurs \u00e0 des montants se voulant \u00ab\u00a0uniques\u00a0\u00bb, avec 400 r\u00e9f\u00e9rences aux tarifs \u00ab\u00a0les plus bas du march\u00e9\u00a0\u00bb dans le cadre de sa nouvelle gamme \u00ab\u00a0Les P\u2019tits prix oui\u00a0\u00bb.<\/p>\n<p>Super U, Lidl, Carrefour\u2026 Qui est le moins cher \u00e0 Nice ?<\/p>\n<p>De quoi relancer la \u00ab\u00a0guerre des prix\u00a0\u00bb chez les grandes surfaces de la Baie des Anges ? Cela y participe en tous les cas puisque plus \u00e0 l\u2019Ouest, \u00e0 Caucade, s\u2019est ouvert le 13 ao\u00fbt dernier un Super U. Fort de ses 2.200 m\u00e8tres carr\u00e9s, il assure fournir les tarifs \u00ab\u00a0les plus bas\u00a0\u00bb de la commune, comme son directeur l\u2019a lanc\u00e9 \u00e0 Nice-Matin.<\/p>\n<p>Il faudra pour cela lutter avec Carrefour, qui a jusqu\u2019ici le supermarch\u00e9 \u00ab\u00a0drive\u00a0\u00bb <a href=\"https:\/\/nicepresse.com\/alerte-pouvoir-dachat-a-nice-quels-sont-les-supermarches-les-plus-chers-de-toute-la-ville-et-ceux-qui-restent-doux-pour-votre-portefeuille\/\" rel=\"nofollow noopener\" target=\"_blank\">le plus abordable<\/a> de toute la capitale maralpine. Selon <a href=\"https:\/\/www.quechoisir.org\/carte-interactive-drives-n21243\/\" target=\"_blank\" rel=\"noopener nofollow\">la carte interactive<\/a> de l\u2019UFC-Que Choisir,\u00a0l\u2019Union F\u00e9d\u00e9rale des Consommateurs, celui du centre commercial Lingosti\u00e8re est le plus recommand\u00e9 pour faire chuter son ticket de caisse.<\/p>\n<p><a href=\"https:\/\/anneedelamer.nice.fr\/\" rel=\"nofollow noopener\" target=\"_blank\"><img loading=\"lazy\" decoding=\"async\" width=\"300\" height=\"300\" src=\"data:image\/svg+xml,%3Csvg%20xmlns=\" http:=\"\" alt=\"\" class=\"wp-image-235449\" data-lazy-src=\"https:\/\/www.europesays.com\/fr\/wp-content\/uploads\/2025\/04\/IMG_1416-2.png\"\/><\/a><\/p>\n<p>Une \u00e9tude qui ne mettait pas franchement en valeur l\u2019enseigne lorsqu\u2019elle \u00e9tait encore localis\u00e9e sur l\u2019avenue Sainte-Marguerite. Elle affichait alors des co\u00fbts dans la fourchette tr\u00e8s haute, bien au-dessus de la moyenne nationale. Mais suite au d\u00e9m\u00e9nagement, son patron, Cl\u00e9ment Bourassin, assure que les montants ont chut\u00e9 de 20 %. La course aux prix bas dans les rayons se poursuit. <\/p>\n","protected":false},"excerpt":{"rendered":"Un Lidl plus grand s\u2019est ouvert ce jeudi 21 ao\u00fbt \u00e0 l\u2019Est de Nice, sur la route de&hellip;\n","protected":false},"author":2,"featured_media":343458,"comment_status":"","ping_status":"","sticky":false,"template":"","format":"standard","meta":{"footnotes":""},"categories":[2819],"tags":[1111,11,1777,674,1011,27,12,2401,882,25],"class_list":{"0":"post-343457","1":"post","2":"type-post","3":"status-publish","4":"format-standard","5":"has-post-thumbnail","7":"category-nice","8":"tag-actu","9":"tag-actualites","10":"tag-eu","11":"tag-europe","12":"tag-fr","13":"tag-france","14":"tag-news","15":"tag-nice","16":"tag-provence-alpes-cote-dazur","17":"tag-republique-francaise"},"share_on_mastodon":{"url":"https:\/\/pubeurope.com\/@fr\/115090886819628969","error":""},"_links":{"self":[{"href":"https:\/\/www.europesays.com\/fr\/wp-json\/wp\/v2\/posts\/343457","targetHints":{"allow":["GET"]}}],"collection":[{"href":"https:\/\/www.europesays.com\/fr\/wp-json\/wp\/v2\/posts"}],"about":[{"href":"https:\/\/www.europesays.com\/fr\/wp-json\/wp\/v2\/types\/post"}],"author":[{"embeddable":true,"href":"https:\/\/www.europesays.com\/fr\/wp-json\/wp\/v2\/users\/2"}],"replies":[{"embeddable":true,"href":"https:\/\/www.europesays.com\/fr\/wp-json\/wp\/v2\/comments?post=343457"}],"version-history":[{"count":0,"href":"https:\/\/www.europesays.com\/fr\/wp-json\/wp\/v2\/posts\/343457\/revisions"}],"wp:featuredmedia":[{"embeddable":true,"href":"https:\/\/www.europesays.com\/fr\/wp-json\/wp\/v2\/media\/343458"}],"wp:attachment":[{"href":"https:\/\/www.europesays.com\/fr\/wp-json\/wp\/v2\/media?parent=343457"}],"wp:term":[{"taxonomy":"category","embeddable":true,"href":"https:\/\/www.europesays.com\/fr\/wp-json\/wp\/v2\/categories?post=343457"},{"taxonomy":"post_tag","embeddable":true,"href":"https:\/\/www.europesays.com\/fr\/wp-json\/wp\/v2\/tags?post=343457"}],"curies":[{"name":"wp","href":"https:\/\/api.w.org\/{rel}","templated":true}]}}