{"id":343459,"date":"2025-08-25T18:45:11","date_gmt":"2025-08-25T18:45:11","guid":{"rendered":"https:\/\/www.europesays.com\/fr\/343459\/"},"modified":"2025-08-25T18:45:11","modified_gmt":"2025-08-25T18:45:11","slug":"coup-de-theatre-pour-jonathan-clauss","status":"publish","type":"post","link":"https:\/\/www.europesays.com\/fr\/343459\/","title":{"rendered":"coup de th\u00e9\u00e2tre pour Jonathan Clauss !"},"content":{"rendered":"<p>Cinq ans apr\u00e8s avoir quitt\u00e9 l\u2019Arminia Bielefeld pour rentrer en France (\u00e0 Lens), <a href=\"https:\/\/www.footmercato.net\/joueur\/jonathan-clauss\/\" rel=\"nofollow noopener\" target=\"_blank\">Jonathan Clauss<\/a> semblait parti pour retourner en Allemagne. Comme nous vous l\u2019avions r\u00e9v\u00e9l\u00e9, le d\u00e9fenseur de 32 ans avait des vell\u00e9it\u00e9s de d\u00e9part et disposait d\u2019une belle piste pour rebondir : le <a href=\"https:\/\/www.footmercato.net\/club\/bayer-04-leverkusen\/\" rel=\"nofollow noopener\" target=\"_blank\">Bayer Leverkusen<\/a>. Les Allemands cherchent toujours \u00e0 \u00e9toffer un poste d\u00e9laiss\u00e9 par Jeremie Frimpong (vendu \u00e0 Liverpool) et <a href=\"https:\/\/www.footmercato.net\/a1415199641027067448-le-bayer-proche-dun-accord-pour-jonathan-clauss\" rel=\"nofollow noopener\" target=\"_blank\">ils avaient quasiment trouv\u00e9 un accord avec Clauss<\/a>.<\/p>\n<p>            La suite apr\u00e8s cette publicit\u00e9<\/p>\n<p>Bien d\u00e9cid\u00e9 \u00e0 quitter le Gym, un an seulement apr\u00e8s son arriv\u00e9e (3 buts, 10 passes d\u00e9cisives la saison derni\u00e8re en Ligue 1), l\u2019ancien Marseillais n\u2019\u00e9tait d\u2019ailleurs pas aux entra\u00eenements derni\u00e8rement. Son entra\u00eeneur, Franck Haise, avait \u00e9galement confirm\u00e9 que son lat\u00e9ral avait la t\u00eate ailleurs, m\u00eame si l\u2019homme fort des Aiglons avait pr\u00e9cis\u00e9 par la formation azur\u00e9enne ne comptait pas se s\u00e9parer du natif de Strasbourg.<\/p>\n<p>        Nice trop gourmand<\/p>\n<p>\u00abIl a une volont\u00e9 de partir parce qu\u2019il y a une belle offre d\u2019un gros club. \u00c7a peut s\u2019entendre. \u00c7a fait quelques semaines d\u00e9j\u00e0, \u00e7a explique aussi certaines de ses performances r\u00e9centes. Le club a la volont\u00e9 de le conserver, s\u2019il doit y avoir un d\u00e9part, ce sera dans des conditions qui respecteront les trois parties. On veut le garder, il le sait. Retenir un joueur qui n\u2019a pas envie de rester, c\u2019est particulier. Il sera peut-\u00eatre l\u00e0 le 2 septembre, on ne sait pas. On verra.\u00bb Et ce soir, on a surtout vu <a href=\"https:\/\/www.kicker.de\/clauss-wechsel-zu-bayer-geplatzt-1140870\/artikel\" rel=\"nofollow noopener\" target=\"_blank\">Kicker<\/a> annoncer que le transfert de Clauss au Bayer avait capot\u00e9. <\/p>\n<p>            La suite apr\u00e8s cette publicit\u00e9<\/p>\n<p>Le m\u00e9dia allemand indique que l\u2019absence du Fran\u00e7ais pour le match contre Auxerre aurait pu \u00eatre interpr\u00e9t\u00e9e comme un signe annon\u00e7ant son d\u00e9part, mais en r\u00e9alit\u00e9, il n\u2019en est rien. Le m\u00e9dia affirme que le Bayer Leverkusen a mis fin aux n\u00e9gociations, car le Gym aurait r\u00e9clam\u00e9 une indemnit\u00e9 de transfert jug\u00e9e \u00ab\u00a0excessive\u00a0\u00bb pour un joueur de 32 ans \u00e0 qui il ne reste plus qu\u2019un an de contrat. Le vice-champion d\u2019Allemagne en titre est donc parti en qu\u00eate d\u2019un nouveau lat\u00e9ral. De son c\u00f4t\u00e9, <a href=\"https:\/\/www.footmercato.net\/club\/ogc-nice\/\" rel=\"nofollow noopener\" target=\"_blank\">Nice<\/a> conserve son d\u00e9fenseur, m\u00eame si ce dernier risque de ne pas revenir \u00e0 l\u2019entra\u00eenement avec le sourire\u2026<\/p>\n<p>\n    Pub. le 25\/08\/2025 20:30<br \/>\n            &#8211; MAJ le 25\/08\/2025 20:41\n    <\/p>\n","protected":false},"excerpt":{"rendered":"Cinq ans apr\u00e8s avoir quitt\u00e9 l\u2019Arminia Bielefeld pour rentrer en France (\u00e0 Lens), Jonathan Clauss semblait parti pour&hellip;\n","protected":false},"author":2,"featured_media":343460,"comment_status":"","ping_status":"","sticky":false,"template":"","format":"standard","meta":{"footnotes":""},"categories":[2819],"tags":[1111,11,1777,674,1011,27,12,2401,882,25],"class_list":{"0":"post-343459","1":"post","2":"type-post","3":"status-publish","4":"format-standard","5":"has-post-thumbnail","7":"category-nice","8":"tag-actu","9":"tag-actualites","10":"tag-eu","11":"tag-europe","12":"tag-fr","13":"tag-france","14":"tag-news","15":"tag-nice","16":"tag-provence-alpes-cote-dazur","17":"tag-republique-francaise"},"share_on_mastodon":{"url":"https:\/\/pubeurope.com\/@fr\/115090890701443317","error":""},"_links":{"self":[{"href":"https:\/\/www.europesays.com\/fr\/wp-json\/wp\/v2\/posts\/343459","targetHints":{"allow":["GET"]}}],"collection":[{"href":"https:\/\/www.europesays.com\/fr\/wp-json\/wp\/v2\/posts"}],"about":[{"href":"https:\/\/www.europesays.com\/fr\/wp-json\/wp\/v2\/types\/post"}],"author":[{"embeddable":true,"href":"https:\/\/www.europesays.com\/fr\/wp-json\/wp\/v2\/users\/2"}],"replies":[{"embeddable":true,"href":"https:\/\/www.europesays.com\/fr\/wp-json\/wp\/v2\/comments?post=343459"}],"version-history":[{"count":0,"href":"https:\/\/www.europesays.com\/fr\/wp-json\/wp\/v2\/posts\/343459\/revisions"}],"wp:featuredmedia":[{"embeddable":true,"href":"https:\/\/www.europesays.com\/fr\/wp-json\/wp\/v2\/media\/343460"}],"wp:attachment":[{"href":"https:\/\/www.europesays.com\/fr\/wp-json\/wp\/v2\/media?parent=343459"}],"wp:term":[{"taxonomy":"category","embeddable":true,"href":"https:\/\/www.europesays.com\/fr\/wp-json\/wp\/v2\/categories?post=343459"},{"taxonomy":"post_tag","embeddable":true,"href":"https:\/\/www.europesays.com\/fr\/wp-json\/wp\/v2\/tags?post=343459"}],"curies":[{"name":"wp","href":"https:\/\/api.w.org\/{rel}","templated":true}]}}