{"id":343461,"date":"2025-08-25T18:46:36","date_gmt":"2025-08-25T18:46:36","guid":{"rendered":"https:\/\/www.europesays.com\/fr\/343461\/"},"modified":"2025-08-25T18:46:36","modified_gmt":"2025-08-25T18:46:36","slug":"une-femme-enceinte-agressee-par-son-compagnon-dans-un-bus","status":"publish","type":"post","link":"https:\/\/www.europesays.com\/fr\/343461\/","title":{"rendered":"une femme enceinte agress\u00e9e par son compagnon dans un bus"},"content":{"rendered":"<p>            Par<br \/>\n        <strong><br \/>\n            <a href=\"https:\/\/actu.fr\/auteur\/laure-gentil\" title=\"Consulter tous les articles de Laure Gentil\" rel=\"nofollow noopener\" target=\"_blank\">Laure Gentil<\/a><br \/>\n        <\/strong><\/p>\n<p>        Publi\u00e9 le<\/p>\n<p>            25 ao\u00fbt 2025 \u00e0 17h12        <\/p>\n<p>Les faits se sont d\u00e9roul\u00e9s<strong> dimanche 24\u00a0ao\u00fbt<\/strong> vers 3\u2009h\u200930, rue Charles Rivi\u00e8re \u00e0 <a href=\"https:\/\/actu.fr\/pays-de-la-loire\/reze_44143\" rel=\"nofollow noopener\" target=\"_blank\">Rez\u00e9<\/a> dans un bus de la ligne C4. Une femme enceinte a \u00e9t\u00e9 agress\u00e9e par son compagnon. Ce dernier a \u00e9t\u00e9 plac\u00e9 en garde \u00e0 vue et doit passer en comparution imm\u00e9diate ce lundi 25\u00a0ao\u00fbt au tribunal de <strong>Nantes<\/strong>.<\/p>\n<p>Une obligation de quitter le territoire<\/p>\n<p class=\" wall-content\">Selon une source proche de l\u2019enqu\u00eate, le mis en cause, \u00e2g\u00e9 d\u2019environ 19\u00a0ans, s\u2019en est aussi pris au chauffeur du bus. Il fait l\u2019objet d\u2019une obligation de quitter le territoire et d\u2019une <strong>assignation \u00e0 r\u00e9sidence (OQTF).<\/strong><\/p>\n<p class=\" wall-content\">La compagne du suspect n\u2019a pas souhait\u00e9 porter plainte. Celui-ci\u00a0a d\u00fb compara\u00eetre au tribunal de Nantes ce lundi.<\/p>\n<p class=\" wall-content\">Personnalisez votre actualit\u00e9 en ajoutant vos villes et m\u00e9dias en favori avec <a href=\"https:\/\/moncompte.actu.fr\" title=\"D\u00e9couvez Mon Actu\" rel=\"nofollow noopener\" data-trk=\"{&quot;cta&quot;:{&quot;action&quot;:&quot;https:\\\/\\\/moncompte.actu.fr&quot;,&quot;category&quot;:&quot;mon compte&quot;,&quot;from&quot;:&quot;article footer&quot;,&quot;name&quot;:&quot;Mon actu&quot;,&quot;type&quot;:&quot;cta&quot;}}\" target=\"_blank\">Mon Actu<\/a>.<\/p>\n","protected":false},"excerpt":{"rendered":"Par Laure Gentil Publi\u00e9 le 25 ao\u00fbt 2025 \u00e0 17h12 Les faits se sont d\u00e9roul\u00e9s dimanche 24\u00a0ao\u00fbt vers&hellip;\n","protected":false},"author":2,"featured_media":272529,"comment_status":"","ping_status":"","sticky":false,"template":"","format":"standard","meta":{"footnotes":""},"categories":[2818],"tags":[1111,11,1777,674,118,1011,27,766,12,2636,1072,25],"class_list":{"0":"post-343461","1":"post","2":"type-post","3":"status-publish","4":"format-standard","5":"has-post-thumbnail","7":"category-nantes","8":"tag-actu","9":"tag-actualites","10":"tag-eu","11":"tag-europe","12":"tag-faits-divers","13":"tag-fr","14":"tag-france","15":"tag-nantes","16":"tag-news","17":"tag-pays-de-la-loire","18":"tag-police","19":"tag-republique-francaise"},"share_on_mastodon":{"url":"https:\/\/pubeurope.com\/@fr\/115090894599867057","error":""},"_links":{"self":[{"href":"https:\/\/www.europesays.com\/fr\/wp-json\/wp\/v2\/posts\/343461","targetHints":{"allow":["GET"]}}],"collection":[{"href":"https:\/\/www.europesays.com\/fr\/wp-json\/wp\/v2\/posts"}],"about":[{"href":"https:\/\/www.europesays.com\/fr\/wp-json\/wp\/v2\/types\/post"}],"author":[{"embeddable":true,"href":"https:\/\/www.europesays.com\/fr\/wp-json\/wp\/v2\/users\/2"}],"replies":[{"embeddable":true,"href":"https:\/\/www.europesays.com\/fr\/wp-json\/wp\/v2\/comments?post=343461"}],"version-history":[{"count":0,"href":"https:\/\/www.europesays.com\/fr\/wp-json\/wp\/v2\/posts\/343461\/revisions"}],"wp:featuredmedia":[{"embeddable":true,"href":"https:\/\/www.europesays.com\/fr\/wp-json\/wp\/v2\/media\/272529"}],"wp:attachment":[{"href":"https:\/\/www.europesays.com\/fr\/wp-json\/wp\/v2\/media?parent=343461"}],"wp:term":[{"taxonomy":"category","embeddable":true,"href":"https:\/\/www.europesays.com\/fr\/wp-json\/wp\/v2\/categories?post=343461"},{"taxonomy":"post_tag","embeddable":true,"href":"https:\/\/www.europesays.com\/fr\/wp-json\/wp\/v2\/tags?post=343461"}],"curies":[{"name":"wp","href":"https:\/\/api.w.org\/{rel}","templated":true}]}}