{"id":343462,"date":"2025-08-25T18:47:22","date_gmt":"2025-08-25T18:47:22","guid":{"rendered":"https:\/\/www.europesays.com\/fr\/343462\/"},"modified":"2025-08-25T18:47:22","modified_gmt":"2025-08-25T18:47:22","slug":"merci-au-h-valero-rivera-le-capitaine-du-hbc-nantes-prendra-sa-retraite-a-la-fin-de-la-saison","status":"publish","type":"post","link":"https:\/\/www.europesays.com\/fr\/343462\/","title":{"rendered":"\u00ab\u00a0Merci au H\u00a0\u00bb : Valero Rivera, le capitaine du HBC Nantes prendra sa retraite \u00e0 la fin de la saison"},"content":{"rendered":"<p>Le capitaine du H a annonc\u00e9 mettre un terme \u00e0 sa carri\u00e8re \u00e0 la fin de la saison, lors d&rsquo;une conf\u00e9rence de presse exceptionnelle tenue ce lundi \u00e0 la H Arena. L&rsquo;international espagnol va donc d\u00e9marrer une 14\u00e8me et derni\u00e8re saison avec les Violets. <\/p>\n<p>Ce sera la derni\u00e8re.\u00a0\u00c0 41 ans, et <strong>apr\u00e8s 23 saisons professionnelles<\/strong> pass\u00e9es au plus haut niveau, le capitaine du H Valero Rivera a annonc\u00e9 ce lundi soir lors d&rsquo;une conf\u00e9rence de presse remplie d&rsquo;\u00e9motions qu&rsquo;il mettrait <strong>un terme \u00e0 sa carri\u00e8re en 2026.<\/strong> L&rsquo;international espagnol ira donc jusqu&rsquo;au bout de cette nouvelle saison avant de raccrocher. Valero \u00ab\u00a0Leyenda\u00a0\u00bb Rivera disputera donc une 14\u00e8me et derni\u00e8re saison avec ses co\u00e9quipiers.<\/p>\n<p> \u00ab\u00a0Merci au H\u00a0\u00bb<\/p>\n<p>Accompagn\u00e9 de son pr\u00e9sident Gael Pelletier devant les journalistes, et devant ses co\u00e9quipiers pr\u00e9sents pour l&rsquo;occasion, le joueur a tenu \u00e0 remercier son ancien entraineur, Thierry Anti, ses proches, sa famille et plus g\u00e9n\u00e9ralement le HBC Nantes. \u00ab\u00a0Vous \u00eates devenus pour certains mes fr\u00e8res. Merci au H\u00a0\u00bb.<\/p>\n<p>Valero Rivera, un homme qui incarne toute une \u00e9poque au H, de la premi\u00e8re qualification en Coupe d&rsquo;Europe en 2011, jusqu&rsquo;au Final four de 2025 \u00e0 Cologne. Le capitaine aura jou\u00e9 de 2010 \u00e0 2016 au club, avant de partir deux saisons au Bar\u00e7a, puis de revenir en 2018. Pour finalement <strong>boucler l&rsquo;aventure l&rsquo;ann\u00e9e prochaine, en 2026<\/strong>. \u00ab\u00a0C&rsquo;\u00e9tait le bon timing\u00a0\u00bb, assure le pr\u00e9sident Gael Pelletier. \u00ab\u00a0Valero aura maintenant l&rsquo;occasion de dire au revoir \u00e0 tout le monde, dans tous les stades qu&rsquo;il connait, et puis aussi profiter de ces derniers moments\u00a0\u00bb.<\/p>\n<p>Profiter des derniers moments pass\u00e9s sur les parquets avant de voir pour la suite. Le principal int\u00e9ress\u00e9 l&rsquo;assure, il n&rsquo;a <strong>pas encore pris de d\u00e9cision pour la suite<\/strong>. \u00ab\u00a0On verra en temps voulu, pour l&rsquo;instant je pr\u00e9f\u00e8re me focaliser sur la saison qui vient\u00a0\u00bb. Et pourquoi pas remporter un titre majeur qui lui \u00e9chappe encore avec les Violets, comme la Ligue des Champions ou le championnat de France.<\/p>\n","protected":false},"excerpt":{"rendered":"Le capitaine du H a annonc\u00e9 mettre un terme \u00e0 sa carri\u00e8re \u00e0 la fin de la saison,&hellip;\n","protected":false},"author":2,"featured_media":343463,"comment_status":"","ping_status":"","sticky":false,"template":"","format":"standard","meta":{"footnotes":""},"categories":[2818],"tags":[1111,11,1777,674,1011,27,766,12,2636,25],"class_list":{"0":"post-343462","1":"post","2":"type-post","3":"status-publish","4":"format-standard","5":"has-post-thumbnail","7":"category-nantes","8":"tag-actu","9":"tag-actualites","10":"tag-eu","11":"tag-europe","12":"tag-fr","13":"tag-france","14":"tag-nantes","15":"tag-news","16":"tag-pays-de-la-loire","17":"tag-republique-francaise"},"share_on_mastodon":{"url":"https:\/\/pubeurope.com\/@fr\/115090898526525608","error":""},"_links":{"self":[{"href":"https:\/\/www.europesays.com\/fr\/wp-json\/wp\/v2\/posts\/343462","targetHints":{"allow":["GET"]}}],"collection":[{"href":"https:\/\/www.europesays.com\/fr\/wp-json\/wp\/v2\/posts"}],"about":[{"href":"https:\/\/www.europesays.com\/fr\/wp-json\/wp\/v2\/types\/post"}],"author":[{"embeddable":true,"href":"https:\/\/www.europesays.com\/fr\/wp-json\/wp\/v2\/users\/2"}],"replies":[{"embeddable":true,"href":"https:\/\/www.europesays.com\/fr\/wp-json\/wp\/v2\/comments?post=343462"}],"version-history":[{"count":0,"href":"https:\/\/www.europesays.com\/fr\/wp-json\/wp\/v2\/posts\/343462\/revisions"}],"wp:featuredmedia":[{"embeddable":true,"href":"https:\/\/www.europesays.com\/fr\/wp-json\/wp\/v2\/media\/343463"}],"wp:attachment":[{"href":"https:\/\/www.europesays.com\/fr\/wp-json\/wp\/v2\/media?parent=343462"}],"wp:term":[{"taxonomy":"category","embeddable":true,"href":"https:\/\/www.europesays.com\/fr\/wp-json\/wp\/v2\/categories?post=343462"},{"taxonomy":"post_tag","embeddable":true,"href":"https:\/\/www.europesays.com\/fr\/wp-json\/wp\/v2\/tags?post=343462"}],"curies":[{"name":"wp","href":"https:\/\/api.w.org\/{rel}","templated":true}]}}