{"id":343464,"date":"2025-08-25T18:48:12","date_gmt":"2025-08-25T18:48:12","guid":{"rendered":"https:\/\/www.europesays.com\/fr\/343464\/"},"modified":"2025-08-25T18:48:12","modified_gmt":"2025-08-25T18:48:12","slug":"un-detour-par-la-croissance-externe-pour-inorix","status":"publish","type":"post","link":"https:\/\/www.europesays.com\/fr\/343464\/","title":{"rendered":"un d\u00e9tour par la croissance externe pour Inorix"},"content":{"rendered":"<p class=\"legende\">\n\t\t\t\t\t\t\t\t\tDe gauche \u00e0 droite : Alban Trocherie, Lionel Boudet, Patrice B\u00e9al, Richard Gremeaux. Cr\u00e9dit : Inorix\n\t\t\t\t\t\t\t\t<\/p>\n<p class=\"excerpt\">Inorix, groupe bordelais de s\u00e9curit\u00e9 priv\u00e9e en entreprise et sur les lieux d\u2019\u00e9v\u00e8nements, a men\u00e9 une acquisition \u00e0 Dijon. Outre l\u2019expansion g\u00e9ographique, cette op\u00e9ration est aussi affaire d\u2019activit\u00e9s suppl\u00e9mentaires.<\/p>\n<p>Cet article premium vous int\u00e9resse ?<\/p>\n<p>Rejoignez nos 1000 adh\u00e9rents<\/p>\n<p>\n\t\t\t\t\t\t\t\t\t\t\t\t\t\tGagnez en visibilit\u00e9 et profitez d\u2019un r\u00e9seau de plusieurs centaines d\u2019adh\u00e9rents.\n\t\t\t\t\t\t\t\t\t\t\t\t\t<\/p>\n","protected":false},"excerpt":{"rendered":"De gauche \u00e0 droite : Alban Trocherie, Lionel Boudet, Patrice B\u00e9al, Richard Gremeaux. Cr\u00e9dit : Inorix Inorix, groupe&hellip;\n","protected":false},"author":2,"featured_media":343465,"comment_status":"","ping_status":"","sticky":false,"template":"","format":"standard","meta":{"footnotes":""},"categories":[2817],"tags":[1111,11,1997,1777,674,1011,27,12,2219,5645,25],"class_list":{"0":"post-343464","1":"post","2":"type-post","3":"status-publish","4":"format-standard","5":"has-post-thumbnail","7":"category-bordeaux","8":"tag-actu","9":"tag-actualites","10":"tag-bordeaux","11":"tag-eu","12":"tag-europe","13":"tag-fr","14":"tag-france","15":"tag-news","16":"tag-nouvelle-aquitaine","17":"tag-placco-placeco","18":"tag-republique-francaise"},"share_on_mastodon":{"url":"https:\/\/pubeurope.com\/@fr\/115090902481186616","error":""},"_links":{"self":[{"href":"https:\/\/www.europesays.com\/fr\/wp-json\/wp\/v2\/posts\/343464","targetHints":{"allow":["GET"]}}],"collection":[{"href":"https:\/\/www.europesays.com\/fr\/wp-json\/wp\/v2\/posts"}],"about":[{"href":"https:\/\/www.europesays.com\/fr\/wp-json\/wp\/v2\/types\/post"}],"author":[{"embeddable":true,"href":"https:\/\/www.europesays.com\/fr\/wp-json\/wp\/v2\/users\/2"}],"replies":[{"embeddable":true,"href":"https:\/\/www.europesays.com\/fr\/wp-json\/wp\/v2\/comments?post=343464"}],"version-history":[{"count":0,"href":"https:\/\/www.europesays.com\/fr\/wp-json\/wp\/v2\/posts\/343464\/revisions"}],"wp:featuredmedia":[{"embeddable":true,"href":"https:\/\/www.europesays.com\/fr\/wp-json\/wp\/v2\/media\/343465"}],"wp:attachment":[{"href":"https:\/\/www.europesays.com\/fr\/wp-json\/wp\/v2\/media?parent=343464"}],"wp:term":[{"taxonomy":"category","embeddable":true,"href":"https:\/\/www.europesays.com\/fr\/wp-json\/wp\/v2\/categories?post=343464"},{"taxonomy":"post_tag","embeddable":true,"href":"https:\/\/www.europesays.com\/fr\/wp-json\/wp\/v2\/tags?post=343464"}],"curies":[{"name":"wp","href":"https:\/\/api.w.org\/{rel}","templated":true}]}}