{"id":343468,"date":"2025-08-25T18:50:12","date_gmt":"2025-08-25T18:50:12","guid":{"rendered":"https:\/\/www.europesays.com\/fr\/343468\/"},"modified":"2025-08-25T18:50:12","modified_gmt":"2025-08-25T18:50:12","slug":"nos-pensees-restent-en-ukraine-toulouse-a-celebre-les-34-ans-de-lindependance-de-lukraine","status":"publish","type":"post","link":"https:\/\/www.europesays.com\/fr\/343468\/","title":{"rendered":"\u00ab\u00a0Nos pens\u00e9es restent en Ukraine\u00a0\u00bb\u00a0: Toulouse a c\u00e9l\u00e9br\u00e9 les 34 ans de l\u2019ind\u00e9pendance de l\u2019Ukraine"},"content":{"rendered":"<p>\n                                                                    l&rsquo;essentiel<br \/>\n                                                                Ce lundi 25\u00a0ao\u00fbt, \u00e0\u00a0l\u2019occasion du 34e\u00a0anniversaire de l\u2019ind\u00e9pendance de l\u2019Ukraine, la mairie et l\u2019association Ukraine Libre ont accueilli de nombreuses familles et b\u00e9n\u00e9voles \u00e0 l\u2019h\u00f4tel de ville de Toulouse.\n                            <\/p>\n<p>\u00c9motion et solidarit\u00e9 \u00e9taient au rendez-vous \u00e0 l\u2019H\u00f4tel de Ville de Toulouse, ce lundi 25\u00a0ao\u00fbt, pour les 34 ans de l\u2019ind\u00e9pendance de l\u2019Ukraine.<\/p>\n<p>Toulouse et Ky\u00efv, un demi-si\u00e8cle de jumelage<\/p>\n<p>\u00ab\u00a0Cette date a toujours \u00e9t\u00e9 importante, mais depuis 2022, elle a pris une dimension vitale\u00a0\u00bb, confie Nathalie Chatainier, pr\u00e9sidente de l\u2019association Ukraine Libre. Autour d\u2019elle, plusieurs dizaines de familles ont partag\u00e9 leurs \u00e9motions. Olena, jeune m\u00e8re avec ses deux enfants, explique\u00a0: \u00ab\u00a0Ici, nous trouvons un peu de r\u00e9confort, m\u00eame si nos pens\u00e9es restent en Ukraine.\u00a0\u00bb\u00a0Le chant de l\u2019hymne ukrainien a\u00a0ponctu\u00e9 la c\u00e9r\u00e9monie, accueilli\u00a0par de longs applaudissements.<\/p>\n<p>        <img decoding=\"async\" class=\"std-img__img responsive-img\" src=\"https:\/\/www.europesays.com\/fr\/wp-content\/uploads\/2025\/08\/1756147812_363_image.jpg\" alt=\"La c\u00e9r\u00e9monie a eu lieu dans la salle des Illustres au Capitole.\"\/><\/p>\n<p>                La c\u00e9r\u00e9monie a eu lieu dans la salle des Illustres au Capitole.<br \/>\n                                    Marc Salvet<\/p>\n<p class=\"std-elt__inline\">\n        <strong>\u00c0 lire aussi :<\/strong><br \/>\n        <a href=\"https:\/\/www.ladepeche.fr\/2025\/04\/04\/guerre-en-ukraine-cetait-etrange-de-voir-une-vie-presque-normale-en-ville-jean-luc-moudenc-le-maire-de-toulouse-raconte-son-voyage-a-kiev-12616371.php\" rel=\"nofollow noopener\" target=\"_blank\">Guerre en Ukraine\u00a0: \u00ab\u00a0C\u2019\u00e9tait \u00e9trange de voir une vie presque normale en ville\u00a0\u00bb\u2026 Jean-Luc-Moudenc, le maire de Toulouse, raconte son voyage \u00e0 Kiev<\/a>\n    <\/p>\n<p data-end=\"1922\" data-start=\"1871\">La r\u00e9ception a \u00e9galement permis de rappeler les liens entre Toulouse et la capitale ukrainienne, jumel\u00e9es depuis cinquante ans. \u00ab\u00a0Ce jumelage n\u2019a jamais eu autant de sens qu\u2019aujourd\u2019hui\u00a0\u00bb, souligne Jean-Claude Dardelet, adjoint au maire en charge des relations internationales. L\u2019\u00e9lu insiste\u00a0: \u00ab\u00a0Notre r\u00f4le est de maintenir vivant ce pont entre nos deux villes, pour le pr\u00e9sent comme pour l\u2019avenir.\u00a0\u00bb\u00a0La mairie a r\u00e9affirm\u00e9 son soutien, notamment \u00e0 travers l\u2019accueil de familles et l\u2019aide humanitaire achemin\u00e9e en Ukraine.<\/p>\n<p class=\"std-elt__inline\">\n        <strong>\u00c0 lire aussi :<\/strong><br \/>\n        <a href=\"https:\/\/www.ladepeche.fr\/2025\/03\/27\/guerre-en-ukraine-le-maire-de-toulouse-sera-a-kyiv-ce-week-end-pour-renouveler-le-jumelage-des-deux-villes-12598361.php\" rel=\"nofollow noopener\" target=\"_blank\">Guerre en Ukraine\u00a0: le maire de Toulouse sera \u00e0 Kyiv ce week-end pour renouveler le jumelage des deux villes<\/a>\n    <\/p>\n<p>Une solidarit\u00e9 locale active<\/p>\n<p data-end=\"2996\" data-start=\"2484\">Depuis plus de deux ans, l\u2019association Ukraine Libre multiplie les actions, qu\u2019il s\u2019agisse de collectes de v\u00eatements, d\u2019ateliers de langue ou de moments conviviaux. \u00ab\u00a0Nous voulons que les familles se sentent chez elles \u00e0 Toulouse, m\u00eame si l\u2019exil reste une blessure\u00a0\u00bb, raconte Daryna Marquet, b\u00e9n\u00e9vole engag\u00e9e. Yulia, ukrainienne et \u00e9tudiante \u00e0 Toulouse, dit avoir trouv\u00e9 \u00ab\u00a0une seconde famille\u00a0\u00bb \u00e0 Toulouse\u00a0: \u00ab\u00a0C\u2019est pr\u00e9cieux de savoir que nous ne sommes pas seuls\u00a0\u00bb, confie-t-elle, \u00e9mue.<\/p>\n","protected":false},"excerpt":{"rendered":"l&rsquo;essentiel Ce lundi 25\u00a0ao\u00fbt, \u00e0\u00a0l\u2019occasion du 34e\u00a0anniversaire de l\u2019ind\u00e9pendance de l\u2019Ukraine, la mairie et l\u2019association Ukraine Libre ont&hellip;\n","protected":false},"author":2,"featured_media":343469,"comment_status":"","ping_status":"","sticky":false,"template":"","format":"standard","meta":{"footnotes":""},"categories":[2816],"tags":[1111,11,1777,674,1011,27,12,2680,25,2312],"class_list":{"0":"post-343468","1":"post","2":"type-post","3":"status-publish","4":"format-standard","5":"has-post-thumbnail","7":"category-toulouse","8":"tag-actu","9":"tag-actualites","10":"tag-eu","11":"tag-europe","12":"tag-fr","13":"tag-france","14":"tag-news","15":"tag-occitanie","16":"tag-republique-francaise","17":"tag-toulouse"},"share_on_mastodon":{"url":"https:\/\/pubeurope.com\/@fr\/115090910760050972","error":""},"_links":{"self":[{"href":"https:\/\/www.europesays.com\/fr\/wp-json\/wp\/v2\/posts\/343468","targetHints":{"allow":["GET"]}}],"collection":[{"href":"https:\/\/www.europesays.com\/fr\/wp-json\/wp\/v2\/posts"}],"about":[{"href":"https:\/\/www.europesays.com\/fr\/wp-json\/wp\/v2\/types\/post"}],"author":[{"embeddable":true,"href":"https:\/\/www.europesays.com\/fr\/wp-json\/wp\/v2\/users\/2"}],"replies":[{"embeddable":true,"href":"https:\/\/www.europesays.com\/fr\/wp-json\/wp\/v2\/comments?post=343468"}],"version-history":[{"count":0,"href":"https:\/\/www.europesays.com\/fr\/wp-json\/wp\/v2\/posts\/343468\/revisions"}],"wp:featuredmedia":[{"embeddable":true,"href":"https:\/\/www.europesays.com\/fr\/wp-json\/wp\/v2\/media\/343469"}],"wp:attachment":[{"href":"https:\/\/www.europesays.com\/fr\/wp-json\/wp\/v2\/media?parent=343468"}],"wp:term":[{"taxonomy":"category","embeddable":true,"href":"https:\/\/www.europesays.com\/fr\/wp-json\/wp\/v2\/categories?post=343468"},{"taxonomy":"post_tag","embeddable":true,"href":"https:\/\/www.europesays.com\/fr\/wp-json\/wp\/v2\/tags?post=343468"}],"curies":[{"name":"wp","href":"https:\/\/api.w.org\/{rel}","templated":true}]}}