{"id":343470,"date":"2025-08-25T18:51:12","date_gmt":"2025-08-25T18:51:12","guid":{"rendered":"https:\/\/www.europesays.com\/fr\/343470\/"},"modified":"2025-08-25T18:51:12","modified_gmt":"2025-08-25T18:51:12","slug":"top-14-saga-stade-toulousain-la-possibilite-de-gagner-quatre-top-14-daffilee-nous-anime-toulouse-repart-en-croisade","status":"publish","type":"post","link":"https:\/\/www.europesays.com\/fr\/343470\/","title":{"rendered":"Top 14 &#8211; Saga Stade toulousain. \u00ab\u00a0La possibilit\u00e9 de gagner quatre Top 14 d\u2019affil\u00e9e nous anime\u00a0\u00bb : Toulouse repart en croisade"},"content":{"rendered":"<p>\n                Jusqu\u2019au 29\u00a0ao\u00fbt, date de reprise du Pro D2, Midi Olympique vous propose un tour d\u2019horizon des clubs professionnels engag\u00e9s en Top 14 et Pro D2. L\u2019analyse de l\u2019effectif, les \u00e9volutions et les ambitions pour la saison \u00e0 venir, l\u2019interview, le portrait de la recrue phare\u2026 Pour ne rien rater avant la reprise\u00a0! Aujourd\u2019hui, zoom sur le Stade toulousain qui aura l&rsquo;objectif d&rsquo;aller chercher un quatri\u00e8me Brennus cons\u00e9cutif.\u00a0\n            <\/p>\n<p>Les Toulousains ont beau (presque) tout gagner, ils ne patientent pas longtemps avant de retrouver un nouvel objectif. Malgr\u00e9 un triomphe de plus en championnat au bout d&rsquo;une finale d&rsquo;anthologie face \u00e0 l&rsquo;UBB, les Stadistes ont toujours en t\u00eate leur d\u00e9faite en demi-finale de Champions Cup face \u00e0 cette m\u00eame Union. L&rsquo;ambition pour Toulouse est toute trouv\u00e9e : r\u00e9cup\u00e9rer son tr\u00f4ne sur la sc\u00e8ne continentale et tenter de marquer un peu plus l&rsquo;histoire en d\u00e9crochant un quatri\u00e8me titre cons\u00e9cutif en Top 14. Malgr\u00e9 un recrutement \u00e0 la marge, les Rouge et Noir ne manquent pas de solutions. Et un certain Antoine Dupont, qui sera de retour sur les terrains durant la saison, aura forc\u00e9ment \u00e0 c\u0153ur de r\u00e9ussir son retour avec un titre, ou deux. Les autres clubs peuvent-ils faire tomber l&rsquo;ogre ? C&rsquo;est la grande question de cette saison.<\/p>\n<p><strong>Arriv\u00e9es<\/strong>\u00a0: George-Henri Colombe (pilier, La\u00a0Rochelle), Teddy Thomas (ailier, La\u00a0Rochelle), Paul Mallez (pilier, retour pr\u00eat Provence Rugby).<br \/><strong>D\u00e9parts<\/strong>\u00a0: Hugo Reilh\u00e8s (pilier, Brive), Nepo Laulala (pilier, Gloucester), Richie Arnold (deuxi\u00e8me ligne, Soyaux-Angoul\u00eame), Setareki Bituniyata (ailier, Provence Rugby), Malachi Hawkes (pilier, pr\u00eat, Provence Rugby), Rapha\u00ebl Portat (deuxi\u00e8me ligne, pr\u00eat Provence Rugby), Valentin Delpy (ouvreur, pr\u00eat Colomiers), Alban Placines (troisi\u00e8me ligne).<\/p>\n<p>    Le XV probable<\/p>\n<p>15. Ramos ; 14. Capuozzo, 13. Barassi, 12. Chocobares, 11. Kinghorn ; 10. R. Ntamack, 9. Dupont ; 7. Willis, 8. Jelonch, 6. Cros ; 5. Meafou, 4. Flament ; 3. Aldegheri, 2. Marchand, 1. Baille.<\/p>\n<ul>\n<li>\n\tLe joueur \u00e0 suivre :\u00a0Lacombre : pr\u00e9parez-vous au d\u00e9collage\n\t<\/li>\n<\/ul>\n<p><strong>Poste\u2005: <\/strong>Talonneur<br \/><strong>N\u00e9 le\u2005: <\/strong>14 juillet 2004<br \/><strong>Taille\u2005: <\/strong>1,74 m\u2005; <strong>Poids\u2005:<\/strong> 107 kg<\/p>\n<p>Il ne lui aura fallu que quelques apparitions pour se faire un nom dans le paysage du rugby fran\u00e7ais.On pense ici \u00e0 ses prestations face \u00e0 l\u2019UBB, Clermont ou Lyon l\u2019an pass\u00e9.Thomas Lacombre fait partie de ces joueurs que l\u2019on place volontiers dans la cat\u00e9gorie des rugbymen \u00ab\u2005modernes\u2005\u00bb.Le talonneur sait tout faire sur un terrain. La saison pass\u00e9e, l\u2019Ari\u00e9geois d\u2019origine a impressionn\u00e9 son monde lors de ses entr\u00e9es en jeu avec la tunique rouge et noire sur les \u00e9paules.Enfin, il a impressionn\u00e9 ceux qui ne le voyaient pas empiler les exploits personnels lors des entra\u00eenements collectifs des champions de France en titre\u2026 Tonique et hyperactif sur le pr\u00e9, Lacombre colle parfaitement \u00e0 la philosophie de jeu toulousain. Son envie de faire vivre le ballon est sans limite.Au club depuis 2019 apr\u00e8s avoir fait ses classes du c\u00f4t\u00e9 de Saint-Girons, l\u2019international U20 est un diamant brut.Un vrai. La saison derni\u00e8re, le champion du monde U20a pris part \u00e0 douze matchs de Top 14 avec les professionnels, dont quatre dans la peau d\u2019un titulaire. Priv\u00e9 de Peato Mauvaka pour la premi\u00e8re partie de saison, le staff haut-garonnais comptera sans aucun doute sur Lacombre dans la rotation.Si la place de num\u00e9ro un semble promise \u00e0 Julien Marchand, difficile de voir le temps de jeu de Lacombre diminuer dans ce contexte, bien au contraire.Apr\u00e8s celle de la r\u00e9v\u00e9lation, cette saison 2025-2026 pourrait bien \u00eatre celle de l\u2019explosion concernant le talonneur stadiste.<\/p>\n<p><strong>Pr\u00e9sident de la SASP :<\/strong> Didier Lacroix<br \/><strong>Directeur Centre de Formation : <\/strong>Michel Marfaing<br \/><strong>Pr\u00e9sident de l\u2019association : <\/strong>G\u00e9rard Labbe<br \/><strong>Secr\u00e9taire g\u00e9n\u00e9ral de l\u2019association : <\/strong>Sophie Bardy<br \/><strong>Tr\u00e9sorier de l\u2019association :<\/strong> Christophe Bertrand<br \/><strong>Budget de la SASP : <\/strong>50 millions d\u2019\u20ac<br \/><strong>Principaux partenaires :<\/strong> Airbus, Fiducial, Nike, Peugeot<br \/><strong>\u00c9quipementier : <\/strong>Nike<br \/><strong>Contrats professionnels :\u00a0<\/strong>36 (+4 en pr\u00eat)<br \/><strong>Contrats espoirs :<\/strong> 24<br \/><strong>Stagiaires centre de formation : <\/strong>28 (+2 en pr\u00eat)<br \/><strong>Manager : <\/strong>Ugo Mola<br \/><strong>Managerdu haut-niveau : <\/strong>J\u00e9r\u00f4me Cazalbou<br \/><strong>Entra\u00eeneurs :<\/strong> Cl\u00e9ment Poitrenaud, Jean Bouilhou, Laurent Thu\u00e9ry, Virgile Lacombe, Jerome Kaino, David M\u00e9l\u00e9<br \/><strong>Manager du Bloc \u00ab\u2005Performance\u2005\u00bb : <\/strong>Samuel Lacombe<br \/><strong>Pr\u00e9parateurs physiques :<\/strong> Allan Ryan, Bernard Ba\u00efsse, Pierre Cantayre, S\u00e9bastienCarrat<br \/><strong>M\u00e9decin :<\/strong> Philippe Izard, Arnaud Lamonzie<br \/><strong>Kin\u00e9s : <\/strong>Bruno Jouan, Beno\u00eet Castera, Fr\u00e9d\u00e9ric Sanchez, AnthonyDupuy<br \/><strong>DataScientists :<\/strong> Saad Drissi, Luna Gonzalez<\/p>\n","protected":false},"excerpt":{"rendered":"Jusqu\u2019au 29\u00a0ao\u00fbt, date de reprise du Pro D2, Midi Olympique vous propose un tour d\u2019horizon des clubs professionnels&hellip;\n","protected":false},"author":2,"featured_media":343471,"comment_status":"","ping_status":"","sticky":false,"template":"","format":"standard","meta":{"footnotes":""},"categories":[2816],"tags":[1111,11,1777,674,1011,27,12,2680,25,2312],"class_list":{"0":"post-343470","1":"post","2":"type-post","3":"status-publish","4":"format-standard","5":"has-post-thumbnail","7":"category-toulouse","8":"tag-actu","9":"tag-actualites","10":"tag-eu","11":"tag-europe","12":"tag-fr","13":"tag-france","14":"tag-news","15":"tag-occitanie","16":"tag-republique-francaise","17":"tag-toulouse"},"share_on_mastodon":{"url":"https:\/\/pubeurope.com\/@fr\/115090914371504186","error":""},"_links":{"self":[{"href":"https:\/\/www.europesays.com\/fr\/wp-json\/wp\/v2\/posts\/343470","targetHints":{"allow":["GET"]}}],"collection":[{"href":"https:\/\/www.europesays.com\/fr\/wp-json\/wp\/v2\/posts"}],"about":[{"href":"https:\/\/www.europesays.com\/fr\/wp-json\/wp\/v2\/types\/post"}],"author":[{"embeddable":true,"href":"https:\/\/www.europesays.com\/fr\/wp-json\/wp\/v2\/users\/2"}],"replies":[{"embeddable":true,"href":"https:\/\/www.europesays.com\/fr\/wp-json\/wp\/v2\/comments?post=343470"}],"version-history":[{"count":0,"href":"https:\/\/www.europesays.com\/fr\/wp-json\/wp\/v2\/posts\/343470\/revisions"}],"wp:featuredmedia":[{"embeddable":true,"href":"https:\/\/www.europesays.com\/fr\/wp-json\/wp\/v2\/media\/343471"}],"wp:attachment":[{"href":"https:\/\/www.europesays.com\/fr\/wp-json\/wp\/v2\/media?parent=343470"}],"wp:term":[{"taxonomy":"category","embeddable":true,"href":"https:\/\/www.europesays.com\/fr\/wp-json\/wp\/v2\/categories?post=343470"},{"taxonomy":"post_tag","embeddable":true,"href":"https:\/\/www.europesays.com\/fr\/wp-json\/wp\/v2\/tags?post=343470"}],"curies":[{"name":"wp","href":"https:\/\/api.w.org\/{rel}","templated":true}]}}