{"id":343472,"date":"2025-08-25T18:52:13","date_gmt":"2025-08-25T18:52:13","guid":{"rendered":"https:\/\/www.europesays.com\/fr\/343472\/"},"modified":"2025-08-25T18:52:13","modified_gmt":"2025-08-25T18:52:13","slug":"un-grand-festival-de-food-trucks-et-un-marche-nocturne-ce-vendredi-a-deux-pas-de-lille","status":"publish","type":"post","link":"https:\/\/www.europesays.com\/fr\/343472\/","title":{"rendered":"Un grand festival de food-trucks et un march\u00e9 nocturne ce vendredi \u00e0 deux pas de Lille"},"content":{"rendered":"<p>            Par<br \/>\n        <strong><br \/>\n            <a href=\"https:\/\/actu.fr\/auteur\/nicolas-demollien\" title=\"Consulter tous les articles de Nicolas Demollien\" rel=\"nofollow noopener\" target=\"_blank\">Nicolas Demollien<\/a><br \/>\n        <\/strong><\/p>\n<p>        Publi\u00e9 le<\/p>\n<p>            25 ao\u00fbt 2025 \u00e0 18h28        <\/p>\n<p>Avis aux gourmands et aux curieux ! Ce vendredi 29 ao\u00fbt 2025, un rendez-vous particuli\u00e8rement<b> all\u00e9chant<\/b> est organis\u00e9 \u00e0 Saint-Andr\u00e9-lez-Lille, tout pr\u00e8s de Lille (Nord). Vous y d\u00e9couvrirez un<b> march\u00e9 nocturne<\/b> mais aussi une vingtaine de <b>food trucks<\/b>.<\/p>\n<p>\u00ab\u00a0Camions gourmands\u00a0\u00bb et march\u00e9 nocturne \u00e0 Saint-Andr\u00e9-lez-Lille<\/p>\n<p class=\" wall-content\">Cet \u00e9v\u00e9nement, ce sont les fameux \u00ab\u00a0<b>Camions Gourmands de Sainte-H\u00e9l\u00e8ne<\/b>\u00ab\u00a0. La manifestation se tiendra de 18h30 \u00e0 22h place des Bateliers.<\/p>\n<p class=\" wall-content\">En <b>musique<\/b> et dans la <b>bonne humeur,<\/b> vous pourrez profiter d\u2019une offre gourmande particuli\u00e8rement riche gr\u00e2ce \u00e0 la pr\u00e9sence des engins. Au menu, entre autres : cuisines tha\u00ef, italienne, mexicaine, canadienne ou encore mauricienne. Vous y trouverez aussi des hot dogs, des cr\u00eapes ou encore des plats v\u00e9g\u00e9tariens.<\/p>\n<p class=\" wall-content\">Vous pourrez bien \u00e9videmment \u00e9galement boire un verre avec notamment plusieurs enseignes sp\u00e9cialis\u00e9es dans la <a href=\"https:\/\/actu.fr\/tag\/biere\" rel=\"nofollow noopener\" target=\"_blank\">bi\u00e8re<\/a>. C\u00f4t\u00e9 desserts, enfin : gaufres belges,\u00a0muffins et donuts, glaces artisanales et cr\u00eapes !<\/p>\n<p class=\" wall-content\">Et pour que la f\u00eate soit totale, c\u2019est \u00e9galement un <b>march\u00e9 d\u2019artisans et de cr\u00e9ateurs<\/b> qui sera install\u00e9 aux c\u00f4t\u00e9s des food trucks. Vous y trouverez des stands proposant\u00a0objets faits main, cr\u00e9ations originales et autres produits locaux.<\/p>\n<p class=\" wall-content\">D\u00e9cid\u00e9ment, cet \u00e9v\u00e9nement a tout pour plaire !<\/p>\n<p class=\" wall-content\">Plus d\u2019infos sur le site <a href=\"https:\/\/www.villesaintandre.fr\/agenda\/36932\/10258-camions-gourmands-et-marche-nocturne.htm?fbclid=IwY2xjawMZHAVleHRuA2FlbQIxMQBicmlkETFId2NpaEdDdHdqSWhzMnBUAR6JkDYus2E1UtBs9uzcJaSI6yIXGzC-rCmXAnpnWIJ7uC2Cy-0ZANr1YT_h0w_aem_dDzEVcKE6i8PbszkoBqFUA\" rel=\"nofollow noopener\" target=\"_blank\">villesaintandre.fr<\/a><\/p>\n<p class=\" wall-content\">Personnalisez votre actualit\u00e9 en ajoutant vos villes et m\u00e9dias en favori avec <a href=\"https:\/\/moncompte.actu.fr\" title=\"D\u00e9couvez Mon Actu\" rel=\"nofollow noopener\" data-trk=\"{&quot;cta&quot;:{&quot;action&quot;:&quot;https:\\\/\\\/moncompte.actu.fr&quot;,&quot;category&quot;:&quot;mon compte&quot;,&quot;from&quot;:&quot;article footer&quot;,&quot;name&quot;:&quot;Mon actu&quot;,&quot;type&quot;:&quot;cta&quot;}}\" target=\"_blank\">Mon Actu<\/a>.<\/p>\n","protected":false},"excerpt":{"rendered":"Par Nicolas Demollien Publi\u00e9 le 25 ao\u00fbt 2025 \u00e0 18h28 Avis aux gourmands et aux curieux ! Ce&hellip;\n","protected":false},"author":2,"featured_media":343473,"comment_status":"","ping_status":"","sticky":false,"template":"","format":"standard","meta":{"footnotes":""},"categories":[2815],"tags":[1111,11,1777,674,1011,27,811,1307,1652,2089,12,25,10479],"class_list":{"0":"post-343472","1":"post","2":"type-post","3":"status-publish","4":"format-standard","5":"has-post-thumbnail","7":"category-lille","8":"tag-actu","9":"tag-actualites","10":"tag-eu","11":"tag-europe","12":"tag-fr","13":"tag-france","14":"tag-hauts-de-france","15":"tag-lille","16":"tag-loisirs-culture","17":"tag-marche","18":"tag-news","19":"tag-republique-francaise","20":"tag-street-food"},"share_on_mastodon":{"url":"https:\/\/pubeurope.com\/@fr\/115090918184603023","error":""},"_links":{"self":[{"href":"https:\/\/www.europesays.com\/fr\/wp-json\/wp\/v2\/posts\/343472","targetHints":{"allow":["GET"]}}],"collection":[{"href":"https:\/\/www.europesays.com\/fr\/wp-json\/wp\/v2\/posts"}],"about":[{"href":"https:\/\/www.europesays.com\/fr\/wp-json\/wp\/v2\/types\/post"}],"author":[{"embeddable":true,"href":"https:\/\/www.europesays.com\/fr\/wp-json\/wp\/v2\/users\/2"}],"replies":[{"embeddable":true,"href":"https:\/\/www.europesays.com\/fr\/wp-json\/wp\/v2\/comments?post=343472"}],"version-history":[{"count":0,"href":"https:\/\/www.europesays.com\/fr\/wp-json\/wp\/v2\/posts\/343472\/revisions"}],"wp:featuredmedia":[{"embeddable":true,"href":"https:\/\/www.europesays.com\/fr\/wp-json\/wp\/v2\/media\/343473"}],"wp:attachment":[{"href":"https:\/\/www.europesays.com\/fr\/wp-json\/wp\/v2\/media?parent=343472"}],"wp:term":[{"taxonomy":"category","embeddable":true,"href":"https:\/\/www.europesays.com\/fr\/wp-json\/wp\/v2\/categories?post=343472"},{"taxonomy":"post_tag","embeddable":true,"href":"https:\/\/www.europesays.com\/fr\/wp-json\/wp\/v2\/tags?post=343472"}],"curies":[{"name":"wp","href":"https:\/\/api.w.org\/{rel}","templated":true}]}}