{"id":343476,"date":"2025-08-25T18:54:10","date_gmt":"2025-08-25T18:54:10","guid":{"rendered":"https:\/\/www.europesays.com\/fr\/343476\/"},"modified":"2025-08-25T18:54:10","modified_gmt":"2025-08-25T18:54:10","slug":"le-kraken-voilier-qui-alerte-sur-la-pollution-en-mer-de-retour-au-frioul-a-marseille","status":"publish","type":"post","link":"https:\/\/www.europesays.com\/fr\/343476\/","title":{"rendered":"Le \u00ab\u00a0Kraken\u00a0\u00bb, voilier qui alerte sur la pollution en mer, de retour au Frioul \u00e0 Marseille"},"content":{"rendered":"<p>Amarr\u00e9 au <a href=\"https:\/\/www.laprovence.com\/article\/sortie-loisirs\/71222597091209\/balades-dans-les-iles-le-frioul-ces-iles-hors-du-temps\" target=\"_blank\" rel=\"noopener\">Frioul<\/a> depuis le 23\u00a0ao\u00fbt, apr\u00e8s avoir fait escale sur le Vieux-Port en juillet, cet imposant trois-m\u00e2ts embarque ses passagers dans une croisade contre la <a href=\"https:\/\/www.laprovence.com\/article\/ecoplanete\/180880917052114\/le-traite-sur-le-plastique-est-au-bord-de-la-falaise-les-representants-peinent-a-s-entendre-pour-lutter-contre-la-pollution\" target=\"_blank\" rel=\"noopener\">pollution plastique<\/a>. \u00ab\u00a0L\u2019id\u00e9e, c\u2019est de mettre un coup de projecteur sur la n\u00e9cessit\u00e9 de prot\u00e9ger l\u2019oc\u00e9an, v\u00e9ritable r\u00e9gulateur du climat\u00a0\u00bb, rappelle Cl\u00e9mence G\u00e9nin, employ\u00e9e de Wings of the Ocean.<\/p>\n<p>Porte-\u00e9tendard de l\u2019association qui milite pour une mer sans d\u00e9chet, <a href=\"https:\/\/www.laprovence.com\/article\/region\/48275399630293\/kraken-le-bateau-engage-pour-un-ocean-sans-dechet-en-escale-a-marseille\" target=\"_blank\" rel=\"noopener\">le Kraken<\/a> a pass\u00e9 plusieurs ann\u00e9es \u00e0 naviguer pour collecter et \u00e9tudier les microplastiques qui s\u2019y amassent. Apr\u00e8s une courte escale \u00e0 S\u00e8te, le navire et son \u00e9quipage reviennent dans la rade marseillaise pour y sensibiliser habitants et <a href=\"https:\/\/www.laprovence.com\/article\/region\/1708819349970215\/tourisme-a-marseille-le-trop-plein\" target=\"_blank\" rel=\"noopener\">touristes<\/a>.<\/p>\n<p>L\u2019art comme vecteur de sensibilisation<\/p>\n<p>Construit en\u00a01974 aux Pays-Bas, ce voilier long de 42 m\u00e8tres promet de charmer les visiteurs lors d\u2019une visite d\u2019une quarantaine de minutes con\u00e7ue comme \u00ab\u00a0une bulle hors du temps, propice au d\u00e9clic\u00a0\u00bb. Le parcours p\u00e9dagogique pr\u00e9vu \u00e0 bord est compos\u00e9 de panneaux rappelant les <a href=\"https:\/\/www.laprovence.com\/article\/ecoplanete\/19735678354434\/la-france-enfouit-son-co2-dans-les-fonds-marins-a-letranger-comment-ca-marche-et-a-quoi-ca-sert\" target=\"_blank\" rel=\"noopener\">donn\u00e9es scientifiques<\/a> sur la pollution marine, et est ponctu\u00e9 de pi\u00e8ces d\u2019art contemporain.<\/p>\n<p>En collaboration avec le collectif d\u2019artistes Polymer, une exposition \u00ab\u00a0radicale, innovante et po\u00e9tique\u00a0\u00bb avec notamment des cr\u00e9ations faites \u00e0 partir de d\u00e9chets collect\u00e9s en mer illustre leurs effets d\u00e9vastateurs.<\/p>\n<p>Un laboratoire mobile pour \u00e9tudier le territoire<\/p>\n<p>Le Kraken fait aussi office de laboratoire mobile qui analyse le processus de d\u00e9gradation des d\u00e9chets plastiques et leurs interactions avec les micro-organismes pr\u00e9sents en mer. Apr\u00e8s plusieurs collectes dans des points \u00ab\u00a0o\u00f9 le vent rassemble des d\u00e9chets qui se retrouvent pi\u00e9g\u00e9s\u00a0\u00bb, les b\u00e9n\u00e9voles les trient, p\u00e8sent et r\u00e9f\u00e9rencent pour g\u00e9n\u00e9rer des <a href=\"https:\/\/www.laprovence.com\/article\/region\/2640476763541214\/plastique-dans-l-huveaune-une-etude-pour-mieux-connaitre-le-phenomene\" target=\"_blank\" rel=\"noopener\">donn\u00e9es scientifiques territoriales<\/a> que l\u2019association r\u00e9pertorie en chiffres cl\u00e9s sur son application Wings Map, dans l\u2019espoir de \u00ab\u00a0pouvoir un jour pousser des <a href=\"https:\/\/www.laprovence.com\/article\/ecoplanete\/26234002964235\/pollution-plus-que-4-jours-pour-boucler-un-traite-mondial-sur-l-avenir-du-plastique\" target=\"_blank\" rel=\"noopener\">changements l\u00e9gislatifs<\/a>\u00ab\u00a0.<\/p>\n<p>Visites gratuites du lundi au samedi, entre 9 h et 12\u00a0h et 14\u00a0h et 16\u00a0h. www.wingsoftheocean.com<\/p>\n","protected":false},"excerpt":{"rendered":"Amarr\u00e9 au Frioul depuis le 23\u00a0ao\u00fbt, apr\u00e8s avoir fait escale sur le Vieux-Port en juillet, cet imposant trois-m\u00e2ts&hellip;\n","protected":false},"author":2,"featured_media":343477,"comment_status":"","ping_status":"","sticky":false,"template":"","format":"standard","meta":{"footnotes":""},"categories":[2814],"tags":[17,1111,11,898,1102,1777,674,1011,27,36511,884,6127,12,1800,882,3583,16,25,3356,17250],"class_list":{"0":"post-343476","1":"post","2":"type-post","3":"status-publish","4":"format-standard","5":"has-post-thumbnail","7":"category-marseille","8":"tag-17","9":"tag-actu","10":"tag-actualites","11":"tag-alerte","12":"tag-breakingnews","13":"tag-eu","14":"tag-europe","15":"tag-fr","16":"tag-france","17":"tag-kraken","18":"tag-marseille","19":"tag-mer","20":"tag-news","21":"tag-pollution","22":"tag-provence-alpes-cote-dazur","23":"tag-qui","24":"tag-region","25":"tag-republique-francaise","26":"tag-sur","27":"tag-voilier"},"share_on_mastodon":{"url":"https:\/\/pubeurope.com\/@fr\/115090926103642645","error":""},"_links":{"self":[{"href":"https:\/\/www.europesays.com\/fr\/wp-json\/wp\/v2\/posts\/343476","targetHints":{"allow":["GET"]}}],"collection":[{"href":"https:\/\/www.europesays.com\/fr\/wp-json\/wp\/v2\/posts"}],"about":[{"href":"https:\/\/www.europesays.com\/fr\/wp-json\/wp\/v2\/types\/post"}],"author":[{"embeddable":true,"href":"https:\/\/www.europesays.com\/fr\/wp-json\/wp\/v2\/users\/2"}],"replies":[{"embeddable":true,"href":"https:\/\/www.europesays.com\/fr\/wp-json\/wp\/v2\/comments?post=343476"}],"version-history":[{"count":0,"href":"https:\/\/www.europesays.com\/fr\/wp-json\/wp\/v2\/posts\/343476\/revisions"}],"wp:featuredmedia":[{"embeddable":true,"href":"https:\/\/www.europesays.com\/fr\/wp-json\/wp\/v2\/media\/343477"}],"wp:attachment":[{"href":"https:\/\/www.europesays.com\/fr\/wp-json\/wp\/v2\/media?parent=343476"}],"wp:term":[{"taxonomy":"category","embeddable":true,"href":"https:\/\/www.europesays.com\/fr\/wp-json\/wp\/v2\/categories?post=343476"},{"taxonomy":"post_tag","embeddable":true,"href":"https:\/\/www.europesays.com\/fr\/wp-json\/wp\/v2\/tags?post=343476"}],"curies":[{"name":"wp","href":"https:\/\/api.w.org\/{rel}","templated":true}]}}