{"id":343478,"date":"2025-08-25T18:55:18","date_gmt":"2025-08-25T18:55:18","guid":{"rendered":"https:\/\/www.europesays.com\/fr\/343478\/"},"modified":"2025-08-25T18:55:18","modified_gmt":"2025-08-25T18:55:18","slug":"aires-de-jeux-abris-a-insectes-le-deuxieme-vote-du-budget-participatif-a-marseille-touche-a-sa-fin","status":"publish","type":"post","link":"https:\/\/www.europesays.com\/fr\/343478\/","title":{"rendered":"Aires de jeux, abris \u00e0 insectes&#8230; le deuxi\u00e8me vote du budget participatif \u00e0 Marseille touche \u00e0 sa fin"},"content":{"rendered":"<p>Pour la <a href=\"https:\/\/www.laprovence.com\/article\/region\/1181147665439215\/marseille-confidentiels-la-ville-tient-ses-premiers-laureats-pour-le-budget-participatif\" target=\"_blank\" rel=\"nofollow noopener\">deuxi\u00e8me ann\u00e9e cons\u00e9cutive<\/a>, la Ville de Marseille a examin\u00e9 les quelque 1\u00a0500 projets propos\u00e9s par les habitants des 1er, 4e, 5e, 6e, 7e, 8e, 9e, 10e, 11e et 12e arrondissements pour son budget participatif. Le <a href=\"https:\/\/www.laprovence.com\/article\/region\/8994879393200914\/video-budget-participatif-pour-quelle-raison-les-marseillais-sont-invites-a-voter-a-partir-samedi-31-aout\" target=\"_blank\" rel=\"nofollow noopener\">vote<\/a> \u00e9tant ouvert depuis d\u00e9but juin et jusqu\u2019au 31\u00a0ao\u00fbt, 10\u00a0200 habitants (d\u00e8s 9\u00a0ans) ont d\u00e9j\u00e0 choisi un projet par secteur, soit cinq am\u00e9nagements au total.<\/p>\n<p>Des projets autour du \u00ab\u00a0bien-\u00eatre\u00a0\u00bb<\/p>\n<p>Une nette augmentation par rapport \u00e0 l\u2019an pass\u00e9, o\u00f9 le budget participatif avait r\u00e9colt\u00e9 900 id\u00e9es, et re\u00e7u environ 4\u00a0000\u00a0votes. \u00ab\u00a0Les habitants ont demand\u00e9 \u00e0 r\u00e9investir leur territoire, on ne s\u2019imaginait pas du tout recevoir autant d\u2019id\u00e9es\u00a0\u00bb, se r\u00e9jouit <a href=\"https:\/\/www.laprovence.com\/article\/societe\/17698000543977\/frigo-solidaire-parcours-sport-sante-les-marseillais-appeles-a-voter-pour-leurs-projets-preferes\" target=\"_blank\" rel=\"nofollow noopener\">Farida Benaouda<\/a>, conseill\u00e8re municipale (PM) charg\u00e9e des budgets participatifs.\u00a0Pour l\u2019\u00e9lue, cette \u00ab\u00a0r\u00e9ussite\u00a0\u00bb est due \u00e0 un effet post-Covid\u00a0: \u00ab\u00a0Beaucoup de demandes<strong> <\/strong>exprimaient un besoin de retrouver des endroits qui favorisent le lien, autour du bien-\u00eatre\u00a0\u00bb.<strong\/><\/p>\n<p>\u00c9paisse de 2,5\u00a0millions d\u2019euros, l\u2019enveloppe budg\u00e9taire permet\u00a0de mettre en \u0153uvre une dizaine d\u2019id\u00e9es, dans un d\u00e9lai de deux ans. Si les diff\u00e9rentes propositions peuvent parfois avoir des intitul\u00e9s qui semblent confus\u00a0\u00ab\u00a0Promenade conviviale sur la <a href=\"https:\/\/www.laprovence.com\/article\/region\/98170598881556\/etablissements-luxueux-nouvelle-corniche-comment-le-roucas-blanc-est-devenu-un-paradis-quasi-inaccessible\" target=\"_blank\" rel=\"nofollow noopener\">Corniche<\/a><a href=\"https:\/\/www.laprovence.com\/article\/region\/98170598881556\/etablissements-luxueux-nouvelle-corniche-comment-le-roucas-blanc-est-devenu-un-paradis-quasi-inaccessible\" target=\"_blank\" rel=\"nofollow noopener\">\u00ab\u00a0<\/a>, \u00ab\u00a0Profiter de la place&#8230;<\/p>\n","protected":false},"excerpt":{"rendered":"Pour la deuxi\u00e8me ann\u00e9e cons\u00e9cutive, la Ville de Marseille a examin\u00e9 les quelque 1\u00a0500 projets propos\u00e9s par les&hellip;\n","protected":false},"author":2,"featured_media":343479,"comment_status":"","ping_status":"","sticky":false,"template":"","format":"standard","meta":{"footnotes":""},"categories":[2814],"tags":[17,16737,1111,11,47926,1003,2563,1777,674,1011,27,24925,330,884,12,882,16,25,5995],"class_list":{"0":"post-343478","1":"post","2":"type-post","3":"status-publish","4":"format-standard","5":"has-post-thumbnail","7":"category-marseille","8":"tag-17","9":"tag-abris","10":"tag-actu","11":"tag-actualites","12":"tag-aires","13":"tag-budget","14":"tag-deuxieme","15":"tag-eu","16":"tag-europe","17":"tag-fr","18":"tag-france","19":"tag-insectes","20":"tag-jeux","21":"tag-marseille","22":"tag-news","23":"tag-provence-alpes-cote-dazur","24":"tag-region","25":"tag-republique-francaise","26":"tag-vote"},"share_on_mastodon":{"url":"https:\/\/pubeurope.com\/@fr\/115090930018807253","error":""},"_links":{"self":[{"href":"https:\/\/www.europesays.com\/fr\/wp-json\/wp\/v2\/posts\/343478","targetHints":{"allow":["GET"]}}],"collection":[{"href":"https:\/\/www.europesays.com\/fr\/wp-json\/wp\/v2\/posts"}],"about":[{"href":"https:\/\/www.europesays.com\/fr\/wp-json\/wp\/v2\/types\/post"}],"author":[{"embeddable":true,"href":"https:\/\/www.europesays.com\/fr\/wp-json\/wp\/v2\/users\/2"}],"replies":[{"embeddable":true,"href":"https:\/\/www.europesays.com\/fr\/wp-json\/wp\/v2\/comments?post=343478"}],"version-history":[{"count":0,"href":"https:\/\/www.europesays.com\/fr\/wp-json\/wp\/v2\/posts\/343478\/revisions"}],"wp:featuredmedia":[{"embeddable":true,"href":"https:\/\/www.europesays.com\/fr\/wp-json\/wp\/v2\/media\/343479"}],"wp:attachment":[{"href":"https:\/\/www.europesays.com\/fr\/wp-json\/wp\/v2\/media?parent=343478"}],"wp:term":[{"taxonomy":"category","embeddable":true,"href":"https:\/\/www.europesays.com\/fr\/wp-json\/wp\/v2\/categories?post=343478"},{"taxonomy":"post_tag","embeddable":true,"href":"https:\/\/www.europesays.com\/fr\/wp-json\/wp\/v2\/tags?post=343478"}],"curies":[{"name":"wp","href":"https:\/\/api.w.org\/{rel}","templated":true}]}}