{"id":343482,"date":"2025-08-25T18:57:12","date_gmt":"2025-08-25T18:57:12","guid":{"rendered":"https:\/\/www.europesays.com\/fr\/343482\/"},"modified":"2025-08-25T18:57:12","modified_gmt":"2025-08-25T18:57:12","slug":"football-la-defaite-a-lyon-en-video-un-defenseur-ivoirien-convoite-une-piste-reactivee-cest-lactualite-du-fc-metz","status":"publish","type":"post","link":"https:\/\/www.europesays.com\/fr\/343482\/","title":{"rendered":"Football. La d\u00e9faite \u00e0 Lyon en vid\u00e9o, un d\u00e9fenseur ivoirien convoit\u00e9, une piste r\u00e9activ\u00e9e.. C&rsquo;est l&rsquo;actualit\u00e9 du FC Metz"},"content":{"rendered":"<p>  \u2714\ufe0f Olympique Lyonnais &#8211; FC Metz\u00a0: Jonathan Fischer \u00e9lu homme du match<\/p>\n<p>\u00c0 l&rsquo;issue de la rencontre entre l&rsquo;OL et le FC Metz (3-0), samedi soir au Groupama Stadium, les internautes du R\u00e9publicain Lorrain ont \u00e9lu <a href=\"https:\/\/www.republicain-lorrain.fr\/sport\/2025\/08\/23\/olympique-lyonnais-fc-metz-elisez-le-grenat-du-match\" target=\"_blank\" rel=\"noopener\">le gardien danois Jonathan Fischer homme du match (27%) c\u00f4t\u00e9 messin<\/a>. Il devance Koffi Kouao (16%) et Giorgi Tsitaishvili (13%).<\/p>\n<p>Ce contenu est bloqu\u00e9 car vous n&rsquo;avez pas accept\u00e9 les cookies et autres traceurs.<\/p>\n<p>En cliquant sur \u00ab J\u2019accepte \u00bb, les cookies et autres traceurs seront d\u00e9pos\u00e9s et vous pourrez visualiser les contenus  (<a href=\"\" class=\"consentModule_policy\" target=\"_blank\" title=\"Consulter la politique de protection des donn\u00e9es du fournisseur\">plus d&rsquo;informations<\/a>).<\/p>\n<p>En cliquant sur \u00ab J\u2019accepte tous les cookies \u00bb, vous autorisez des d\u00e9p\u00f4ts de cookies et autres traceurs pour le stockage de vos donn\u00e9es sur nos sites et applications \u00e0 des fins de personnalisation et de ciblage publicitaire.<\/p>\n<p class=\"consentModule_secondaryText\">Vous gardez la possibilit\u00e9 de retirer votre consentement \u00e0 tout moment en consultant notre <a href=\"https:\/\/www.republicain-lorrain.fr\/protection-des-donnees\" target=\"_blank\" title=\"Consulter notre politique de protection des donn\u00e9es\" rel=\"noopener\">politique de protection des donn\u00e9es<\/a>. <br \/>&#13;<br \/>\n            <a href=\"https:\/\/www.republicain-lorrain.fr\/sport\/2025\/08\/25\/javascript:Didomi.notice.show()\" class=\"consentModule_cmp\" target=\"_blank\" rel=\"noopener\">G\u00e9rer mes choix<\/a>&#13;\n        <\/p>\n<p>&#13;<br \/>\n                        J&rsquo;accepte&#13;<br \/>\n            J&rsquo;accepte tous les cookies&#13;\n        <\/p>\n<p>  Mercato : un int\u00e9r\u00eat pour un jeune d\u00e9fenseur ivoirien\u00a0?<\/p>\n<p>En qu\u00eate prioritairement d\u2019un lat\u00e9ral gauche et d\u2019un voire deux \u00e9l\u00e9ments offensifs <a href=\"https:\/\/www.republicain-lorrain.fr\/sport\/2025\/08\/24\/stephane-le-mignan-apres-la-defaite-du-fc-metz-a-lyon-on-n-a-pas-reussi-a-etre-suffisamment-dangereux\" target=\"_blank\" rel=\"noopener\">selon les derni\u00e8res d\u00e9clarations de St\u00e9phane Le Mignan<\/a>, le FC Metz n\u2019a, a priori, pas renonc\u00e9 non plus \u00e0 attirer un d\u00e9fenseur central suppl\u00e9mentaire.<\/p>\n<p><a href=\"https:\/\/www.abola.pt\/noticias\/mercado-torreense-euro1-m-ainda-nao-chegou-e-perola-africana-vai-renovar-2025082415432991781?utm_campaign=abola-page-post&amp;utm_content=article-fresh&amp;utm_medium=social&amp;utm_source=twitter&amp;utm_term=cde-twitter-fresh-articles-1203\" target=\"_blank\" rel=\"noopener\">Selon nos confr\u00e8res du quotidien sportif portugais A Bola<\/a>, les dirigeants messins s\u2019int\u00e9resseraient au jeune ivoirien N&rsquo;Tamon Elie Ahouonon (dit Elie) qui \u00e9volue actuellement sous les couleurs de Torreense (D2 portugaise). Cadix (Espagne), Rakow (Pologne) ou encore le RC Lens se seraient \u00e9galement renseign\u00e9s\u2026<\/p>\n<p>Le natif d\u2019Abidjan (21 ans), capable d&rsquo;\u00e9voluer dans le couloir droit \u2013 qui a disput\u00e9 25 matches (22 titularisations, 2 buts et 1 passe d\u00e9cisive) en championnat la saison derni\u00e8re \u2013, devrait prolonger son contrat avec le club de Torres Vedras jusqu\u2019en juin 2027. Ce qui, selon A Bola, fixerait la clause lib\u00e9ratoire du joueur \u00e0&#8230; 4 millions d\u2019euros. Le FC Metz aurait n\u00e9anmoins formul\u00e9 une offre.<\/p>\n<p>  Une piste mexicaine r\u00e9activ\u00e9e\u00a0?<\/p>\n<p>Par ailleurs,\u00a0<a href=\"https:\/\/www.lequipe.fr\/Football\/actu-en-direct\/mercato-live\/15610\" target=\"_blank\" rel=\"noopener\">L\u2019\u00c9quipe<\/a> indique de son c\u00f4t\u00e9 que la piste, d\u00e9j\u00e0 \u00e9voqu\u00e9e d\u00e9but juillet, menant au d\u00e9fenseur central Antonio Portales aurait \u00e9t\u00e9 r\u00e9activ\u00e9e par le FC Metz. Contrairement \u00e0 Elie (sous contrat avec Torreense), l\u2019exp\u00e9riment\u00e9 Mexicain de 29 ans est libre apr\u00e8s deux saisons pass\u00e9es en \u00c9cosse sous maillot du Dundee FC.<\/p>\n<p class=\"insetTitle\">\ud83d\udcc6 L&rsquo;agenda du week-end<\/p>\n<p>\u27a4 <strong>U17\u00a0<\/strong>: Auxerre &#8211; FC Metz (<a href=\"https:\/\/www.republicain-lorrain.fr\/sport\/calendrier-resultats\/football\/national-u17-groupe-c\" target=\"_blank\" rel=\"noopener\">1re journ\u00e9e<\/a>), mercredi 27 ao\u00fbt (13h) au stade de l&rsquo;Abb\u00e9-Deschamps.<\/p>\n<p>\u27a4 <strong>National 3\u00a0<\/strong>: Le Pays-du-Vallois &#8211; FC Metz (<a href=\"https:\/\/www.republicain-lorrain.fr\/sport\/calendrier-resultats\/football\/national-national-3-groupe-e\/2\" target=\"_blank\" rel=\"noopener\">2e journ\u00e9e<\/a>), samedi 30 aoput (18h) au stade Olivier-Lovighi (Le Plessis-Belleville).<\/p>\n<p>\u27a4 <strong>U17\u00a0<\/strong>: Annecy &#8211; FC Metz (<a href=\"https:\/\/www.republicain-lorrain.fr\/sport\/calendrier-resultats\/football\/national-u17-groupe-c\/2\" target=\"_blank\" rel=\"noopener\">2e journ\u00e9e<\/a>), dimanche 31 ao\u00fbt (12h) au Parc des Sports.<\/p>\n<p>\u27a4 <strong>F\u00e9minines\u00a0<\/strong>: FC Metz &#8211; Roubaix (amical), dimanche 31 ao\u00fbt (15h) \u00e0 Saint-Mihiel.<\/p>\n<p>\u27a4 <strong>U19\u00a0<\/strong>: FC Metz &#8211; Bobigny (<a href=\"https:\/\/www.republicain-lorrain.fr\/sport\/calendrier-resultats\/football\/national-u19-groupe-b\/2\" target=\"_blank\" rel=\"noopener\">2e journ\u00e9e<\/a>), dimanche 31 ao\u00fbt (15h) \u00e0 Frescaty.<\/p>\n<p>\u27a4 <strong>Ligue 1<\/strong>\u00a0: Paris FC &#8211; FC Metz (<a href=\"https:\/\/www.republicain-lorrain.fr\/sport\/calendrier-resultats\/football\/national-ligue-1\/3\" target=\"_blank\" rel=\"noopener\">3e journ\u00e9e<\/a>), dimanche 31 ao\u00fbt (17h15) au stade Jean-Bouin.<\/p>\n<p>  F\u00e9minines\u00a0: journ\u00e9e portes ouvertes<\/p>\n<p>Le FC Metz organise une journ\u00e9e portes ouvertes de sa section f\u00e9minine le jeudi 28 ao\u00fbt de 18h \u00e0 19h30 \u00e0 la Plaine Saint-Symphorien. Cette action est destin\u00e9e aux jeunes filles des cat\u00e9gories U10 \u00e0 U12 (joueuses n\u00e9es entre 2014 et 2016).<\/p>\n<p>Inscription obligatoire\u00a0: <a href=\"https:\/\/www.republicain-lorrain.fr\/sport\/2025\/08\/25\/mailto:gillian.nottelet@gmail.com\" target=\"_blank\" rel=\"noopener\">gillian.nottelet@gmail.com<\/a><\/p>\n<p>Ce contenu est bloqu\u00e9 car vous n&rsquo;avez pas accept\u00e9 les cookies et autres traceurs.<\/p>\n<p>En cliquant sur \u00ab J\u2019accepte \u00bb, les cookies et autres traceurs seront d\u00e9pos\u00e9s et vous pourrez visualiser les contenus  (<a href=\"\" class=\"consentModule_policy\" target=\"_blank\" title=\"Consulter la politique de protection des donn\u00e9es du fournisseur\">plus d&rsquo;informations<\/a>).<\/p>\n<p>En cliquant sur \u00ab J\u2019accepte tous les cookies \u00bb, vous autorisez des d\u00e9p\u00f4ts de cookies et autres traceurs pour le stockage de vos donn\u00e9es sur nos sites et applications \u00e0 des fins de personnalisation et de ciblage publicitaire.<\/p>\n<p class=\"consentModule_secondaryText\">Vous gardez la possibilit\u00e9 de retirer votre consentement \u00e0 tout moment en consultant notre <a href=\"https:\/\/www.republicain-lorrain.fr\/protection-des-donnees\" target=\"_blank\" title=\"Consulter notre politique de protection des donn\u00e9es\" rel=\"noopener\">politique de protection des donn\u00e9es<\/a>. <br \/>&#13;<br \/>\n            <a href=\"https:\/\/www.republicain-lorrain.fr\/sport\/2025\/08\/25\/javascript:Didomi.notice.show()\" class=\"consentModule_cmp\" target=\"_blank\" rel=\"noopener\">G\u00e9rer mes choix<\/a>&#13;\n        <\/p>\n<p>&#13;<br \/>\n                        J&rsquo;accepte&#13;<br \/>\n            J&rsquo;accepte tous les cookies&#13;\n        <\/p>\n<p>  Seraing et ses deux Messins d\u00e9crochent leur premier point<\/p>\n<p>Le RFC Seraing a d\u00e9croch\u00e9 son premier point de la saison, samedi dernier, sur la pelouse de l&rsquo;\u00e9quipe r\u00e9serve de Genk (0-0). Et ce, malgr\u00e9 l&rsquo;exclusion de Djibril Diarra apr\u00e8s l&rsquo;heure de jeu.<\/p>\n<p>Pour cette rencontre de la 3e journ\u00e9e de Challenger Pro League (D2 belge), le club satellite du FC Metz, <a href=\"https:\/\/www.republicain-lorrain.fr\/sport\/2025\/08\/22\/rfc-seraing-bernard-serin-prend-la-tete-du-club-satellite-belge-du-fc-metz\" target=\"_blank\" rel=\"noopener\">d\u00e9sormais pr\u00e9sident par le pr\u00e9sident Serin<\/a>, a align\u00e9 d&rsquo;entr\u00e9e de jeu les deux attaquants pr\u00eat\u00e9s par la maison grenat\u00a0: <a href=\"https:\/\/www.republicain-lorrain.fr\/sport\/2025\/08\/22\/fc-metz-abdoulaye-agne-ba-signe-et-file-a-seraing\" target=\"_blank\" rel=\"noopener\">Abdoulaye Agne Ba<\/a> et \u00c9douard Soumah-Abbad. \u00c0 noter \u00e9galement la pr\u00e9sence dans le onze de d\u00e9part de l&rsquo;ex-milieu de terrain messin Wassim Bahri. <\/p>\n<p>Ce contenu est bloqu\u00e9 car vous n&rsquo;avez pas accept\u00e9 les cookies et autres traceurs.<\/p>\n<p>En cliquant sur \u00ab J\u2019accepte \u00bb, les cookies et autres traceurs seront d\u00e9pos\u00e9s et vous pourrez visualiser les contenus  (<a href=\"\" class=\"consentModule_policy\" target=\"_blank\" title=\"Consulter la politique de protection des donn\u00e9es du fournisseur\">plus d&rsquo;informations<\/a>).<\/p>\n<p>En cliquant sur \u00ab J\u2019accepte tous les cookies \u00bb, vous autorisez des d\u00e9p\u00f4ts de cookies et autres traceurs pour le stockage de vos donn\u00e9es sur nos sites et applications \u00e0 des fins de personnalisation et de ciblage publicitaire.<\/p>\n<p class=\"consentModule_secondaryText\">Vous gardez la possibilit\u00e9 de retirer votre consentement \u00e0 tout moment en consultant notre <a href=\"https:\/\/www.republicain-lorrain.fr\/protection-des-donnees\" target=\"_blank\" title=\"Consulter notre politique de protection des donn\u00e9es\" rel=\"noopener\">politique de protection des donn\u00e9es<\/a>. <br \/>&#13;<br \/>\n            <a href=\"https:\/\/www.republicain-lorrain.fr\/sport\/2025\/08\/25\/javascript:Didomi.notice.show()\" class=\"consentModule_cmp\" target=\"_blank\" rel=\"noopener\">G\u00e9rer mes choix<\/a>&#13;\n        <\/p>\n<p>&#13;<br \/>\n                        J&rsquo;accepte&#13;<br \/>\n            J&rsquo;accepte tous les cookies&#13;\n        <\/p>\n","protected":false},"excerpt":{"rendered":"\u2714\ufe0f Olympique Lyonnais &#8211; FC Metz\u00a0: Jonathan Fischer \u00e9lu homme du match \u00c0 l&rsquo;issue de la rencontre entre&hellip;\n","protected":false},"author":2,"featured_media":343483,"comment_status":"","ping_status":"","sticky":false,"template":"","format":"standard","meta":{"footnotes":""},"categories":[1889],"tags":[1111,11,2430,5598,1777,674,8113,107,1701,63,1011,27,2428,23100,6212,5599,8112,12,25,517,1700,133],"class_list":{"0":"post-343482","1":"post","2":"type-post","3":"status-publish","4":"format-standard","5":"has-post-thumbnail","7":"category-lyon","8":"tag-actu","9":"tag-actualites","10":"tag-auvergne-rhone-alpes","11":"tag-edition-metz-et-agglomeration","12":"tag-eu","13":"tag-europe","14":"tag-fc-metz","15":"tag-fil-info","16":"tag-fil-info-sport","17":"tag-football","18":"tag-fr","19":"tag-france","20":"tag-lyon","21":"tag-mercato-football","22":"tag-metz","23":"tag-moselle","24":"tag-moselle-est","25":"tag-news","26":"tag-republique-francaise","27":"tag-sport","28":"tag-sport-lorrain","29":"tag-video"},"share_on_mastodon":{"url":"https:\/\/pubeurope.com\/@fr\/115090937864826914","error":""},"_links":{"self":[{"href":"https:\/\/www.europesays.com\/fr\/wp-json\/wp\/v2\/posts\/343482","targetHints":{"allow":["GET"]}}],"collection":[{"href":"https:\/\/www.europesays.com\/fr\/wp-json\/wp\/v2\/posts"}],"about":[{"href":"https:\/\/www.europesays.com\/fr\/wp-json\/wp\/v2\/types\/post"}],"author":[{"embeddable":true,"href":"https:\/\/www.europesays.com\/fr\/wp-json\/wp\/v2\/users\/2"}],"replies":[{"embeddable":true,"href":"https:\/\/www.europesays.com\/fr\/wp-json\/wp\/v2\/comments?post=343482"}],"version-history":[{"count":0,"href":"https:\/\/www.europesays.com\/fr\/wp-json\/wp\/v2\/posts\/343482\/revisions"}],"wp:featuredmedia":[{"embeddable":true,"href":"https:\/\/www.europesays.com\/fr\/wp-json\/wp\/v2\/media\/343483"}],"wp:attachment":[{"href":"https:\/\/www.europesays.com\/fr\/wp-json\/wp\/v2\/media?parent=343482"}],"wp:term":[{"taxonomy":"category","embeddable":true,"href":"https:\/\/www.europesays.com\/fr\/wp-json\/wp\/v2\/categories?post=343482"},{"taxonomy":"post_tag","embeddable":true,"href":"https:\/\/www.europesays.com\/fr\/wp-json\/wp\/v2\/tags?post=343482"}],"curies":[{"name":"wp","href":"https:\/\/api.w.org\/{rel}","templated":true}]}}