{"id":343484,"date":"2025-08-25T18:58:10","date_gmt":"2025-08-25T18:58:10","guid":{"rendered":"https:\/\/www.europesays.com\/fr\/343484\/"},"modified":"2025-08-25T18:58:10","modified_gmt":"2025-08-25T18:58:10","slug":"ile-de-france-les-acheteurs-de-bien-immobiliers-en-viager-toujours-plus-nombreux","status":"publish","type":"post","link":"https:\/\/www.europesays.com\/fr\/343484\/","title":{"rendered":"\u00cele-de-France\u00a0: les acheteurs de bien immobiliers en viager toujours plus nombreux"},"content":{"rendered":"\n<p lang=\"fr-FR\" style=\"margin-bottom: 0cm; font-style: normal;\">C&rsquo;est un march\u00e9 qui est d\u00e9crit \u00ab\u00a0en forte croissance\u00a0\u00bb dans la r\u00e9gion, par la soci\u00e9t\u00e9 sp\u00e9cialis\u00e9e Ren\u00e9e Costes. Cette solution de vente permet \u00e0 un retrait\u00e9 de d\u00e9membrer sa propri\u00e9t\u00e9 soit en continuant d&rsquo;y vivre (viager occup\u00e9) soit en laissant ce bien totalement \u00e0 l&rsquo;acheteur (il est alors question de viager libre). En \u00cele-de-France, les investisseurs sont 79% \u00e0 d\u00e9j\u00e0 vivre dans la r\u00e9gion. Quant aux seniors franciliens qui mon\u00e9tisent leur logement, ils ont en moyenne pr\u00e8s de 75 ans. Enfin, la valeur moyenne des biens fr\u00f4le les 460.000 euros.<\/p>\n<p lang=\"fr-FR\" style=\"margin-bottom: 0cm; font-style: normal;\">\u00a0<\/p>\n<p lang=\"fr-FR\" style=\"margin-bottom: 0cm;\">Nicolas Chacun<\/p>\n<p>!function(f,b,e,v,n,t,s){if(f.fbq)return;n=f.fbq=function(){n.callMethod?<br \/>\nn.callMethod.apply(n,arguments):n.queue.push(arguments)};if(!f._fbq)f._fbq=n;<br \/>\nn.push=n;n.loaded=!0;n.version=&rsquo;2.0&prime;;n.queue=[];t=b.createElement(e);t.async=!0;<br \/>\nt.src=v;s=b.getElementsByTagName(e)[0];s.parentNode.insertBefore(t,s)}(window,<br \/>\ndocument,&rsquo;script&rsquo;,&rsquo;https:\/\/connect.facebook.net\/en_US\/fbevents.js&rsquo;);<br \/>\nfbq(&lsquo;init&rsquo;, &lsquo;278974969201861&rsquo;); \/\/ Insert your pixel ID here.<br \/>\nfbq(&lsquo;track&rsquo;, &lsquo;PageView&rsquo;);<\/p>\n","protected":false},"excerpt":{"rendered":"C&rsquo;est un march\u00e9 qui est d\u00e9crit \u00ab\u00a0en forte croissance\u00a0\u00bb dans la r\u00e9gion, par la soci\u00e9t\u00e9 sp\u00e9cialis\u00e9e Ren\u00e9e Costes.&hellip;\n","protected":false},"author":2,"featured_media":343485,"comment_status":"","ping_status":"","sticky":false,"template":"","format":"standard","meta":{"footnotes":""},"categories":[1592],"tags":[1111,11,1933,1936,1777,1939,674,1011,27,662,1934,12,1940,626,1935,25,1937,1941,1938],"class_list":{"0":"post-343484","1":"post","2":"type-post","3":"status-publish","4":"format-standard","5":"has-post-thumbnail","7":"category-ile-de-france","8":"tag-actu","9":"tag-actualites","10":"tag-actualites-locales","11":"tag-essonne","12":"tag-eu","13":"tag-eure-et-loir","14":"tag-europe","15":"tag-fr","16":"tag-france","17":"tag-ile-de-france","18":"tag-infos-locales","19":"tag-news","20":"tag-oise","21":"tag-paris","22":"tag-pres-de-chez-vous","23":"tag-republique-francaise","24":"tag-seine-et-marne","25":"tag-somme","26":"tag-yvelines"},"share_on_mastodon":{"url":"https:\/\/pubeurope.com\/@fr\/115090941728276636","error":""},"_links":{"self":[{"href":"https:\/\/www.europesays.com\/fr\/wp-json\/wp\/v2\/posts\/343484","targetHints":{"allow":["GET"]}}],"collection":[{"href":"https:\/\/www.europesays.com\/fr\/wp-json\/wp\/v2\/posts"}],"about":[{"href":"https:\/\/www.europesays.com\/fr\/wp-json\/wp\/v2\/types\/post"}],"author":[{"embeddable":true,"href":"https:\/\/www.europesays.com\/fr\/wp-json\/wp\/v2\/users\/2"}],"replies":[{"embeddable":true,"href":"https:\/\/www.europesays.com\/fr\/wp-json\/wp\/v2\/comments?post=343484"}],"version-history":[{"count":0,"href":"https:\/\/www.europesays.com\/fr\/wp-json\/wp\/v2\/posts\/343484\/revisions"}],"wp:featuredmedia":[{"embeddable":true,"href":"https:\/\/www.europesays.com\/fr\/wp-json\/wp\/v2\/media\/343485"}],"wp:attachment":[{"href":"https:\/\/www.europesays.com\/fr\/wp-json\/wp\/v2\/media?parent=343484"}],"wp:term":[{"taxonomy":"category","embeddable":true,"href":"https:\/\/www.europesays.com\/fr\/wp-json\/wp\/v2\/categories?post=343484"},{"taxonomy":"post_tag","embeddable":true,"href":"https:\/\/www.europesays.com\/fr\/wp-json\/wp\/v2\/tags?post=343484"}],"curies":[{"name":"wp","href":"https:\/\/api.w.org\/{rel}","templated":true}]}}