{"id":343496,"date":"2025-08-25T19:08:19","date_gmt":"2025-08-25T19:08:19","guid":{"rendered":"https:\/\/www.europesays.com\/fr\/343496\/"},"modified":"2025-08-25T19:08:19","modified_gmt":"2025-08-25T19:08:19","slug":"guerre-en-ukraine-zelensky-discute-de-sanctions-contre-la-russie-avec-lemissaire-americain","status":"publish","type":"post","link":"https:\/\/www.europesays.com\/fr\/343496\/","title":{"rendered":"Guerre en Ukraine | Zelensky discute de sanctions contre la Russie avec l\u2019\u00e9missaire am\u00e9ricain"},"content":{"rendered":"<p class=\"lead textModule textModule--type-lead \" style=\"\">(Kyiv) Le pr\u00e9sident ukrainien Volodymyr Zelensky a affirm\u00e9 lundi avoir \u00e9voqu\u00e9 de potentielles sanctions et d\u2019autres moyens de pression contre la Russie avec l\u2019\u00e9missaire am\u00e9ricain Keith Kellogg, en visite en Ukraine. <\/p>\n<p>                    Publi\u00e9 \u00e0 13\u00a0h\u00a046<\/p>\n<p>    <a class=\"print\" href=\"https:\/\/www.lapresse.ca\/international\/europe\/2025-08-25\/guerre-en-ukraine\/javascript:window.print();\" title=\"Imprimer la page\" rel=\"nofollow noopener\" target=\"_blank\"><\/p>\n<p>        <img loading=\"lazy\" decoding=\"async\" width=\"16\" height=\"18\" src=\"https:\/\/www.europesays.com\/fr\/wp-content\/uploads\/2025\/04\/share-icon.png\" alt=\"Partager\"\/><\/p>\n<p class=\"paragraph textModule textModule--type-paragraph \" style=\"\">\u00ab\u00a0J\u2019ai eu une bonne r\u00e9union avec l\u2019Envoy\u00e9 sp\u00e9cial du pr\u00e9sident des \u00c9tats-Unis, le g\u00e9n\u00e9ral Keith Kellogg\u00a0\u00bb, a \u00e9crit Volodymyr Zelensky sur les r\u00e9seaux sociaux. <\/p>\n<p class=\"paragraph textModule textModule--type-paragraph \" style=\"\">\u00ab\u00a0Nous avons discut\u00e9 de la mani\u00e8re dont nous pouvons influencer les Russes, les contraindre \u00e0 prendre part \u00e0 de r\u00e9elles n\u00e9gociations et \u00e0 mettre fin \u00e0 la guerre. Sanctions, droits de douane \u2013 tout doit rester \u00e0 l\u2019ordre du jour\u00a0\u00bb, a-t-il ajout\u00e9. <\/p>\n<p class=\"paragraph textModule textModule--type-paragraph \" style=\"\">Il a par ailleurs affirm\u00e9 que Washington et Kyiv \u00e9laboraient des garanties de s\u00e9curit\u00e9, r\u00e9clam\u00e9es par l\u2019Ukraine \u00e0 ses alli\u00e9s occidentaux pour se prot\u00e9ger de futures attaques russes en cas d\u2019accord de paix. <\/p>\n<p>                                        <img decoding=\"async\" src=\"https:\/\/www.europesays.com\/fr\/wp-content\/uploads\/2025\/08\/ff3e1aa93e573eda84dac4762e565615.jpg\" alt=\"\" class=\"photoModule__visual\" itemprop=\"contentUrl url\"\/><\/p>\n<p class=\"credit photoModule__caption photoModule__caption--credit\" style=\"\">\n                    PHOTO ARCHIVES AGENCE FRANCE-PRESSE\n                <\/p>\n<p class=\"description photoModule__caption photoModule__caption--description\" style=\"\">\n                    Le pr\u00e9sident ukrainien Volodymyr Zelensky et l\u2019\u00e9missaire am\u00e9ricain Keith Kellogg se sont rencontr\u00e9s \u00e0 Washington, le 18\u00a0ao\u00fbt\u00a02025.\n                <\/p>\n<p class=\"paragraph textModule textModule--type-paragraph \" style=\"\">Volodymyr Zelensky a dit s\u2019attendre \u00e0 ce que leurs principaux points soient esquiss\u00e9s \u00ab\u00a0sous peu\u00a0\u00bb. <\/p>\n<p class=\"paragraph textModule textModule--type-paragraph \" style=\"\">Mais trouver un accord sur les garanties de s\u00e9curit\u00e9 s\u2019annonce complexe. <\/p>\n<p class=\"paragraph textModule textModule--type-paragraph \" style=\"\">Europ\u00e9ens et Am\u00e9ricains ont \u00e9voqu\u00e9 diff\u00e9rentes possibilit\u00e9s allant d\u2019une clause de s\u00e9curit\u00e9 collective inspir\u00e9e de l\u2019article\u00a05 de l\u2019OTAN, au d\u00e9ploiement d\u2019un contingent militaire en Ukraine, ou encore \u00e0 un soutien en mati\u00e8re de formation et d\u2019armements. <\/p>\n<p class=\"epigraph textModule textModule--type-epigraph \" style=\"\">Moscou, qui consid\u00e8re l\u2019expansion de l\u2019OTAN \u00e0 ses fronti\u00e8res comme l\u2019une des \u00ab\u00a0causes profondes\u00a0\u00bb ayant men\u00e9 au conflit, rejette de son c\u00f4t\u00e9 cat\u00e9goriquement la plupart de ces \u00e9ventualit\u00e9s et veut que ses exigences soient prises en compte<\/p>\n<p class=\"paragraph textModule textModule--type-paragraph \" style=\"\">L\u2019\u00e9missaire am\u00e9ricain Keith Kellogg s\u2019est rendu en Ukraine pour participer le week-end dernier \u00e0 la c\u00e9l\u00e9bration de l\u2019ind\u00e9pendance de cette ancienne r\u00e9publique sovi\u00e9tique, envahie par la Russie depuis 2022. <\/p>\n","protected":false},"excerpt":{"rendered":"(Kyiv) Le pr\u00e9sident ukrainien Volodymyr Zelensky a affirm\u00e9 lundi avoir \u00e9voqu\u00e9 de potentielles sanctions et d\u2019autres moyens de&hellip;\n","protected":false},"author":2,"featured_media":343497,"comment_status":"","ping_status":"","sticky":false,"template":"","format":"standard","meta":{"footnotes":""},"categories":[1591],"tags":[11,1887,12,1885,1886,132],"class_list":{"0":"post-343496","1":"post","2":"type-post","3":"status-publish","4":"format-standard","5":"has-post-thumbnail","7":"category-russie","8":"tag-actualites","9":"tag-federation-de-russie","10":"tag-news","11":"tag-russia","12":"tag-russian-federation","13":"tag-russie"},"share_on_mastodon":{"url":"https:\/\/pubeurope.com\/@fr\/115090981589437552","error":""},"_links":{"self":[{"href":"https:\/\/www.europesays.com\/fr\/wp-json\/wp\/v2\/posts\/343496","targetHints":{"allow":["GET"]}}],"collection":[{"href":"https:\/\/www.europesays.com\/fr\/wp-json\/wp\/v2\/posts"}],"about":[{"href":"https:\/\/www.europesays.com\/fr\/wp-json\/wp\/v2\/types\/post"}],"author":[{"embeddable":true,"href":"https:\/\/www.europesays.com\/fr\/wp-json\/wp\/v2\/users\/2"}],"replies":[{"embeddable":true,"href":"https:\/\/www.europesays.com\/fr\/wp-json\/wp\/v2\/comments?post=343496"}],"version-history":[{"count":0,"href":"https:\/\/www.europesays.com\/fr\/wp-json\/wp\/v2\/posts\/343496\/revisions"}],"wp:featuredmedia":[{"embeddable":true,"href":"https:\/\/www.europesays.com\/fr\/wp-json\/wp\/v2\/media\/343497"}],"wp:attachment":[{"href":"https:\/\/www.europesays.com\/fr\/wp-json\/wp\/v2\/media?parent=343496"}],"wp:term":[{"taxonomy":"category","embeddable":true,"href":"https:\/\/www.europesays.com\/fr\/wp-json\/wp\/v2\/categories?post=343496"},{"taxonomy":"post_tag","embeddable":true,"href":"https:\/\/www.europesays.com\/fr\/wp-json\/wp\/v2\/tags?post=343496"}],"curies":[{"name":"wp","href":"https:\/\/api.w.org\/{rel}","templated":true}]}}