{"id":343498,"date":"2025-08-25T19:09:11","date_gmt":"2025-08-25T19:09:11","guid":{"rendered":"https:\/\/www.europesays.com\/fr\/343498\/"},"modified":"2025-08-25T19:09:11","modified_gmt":"2025-08-25T19:09:11","slug":"nous-sommes-fatigues-mais-on-doit-se-battre-150-personnes-a-amiens-pour-les-34-ans-dindependance-de-lukraine","status":"publish","type":"post","link":"https:\/\/www.europesays.com\/fr\/343498\/","title":{"rendered":"\u00ab\u00a0Nous sommes fatigu\u00e9s mais on doit se battre\u00a0\u00bb : 150 personnes \u00e0 Amiens pour les 34 ans d&rsquo;ind\u00e9pendance de l&rsquo;Ukraine"},"content":{"rendered":"<p>Plus de 150 personnes \u00e9taient r\u00e9unies sur la place de l&rsquo;H\u00f4tel de ville \u00e0 Amiens pour c\u00e9l\u00e9brer les 34 ans de l&rsquo;ind\u00e9pendance de l&rsquo;Ukraine, alors que la guerre avec la Russie dure depuis 3 ans et demi. <\/p>\n<p>Sur la place de l&rsquo;H\u00f4tel de ville \u00e0 Amiens, environ <strong>150 personnes<\/strong> ont c\u00e9l\u00e9br\u00e9 le 34\u00e8me anniversaire de l&rsquo;ind\u00e9pendance de l&rsquo;Ukraine. Des \u00e9lus \u00e9taient pr\u00e9sents, comme\u00a0Bruno Bienaim\u00e9, adjoint au maire d\u2019Amiens ou le s\u00e9nateur St\u00e9phane Demilly, mais aussi\u00a0le consul honoraire de l&rsquo;Ukraine, Etienne Mourmant.<\/p>\n<p>\u00a0\u00bb C&rsquo;est important de montrer l&rsquo;Europe est toujours \u00e0 leur c\u00f4t\u00e9, m\u00eame trois ans apr\u00e8s \u00ab\u00a0<\/p>\n<p>Sur la place de l&rsquo;h\u00f4tel de ville, la musique ukrainienne retentit, assourdissante. Une mani\u00e8re \u00ab\u00a0d&rsquo;inciter les passants \u00e0 s&rsquo;arr\u00eater\u00a0\u00bb, glisse l&rsquo;une des organisatrices de l&rsquo;\u00e9v\u00e8nement. Dans la foule, des enfants aux couronnes de fleurs courent entre les badauds. Marie se tient \u00e0 l&rsquo;\u00e9cart, mais garde les yeux riv\u00e9s sur la sc\u00e8ne devant laquelle tr\u00f4ne un panneau \u00ab\u00a0Solidarit\u00e9 avec l&rsquo;Ukraine\u00a0\u00bb jaune et bleu\u00a0: \u00ab\u00a0C&rsquo;est important de montrer l&rsquo;Europe est toujours \u00e0 leur c\u00f4t\u00e9 m\u00eame trois ans apr\u00e8s\u00a0\u00bb, souffle-t-elle, \u00ab\u00a0surtout apr\u00e8s le sommet, la parodie insupportable entre Trump et Volodymyr Zelensky\u00a0\u00bb.<\/p>\n<p>\u00ab\u00a0Je trouve que c&rsquo;est inhumain ce qui leur arrive, toute guerre est inhumaine\u00a0\u00bb, rench\u00e9rit celle qui s&rsquo;est install\u00e9e \u00e0 Amiens il y a trois ans, \u00ab\u00a0et dans la Somme je pense que les gens le savent tr\u00e8s bien, avec les batailles en 1916 notamment, qui ont tu\u00e9 autant de gens pour rien\u00a0\u00bb.<\/p>\n<p>\u00ab\u00a0On entend tous les jours des nouvelles terribles\u00a0\u00bb<\/p>\n<p>Michelle, 77 ans et Danielle, 80 ans se tiennent c\u00f4te \u00e0 c\u00f4te en silence. \u00ab\u00a0Nous c&rsquo;est pas compliqu\u00e9, depuis le d\u00e9but de la guerre, \u00e7a nous choque\u00a0\u00bb, l\u00e2che Danielle, \u00ab\u00a0qu&rsquo;un pays comme l&rsquo;Ukraine qui n&rsquo;a rien demand\u00e9 se fasse agresser par la Russie, \u00e7a nous choque\u00a0\u00bb. Les deux femmes <strong>ne ratent pas une \u00e9mission sur l&rsquo;Ukraine<\/strong> \u00e0 la t\u00e9l\u00e9vision, et lisent assidument les avanc\u00e9es dans les journaux. \u00ab\u00a0Ca fait partie de nos priorit\u00e9, quand on regarde les informations\u00a0\u00bb, ajoute Danielle, qui se demande aujourd&rsquo;hui comment aider les r\u00e9fugi\u00e9s ukrainiens d&rsquo;Amiens.<\/p>\n<p>\u00ab\u00a0On entend tous les jours des nouvelles terribles\u00a0\u00bb, rench\u00e9rit Olivier, \u00ab\u00a0on ne sait pas forc\u00e9ment tr\u00e8s bien quoi faire donc notre pr\u00e9sence, c&rsquo;est un tout petit geste pour dire qu&rsquo;on pense \u00e0 ce peuple qui souffre\u00a0\u00bb. A c\u00f4t\u00e9 de lui, Sandrine avoue ne pas toujours suivre, les nouvelles \u00e9tant souvent \u00ab\u00a0tr\u00e8s dures\u00a0\u00bb. \u00ab\u00a0Il faut que l&rsquo;Europe s&rsquo;unisse plus qu&rsquo;actuellement\u00a0\u00bb, affirme Olivier, \u00ab\u00a0elle dit beaucoup de choses mais il faut faire encore plus\u00a0\u00bb, ajoute celui qui s&rsquo;\u00e9tait d\u00e9clar\u00e9 volontaire pour h\u00e9berger des r\u00e9fugi\u00e9s.<\/p>\n<p>\u00ab\u00a0Nous sommes fatigu\u00e9s, comme les fran\u00e7ais, comme tout le monde, mais on doit se battre quand m\u00eame\u00a0\u00bb<\/p>\n<p>Daria, 21 ans, cheveux blonds et verts, est arriv\u00e9e en France il y a trois ans parce que la Russie a occup\u00e9 sa ville natale, Melitopol\u00a0: \u00ab\u00a0je n&rsquo;ai pas de maison, donc j&rsquo;ai cherch\u00e9 un endroit o\u00f9 faire mes \u00e9tudes\u00a0\u00bb, explique dans un tr\u00e8s bon fran\u00e7ais la jeune ukrainienne arriv\u00e9e \u00e0 Amiens l&rsquo;an dernier. \u00ab\u00a0Nous sommes fatigu\u00e9s, comme les fran\u00e7ais, comme tout le monde, mais on doit se battre quand m\u00eame\u00a0\u00bb, l\u00e2che-t-elle, d\u00e9termin\u00e9e, \u00ab\u00a0on doit prot\u00e9ger notre pays et l&rsquo;ind\u00e9pendance, c&rsquo;est pour \u00e7a que c&rsquo;est un jour important. On ne prot\u00e8ge pas seulement notre pays, mais aussi l&rsquo;Europe\u00a0\u00bb.<\/p>\n<p><strong>Sa m\u00e8re et sa s\u0153ur sont toujours en Ukraine<\/strong>, \u00e0 Kiev. \u00ab\u00a0Il y a beaucoup de bombardements, chaque semaine, chaque jour des sir\u00e8nes, des alarmes, c&rsquo;est pour \u00e7a qu&rsquo;il faut prot\u00e9ger notre ciel\u00a0\u00bb, souffle Daria, \u00ab\u00a0mais on doit vivre quand m\u00eame, m\u00eame pendant la guerre\u00a0\u00bb. Trois ans et demi plus tard, il est toujours aussi important de se mobiliser, justement parce qu&rsquo;il y a \u00ab\u00a0des hommes, des femmes, des enfants\u00a0\u00bb sur place, estime\u00a0Philippe Wachowiak, le pr\u00e9sident de l&rsquo;Alliance Franco-Ukrainienne de la Somme (AFU 80) qui se dit malgr\u00e9 tout \u00ab\u00a0pas tr\u00e8s optimiste quant \u00e0 l&rsquo;avenir\u00a0\u00bb.<\/p>\n<p>\u00c0 lire aussi   <img decoding=\"async\" src=\"https:\/\/www.europesays.com\/fr\/wp-content\/uploads\/2025\/08\/1756148951_478_560x315\" alt=\"Plus d'une cinquantaine de personnes se sont rassembl\u00e9es devant l'h\u00f4tel de ville d'Amiens samedi matin pour comm\u00e9morer l'ind\u00e9pendance de l'Ukraine.\" style=\"--_image-preview:url('data:image\/jpeg;base64,\/9j\/2wBDACgcHiMeGSgjISMtKygwPGRBPDc3PHtYXUlkkYCZlo+AjIqgtObDoKrarYqMyP\/L2u71\/\/\/\/m8H\/\/\/\/6\/+b9\/\/j\/2wBDASstLTw1PHZBQXb4pYyl+Pj4+Pj4+Pj4+Pj4+Pj4+Pj4+Pj4+Pj4+Pj4+Pj4+Pj4+Pj4+Pj4+Pj4+Pj4+Pj4+Pj\/wAARCAAXACoDASIAAhEBAxEB\/8QAFwAAAwEAAAAAAAAAAAAAAAAAAAECA\/\/EABgQAQEBAQEAAAAAAAAAAAAAAAABEQIS\/8QAFgEBAQEAAAAAAAAAAAAAAAAAAgEA\/8QAFREBAQAAAAAAAAAAAAAAAAAAAAH\/2gAMAwEAAhEDEQA\/AKlPUymKlUdLqbGRlSxpYnBRrFQAyPBgCVk3kvIAs\/\/Z');\" loading=\"lazy\" fetchpriority=\"low\" aria-hidden=\"true\" class=\"svelte-1pnmlwx rounded\" onload=\"this.__e=event\" onerror=\"this.__e=event\"\/><\/p>\n","protected":false},"excerpt":{"rendered":"Plus de 150 personnes \u00e9taient r\u00e9unies sur la place de l&rsquo;H\u00f4tel de ville \u00e0 Amiens pour c\u00e9l\u00e9brer les&hellip;\n","protected":false},"author":2,"featured_media":343499,"comment_status":"","ping_status":"","sticky":false,"template":"","format":"standard","meta":{"footnotes":""},"categories":[1590],"tags":[11,1777,674,12,220],"class_list":{"0":"post-343498","1":"post","2":"type-post","3":"status-publish","4":"format-standard","5":"has-post-thumbnail","7":"category-ukraine","8":"tag-actualites","9":"tag-eu","10":"tag-europe","11":"tag-news","12":"tag-ukraine"},"share_on_mastodon":{"url":"https:\/\/pubeurope.com\/@fr\/115090985579638194","error":""},"_links":{"self":[{"href":"https:\/\/www.europesays.com\/fr\/wp-json\/wp\/v2\/posts\/343498","targetHints":{"allow":["GET"]}}],"collection":[{"href":"https:\/\/www.europesays.com\/fr\/wp-json\/wp\/v2\/posts"}],"about":[{"href":"https:\/\/www.europesays.com\/fr\/wp-json\/wp\/v2\/types\/post"}],"author":[{"embeddable":true,"href":"https:\/\/www.europesays.com\/fr\/wp-json\/wp\/v2\/users\/2"}],"replies":[{"embeddable":true,"href":"https:\/\/www.europesays.com\/fr\/wp-json\/wp\/v2\/comments?post=343498"}],"version-history":[{"count":0,"href":"https:\/\/www.europesays.com\/fr\/wp-json\/wp\/v2\/posts\/343498\/revisions"}],"wp:featuredmedia":[{"embeddable":true,"href":"https:\/\/www.europesays.com\/fr\/wp-json\/wp\/v2\/media\/343499"}],"wp:attachment":[{"href":"https:\/\/www.europesays.com\/fr\/wp-json\/wp\/v2\/media?parent=343498"}],"wp:term":[{"taxonomy":"category","embeddable":true,"href":"https:\/\/www.europesays.com\/fr\/wp-json\/wp\/v2\/categories?post=343498"},{"taxonomy":"post_tag","embeddable":true,"href":"https:\/\/www.europesays.com\/fr\/wp-json\/wp\/v2\/tags?post=343498"}],"curies":[{"name":"wp","href":"https:\/\/api.w.org\/{rel}","templated":true}]}}