{"id":343500,"date":"2025-08-25T19:10:11","date_gmt":"2025-08-25T19:10:11","guid":{"rendered":"https:\/\/www.europesays.com\/fr\/343500\/"},"modified":"2025-08-25T19:10:11","modified_gmt":"2025-08-25T19:10:11","slug":"tout-juste-libere-de-prison-un-salvadorien-va-etre-expulse-vers-louganda","status":"publish","type":"post","link":"https:\/\/www.europesays.com\/fr\/343500\/","title":{"rendered":"Tout juste lib\u00e9r\u00e9 de prison, un Salvadorien va \u00eatre expuls\u00e9 vers l\u2019Ouganda"},"content":{"rendered":"<p><a href=\"https:\/\/www.20minutes.fr\/monde\/etats-unis\/4169171-20250823-etats-unis-salvadorien-expulse-erreur-puis-rapatrie-finalement-libere-prison\" target=\"_blank\" class=\"c-link c-link--is-underlined\" rel=\"noopener\">Kilmar Abrego Garcia<\/a>, 30 ans, est devenu malgr\u00e9 lui un symbole de la politique migratoire d\u00e9fendue par <a href=\"https:\/\/www.20minutes.fr\/dossier\/donald_trump\" target=\"_blank\" class=\"c-link c-link--is-underlined\" rel=\"noopener\">Donald Trump<\/a>. Apr\u00e8s avoir \u00e9t\u00e9 expuls\u00e9 \u00e0 tort vers le <a href=\"https:\/\/www.20minutes.fr\/dossier\/salvador\" target=\"_blank\" class=\"c-link c-link--is-underlined\" rel=\"noopener\">Salvador<\/a> en mars dernier puis rapatri\u00e9 aux Etats-Unis, il a de nouveau \u00e9t\u00e9 plac\u00e9 en d\u00e9tention lundi par la police de l\u2019immigration (ICE). Washington a confirm\u00e9 qu\u2019il serait envoy\u00e9 en <a href=\"https:\/\/www.20minutes.fr\/monde\/ouganda\/\" target=\"_blank\" class=\"c-link c-link--is-underlined\" rel=\"noopener\">Ouganda<\/a>, pays d\u2019Afrique de l\u2019Est qui vient de conclure un accord avec les Etats-Unis pour accueillir des migrants expuls\u00e9s.<\/p>\n<p>Mari\u00e9 \u00e0 une Am\u00e9ricaine et install\u00e9 dans le Maryland, Kilmar Abrego Garcia avait pourtant vu son arr\u00eat\u00e9 d\u2019expulsion vers le Salvador annul\u00e9 d\u00e8s\u00a02019. Mais depuis son retour aux <a href=\"https:\/\/www.20minutes.fr\/monde\/etats-unis\/\" target=\"_blank\" class=\"c-link c-link--is-underlined\" rel=\"noopener\">Etats-Unis<\/a> en juin, l\u2019administration Trump a multipli\u00e9 les poursuites contre lui, l\u2019accusant notamment d\u2019aide au s\u00e9jour ill\u00e9gal de <a href=\"https:\/\/www.20minutes.fr\/dossier\/migrants\" target=\"_blank\" class=\"c-link c-link--is-underlined\" rel=\"noopener\">migrants<\/a> dans le Tennessee et d\u2019appartenance au gang MS-13, des accusations qu\u2019il conteste fermement.<\/p>\n<p>A peine lib\u00e9r\u00e9 de prison, il est de nouveau incarc\u00e9r\u00e9<\/p>\n<p>La semaine derni\u00e8re, il avait \u00e9t\u00e9 lib\u00e9r\u00e9 d\u2019une <a href=\"https:\/\/www.20minutes.fr\/dossier\/prison\" target=\"_blank\" class=\"c-link c-link--is-underlined\" rel=\"noopener\">prison<\/a> du Tennessee et autoris\u00e9 \u00e0 rejoindre sa famille, sous <a href=\"https:\/\/www.20minutes.fr\/dossier\/bracelet_electronique\" target=\"_blank\" class=\"c-link c-link--is-underlined\" rel=\"noopener\">surveillance \u00e9lectronique<\/a> et assignation \u00e0 r\u00e9sidence. Mais les autorit\u00e9s lui avaient ordonn\u00e9 de se pr\u00e9senter lundi aux bureaux de l\u2019immigration \u00e0 <a href=\"https:\/\/www.20minutes.fr\/dossier\/baltimore\" target=\"_blank\" class=\"c-link c-link--is-underlined\" rel=\"noopener\">Baltimore<\/a>, o\u00f9 il a imm\u00e9diatement \u00e9t\u00e9 plac\u00e9 en d\u00e9tention.<\/p>\n<\/p>\n<p>\u00ab\u00a0Il n\u2019y avait aucune raison de le placer en d\u00e9tention\u00a0\u00bb, a d\u00e9nonc\u00e9 son <a href=\"https:\/\/www.20minutes.fr\/dossier\/avocat\" target=\"_blank\" class=\"c-link c-link--is-underlined\" rel=\"noopener\">avocat<\/a> Simon Sandoval-Moshenberg, qui estime que \u00ab\u00a0la seule raison pour laquelle ils ont choisi de le mettre en d\u00e9tention est pour le punir\u00a0\u00bb.<\/p>\n<p>Un rassemblement en soutien<\/p>\n<p>Devant les locaux de l\u2019ICE, des dizaines de soutiens s\u2019\u00e9taient rassembl\u00e9s pour protester, brandissant des pancartes \u00ab\u00a0Lib\u00e9rez Kilmar\u00a0\u00bb et scandant \u00ab\u00a0Honte, honte\u00a0\u00bb. Avant d\u2019entrer dans le b\u00e2timent, l\u2019int\u00e9ress\u00e9 leur a adress\u00e9 un court message\u00a0: \u00ab\u00a0Quoi qu\u2019il arrive aujourd\u2019hui, promettez-moi de continuer \u00e0 prier, \u00e0 vous battre, \u00e0 r\u00e9sister et \u00e0 aimer, non seulement pour moi mais pour tout le monde. Continuez \u00e0 exiger la libert\u00e9.\u00a0\u00bb<\/p>\n<p><a href=\"https:\/\/www.20minutes.fr\/monde\/etats-unis\/\" target=\"_blank\" class=\"c-link c-btn c-btn--primary\" rel=\"noopener\">Notre dossier sur les Etats-Unis<\/a><\/p>\n<p>En d\u00e9cidant de transf\u00e9rer un Salvadorien vers l\u2019Ouganda, l\u2019administration Trump cherche de nouveau \u00e0 montrer sa fermet\u00e9 dans la lutte contre l\u2019<a href=\"https:\/\/www.20minutes.fr\/dossier\/immigration_clandestine\" target=\"_blank\" class=\"c-link c-link--is-underlined\" rel=\"noopener\">immigration clandestine<\/a>, qualifi\u00e9e par le pr\u00e9sident d\u2019\u00ab\u00a0invasion\u00a0\u00bb des Etats-Unis par des \u00ab\u00a0criminels venus de l\u2019\u00e9tranger\u00a0\u00bb.<\/p>\n","protected":false},"excerpt":{"rendered":"Kilmar Abrego Garcia, 30 ans, est devenu malgr\u00e9 lui un symbole de la politique migratoire d\u00e9fendue par Donald&hellip;\n","protected":false},"author":2,"featured_media":343501,"comment_status":"","ping_status":"","sticky":false,"template":"","format":"standard","meta":{"footnotes":""},"categories":[1589],"tags":[47,11,47927,75,73,1866,1061,1251,74,12,25140,806,1864,1865,1863,308],"class_list":{"0":"post-343500","1":"post","2":"type-post","3":"status-publish","4":"format-standard","5":"has-post-thumbnail","7":"category-etats-unis","8":"tag-actualite","9":"tag-actualites","10":"tag-baltimore","11":"tag-donald-trump","12":"tag-etats-unis","13":"tag-etats-unis-damerique","14":"tag-immigration","15":"tag-migrants","16":"tag-monde","17":"tag-news","18":"tag-ouganda","19":"tag-prison","20":"tag-united-states","21":"tag-united-states-of-america","22":"tag-us","23":"tag-usa"},"share_on_mastodon":{"url":"https:\/\/pubeurope.com\/@fr\/115090989146912460","error":""},"_links":{"self":[{"href":"https:\/\/www.europesays.com\/fr\/wp-json\/wp\/v2\/posts\/343500","targetHints":{"allow":["GET"]}}],"collection":[{"href":"https:\/\/www.europesays.com\/fr\/wp-json\/wp\/v2\/posts"}],"about":[{"href":"https:\/\/www.europesays.com\/fr\/wp-json\/wp\/v2\/types\/post"}],"author":[{"embeddable":true,"href":"https:\/\/www.europesays.com\/fr\/wp-json\/wp\/v2\/users\/2"}],"replies":[{"embeddable":true,"href":"https:\/\/www.europesays.com\/fr\/wp-json\/wp\/v2\/comments?post=343500"}],"version-history":[{"count":0,"href":"https:\/\/www.europesays.com\/fr\/wp-json\/wp\/v2\/posts\/343500\/revisions"}],"wp:featuredmedia":[{"embeddable":true,"href":"https:\/\/www.europesays.com\/fr\/wp-json\/wp\/v2\/media\/343501"}],"wp:attachment":[{"href":"https:\/\/www.europesays.com\/fr\/wp-json\/wp\/v2\/media?parent=343500"}],"wp:term":[{"taxonomy":"category","embeddable":true,"href":"https:\/\/www.europesays.com\/fr\/wp-json\/wp\/v2\/categories?post=343500"},{"taxonomy":"post_tag","embeddable":true,"href":"https:\/\/www.europesays.com\/fr\/wp-json\/wp\/v2\/tags?post=343500"}],"curies":[{"name":"wp","href":"https:\/\/api.w.org\/{rel}","templated":true}]}}