{"id":343504,"date":"2025-08-25T19:12:17","date_gmt":"2025-08-25T19:12:17","guid":{"rendered":"https:\/\/www.europesays.com\/fr\/343504\/"},"modified":"2025-08-25T19:12:17","modified_gmt":"2025-08-25T19:12:17","slug":"emmanuel-macron-recevra-friedrich-merz-a-bregancon-ce-jeudi-avant-le-conseil-des-ministres-franco-allemand","status":"publish","type":"post","link":"https:\/\/www.europesays.com\/fr\/343504\/","title":{"rendered":"Emmanuel Macron recevra Friedrich Merz \u00e0 Br\u00e9gan\u00e7on ce jeudi avant le conseil des ministres franco-allemand"},"content":{"rendered":"<p>Le premier sommet bilat\u00e9ral franco-allemand depuis l\u2019arriv\u00e9e au pouvoir du chancelier conservateur concernera notamment le projet d\u2019avion europ\u00e9en du futur au c\u0153ur de divergences.<\/p>\n<p class=\"fig-paragraph\">Emmanuel Macron recevra jeudi 28 ao\u00fbt \u00e0 d\u00eener\u00a0<a href=\"http:\/\/www.lefigaro.fr\/international\/100-jours-apres-son-entree-en-fonction-friedrich-merz-seduit-a-l-etranger-mais-divise-en-allemagne-20250820\" target=\"_blank\" data-fig-type=\"Article\" rel=\"noopener nofollow\" data-gtm-custom-categorie=\"navigation\" data-gtm-custom-action=\"crossclick\" data-gtm-custom-label=\"Contextuel\" data-gtm-event=\"customEventSPE\" data-fig-domain=\"LEFIGARO\">Friedrich Merz<\/a>\u00a0au\u00a0<a href=\"http:\/\/www.lefigaro.fr\/politique\/bregancon-est-un-fort-diplomatique-comment-emmanuel-macron-tente-d-exister-dans-les-crises-internationales-de-l-ete-20250813\" target=\"_blank\" data-fig-type=\"Article\" rel=\"noopener nofollow\" data-gtm-custom-categorie=\"navigation\" data-gtm-custom-action=\"crossclick\" data-gtm-custom-label=\"Contextuel\" data-gtm-event=\"customEventSPE\" data-fig-domain=\"LEFIGARO\">fort de Br\u00e9gan\u00e7on<\/a>, sa r\u00e9sidence d&rsquo;\u00e9t\u00e9, \u00e0 la veille d&rsquo;un conseil des ministres franco-allemand au cours duquel les deux pays aborderont notamment le\u00a0<a href=\"https:\/\/www.lefigaro.fr\/societes\/l-avion-de-combat-franco-allemand-franchit-une-nouvelle-etape-cruciale-20200219\" target=\"_blank\" data-fig-type=\"Article\" rel=\"noopener nofollow\" data-gtm-custom-categorie=\"navigation\" data-gtm-custom-action=\"crossclick\" data-gtm-custom-label=\"Contextuel\" data-gtm-event=\"customEventSPE\" data-fig-domain=\"LEFIGARO\">projet d&rsquo;avion europ\u00e9en du futur<\/a>\u00a0au c\u0153ur de divergences persistantes.<\/p>\n<p class=\"fig-paragraph\">L&rsquo;invitation du chancelier allemand par le pr\u00e9sident fran\u00e7ais dans cette r\u00e9sidence officielle sur la M\u00e9diterran\u00e9e, qui sera l&rsquo;occasion d&rsquo;une \u00abdiscussion en t\u00eate-\u00e0-t\u00eate\u00bb, est une \u00abmarque d&rsquo;attention particuli\u00e8re\u00bb et m\u00eame un \u00abhonneur\u00bb, a dit lundi l&rsquo;\u00c9lys\u00e9e \u00e0 des journalistes. C&rsquo;est la troisi\u00e8me fois seulement qu&rsquo;un chef du gouvernement allemand s&rsquo;y rend, apr\u00e8s\u00a0<a href=\"https:\/\/www.lefigaro.fr\/international\/2017\/06\/16\/01003-20170616ARTFIG00318-helmut-kohl-l-homme-qui-refit-de-l-allemagne-un-seul-et-meme-pays.php\" target=\"_blank\" data-fig-type=\"Article\" rel=\"noopener nofollow\" data-gtm-custom-categorie=\"navigation\" data-gtm-custom-action=\"crossclick\" data-gtm-custom-label=\"Contextuel\" data-gtm-event=\"customEventSPE\" data-fig-domain=\"LEFIGARO\">Helmut Kohl<\/a>\u00a0invit\u00e9 par Fran\u00e7ois Mitterrand et\u00a0<a href=\"http:\/\/www.lefigaro.fr\/vox\/societe\/un-chef-d-oeuvre-de-memoire-selective-le-livre-d-angela-merkel-un-anti-manuel-pour-l-europe-20250213\" target=\"_blank\" data-fig-type=\"Article\" rel=\"noopener nofollow\" data-gtm-custom-categorie=\"navigation\" data-gtm-custom-action=\"crossclick\" data-gtm-custom-label=\"Contextuel\" data-gtm-event=\"customEventSPE\" data-fig-domain=\"LEFIGARO\">Angela Merkel<\/a>\u00a0par Emmanuel Macron.<\/p>\n<p class=\"fig-body-link\">\n            \u00c0 lire aussi<br \/>\n        <a class=\"fig-body-link__link fig-premium-mark\" href=\"http:\/\/www.lefigaro.fr\/international\/le-reflexe-franco-allemand-a-ete-retrouve-macron-et-merz-veulent-concretiser-leur-rapprochement-20250722\" target=\"_blank\" data-fig-type=\"Article\" rel=\"noopener nofollow\" data-gtm-custom-categorie=\"navigation\" data-gtm-custom-action=\"crossclick\" data-gtm-custom-label=\"Contextuel\" data-gtm-event=\"customEventSPE\" data-fig-domain=\"LEFIGARO\">\u00abLe r\u00e9flexe franco-allemand a \u00e9t\u00e9 retrouv\u00e9\u00bb\u00a0: Macron et Merz veulent concr\u00e9tiser leur rapprochement<br \/>\n    <\/a>\n<\/p>\n<p>                                    <a class=\"fig-a11y-skip a11y-hidden\" href=\"#fig-a11y-skip-main-inarticle\"><br \/>\n        Passer la publicit\u00e9<br \/>\n    <\/a><\/p>\n<p>\u00abParfaite co\u00efncidence de nos ambitions et de nos vues\u00bb<\/p>\n<p class=\"fig-paragraph\">Ils \u00e9voqueront les grands sujets diplomatiques du moment, qu&rsquo;il s&rsquo;agisse des\u00a0<a href=\"http:\/\/www.lefigaro.fr\/international\/guerre-en-ukraine-echange-de-territoires-garanties-de-securite-role-de-l-europe-les-reponses-de-philippe-gelie-directeur-adjoint-de-la-redaction-aux-lecteurs-du-figaro-20250820\" target=\"_blank\" data-fig-type=\"Article\" rel=\"noopener nofollow\" data-gtm-custom-categorie=\"navigation\" data-gtm-custom-action=\"crossclick\" data-gtm-custom-label=\"Contextuel\" data-gtm-event=\"customEventSPE\" data-fig-domain=\"LEFIGARO\">garanties de s\u00e9curit\u00e9<\/a>\u00a0\u00e0 fournir \u00e0 l&rsquo;Ukraine dans le cadre d&rsquo;un \u00e9ventuel accord de paix avec la Russie, du\u00a0<a href=\"http:\/\/www.lefigaro.fr\/flash-actu\/programme-nucleaire-iranien-teheran-se-coordonne-avec-la-russie-avant-ses-negociations-avec-les-europeens-20250825\" target=\"_blank\" data-fig-type=\"NewsFlash\" rel=\"noopener nofollow\" data-gtm-custom-categorie=\"navigation\" data-gtm-custom-action=\"crossclick\" data-gtm-custom-label=\"Contextuel\" data-gtm-event=\"customEventSPE\" data-fig-domain=\"LEFIGARO\">nucl\u00e9aire iranien<\/a>\u00a0ou de\u00a0<a href=\"http:\/\/www.lefigaro.fr\/international\/influenceurs-journalistes-sportifs-israel-orchestre-une-campagne-de-communication-inedite-sur-gaza-20250822\" target=\"_blank\" data-fig-type=\"Article\" rel=\"noopener nofollow\" data-gtm-custom-categorie=\"navigation\" data-gtm-custom-action=\"crossclick\" data-gtm-custom-label=\"Contextuel\" data-gtm-event=\"customEventSPE\" data-fig-domain=\"LEFIGARO\">Gaza<\/a>. La pr\u00e9sidence fran\u00e7aise a salu\u00e9 lundi sur ces dossiers \u00abla clart\u00e9 et le courage des positions prises par le chancelier\u00bb allemand, et \u00abla parfaite co\u00efncidence de nos ambitions et de nos vues\u00bb. Et ce en d\u00e9pit d&rsquo;interrogations sur le niveau de participation de l&rsquo;Allemagne \u00e0 ces garanties \u00e0 fournir \u00e0 Kiev, et d&rsquo;une ligne divergente quant \u00e0 un\u00a0<a href=\"http:\/\/www.lefigaro.fr\/vox\/monde\/pierre-lellouche-macron-reconnait-la-palestine-mais-le-monde-reconnait-il-encore-la-france-20250726\" target=\"_blank\" data-fig-type=\"Article\" rel=\"noopener nofollow\" data-gtm-custom-categorie=\"navigation\" data-gtm-custom-action=\"crossclick\" data-gtm-custom-label=\"Contextuel\" data-gtm-event=\"customEventSPE\" data-fig-domain=\"LEFIGARO\">\u00c9tat de Palestine<\/a>, que Paris s&rsquo;appr\u00eate \u00e0 reconna\u00eetre mais pas Berlin.<\/p>\n<p class=\"fig-paragraph\">Vendredi, les deux dirigeants se retrouveront avec plusieurs membres de leurs gouvernements \u00e0\u00a0<a href=\"http:\/\/www.lefigaro.fr\/elections\/municipales\/municipales-2026-de-perpignan-a-toulon-le-rassemblement-national-a-choisi-ses-vitrines-20250801\" target=\"_blank\" data-fig-type=\"Article\" rel=\"noopener nofollow\" data-gtm-custom-categorie=\"navigation\" data-gtm-custom-action=\"crossclick\" data-gtm-custom-label=\"Contextuel\" data-gtm-event=\"customEventSPE\" data-fig-domain=\"LEFIGARO\">Toulon<\/a>, ville portuaire voisine, pour le premier conseil des ministres franco-allemand depuis l&rsquo;arriv\u00e9e au pouvoir d\u00e9but mai du conservateur Friedrich Merz \u00e0 Berlin, \u00e0 la t\u00eate d&rsquo;une coalition avec les sociaux-d\u00e9mocrates. Cette r\u00e9union se d\u00e9composera toute la journ\u00e9e en trois sessions, sur la comp\u00e9titivit\u00e9 europ\u00e9enne d&rsquo;abord, puis \u00e0 l&rsquo;heure du d\u00e9jeuner sur la volont\u00e9 de \u00abfaire converger\u00bb les r\u00e9formes \u00e9conomiques et sociales des deux pays, et enfin en format plus restreint sur les sujets de s\u00e9curit\u00e9 et de d\u00e9fense.<\/p>\n<p class=\"fig-paragraph\">Fin juillet, Emmanuel Macron et Friedrich Merz avaient charg\u00e9 leurs ministres de la D\u00e9fense d&rsquo;\u00e9valuer avant fin ao\u00fbt les blocages autour de l&rsquo;avion de combat du futur (Scaf), un projet phare pour la d\u00e9fense europ\u00e9enne, dont le d\u00e9veloppement patine notamment au niveau industriel. Ce sujet sera \u00e9voqu\u00e9 vendredi mais \u00abtout ne sera pas trait\u00e9 en d\u00e9tail au niveau des leaders\u00bb, a temporis\u00e9 l&rsquo;\u00c9lys\u00e9e. \u00abLes difficult\u00e9s passag\u00e8res doivent \u00eatre trait\u00e9es\u00bb car \u00abil n&rsquo;y a pas de plan B\u00bb, s&rsquo;est born\u00e9 \u00e0 dire la pr\u00e9sidence fran\u00e7aise.<\/p>\n","protected":false},"excerpt":{"rendered":"Le premier sommet bilat\u00e9ral franco-allemand depuis l\u2019arriv\u00e9e au pouvoir du chancelier conservateur concernera notamment le projet d\u2019avion europ\u00e9en&hellip;\n","protected":false},"author":2,"featured_media":343505,"comment_status":"","ping_status":"","sticky":false,"template":"","format":"standard","meta":{"footnotes":""},"categories":[1587],"tags":[11,672,1804,1805,1803,1073,1777,674,4710,1801,12,1802],"class_list":{"0":"post-343504","1":"post","2":"type-post","3":"status-publish","4":"format-standard","5":"has-post-thumbnail","7":"category-allemagne","8":"tag-actualites","9":"tag-allemagne","10":"tag-bundesrepublik-deutschland","11":"tag-de","12":"tag-deutschland","13":"tag-emmanuel-macron","14":"tag-eu","15":"tag-europe","16":"tag-friedrich-merz","17":"tag-germany","18":"tag-news","19":"tag-republique-federale-dallemagne"},"share_on_mastodon":{"url":"https:\/\/pubeurope.com\/@fr\/115090996883366004","error":""},"_links":{"self":[{"href":"https:\/\/www.europesays.com\/fr\/wp-json\/wp\/v2\/posts\/343504","targetHints":{"allow":["GET"]}}],"collection":[{"href":"https:\/\/www.europesays.com\/fr\/wp-json\/wp\/v2\/posts"}],"about":[{"href":"https:\/\/www.europesays.com\/fr\/wp-json\/wp\/v2\/types\/post"}],"author":[{"embeddable":true,"href":"https:\/\/www.europesays.com\/fr\/wp-json\/wp\/v2\/users\/2"}],"replies":[{"embeddable":true,"href":"https:\/\/www.europesays.com\/fr\/wp-json\/wp\/v2\/comments?post=343504"}],"version-history":[{"count":0,"href":"https:\/\/www.europesays.com\/fr\/wp-json\/wp\/v2\/posts\/343504\/revisions"}],"wp:featuredmedia":[{"embeddable":true,"href":"https:\/\/www.europesays.com\/fr\/wp-json\/wp\/v2\/media\/343505"}],"wp:attachment":[{"href":"https:\/\/www.europesays.com\/fr\/wp-json\/wp\/v2\/media?parent=343504"}],"wp:term":[{"taxonomy":"category","embeddable":true,"href":"https:\/\/www.europesays.com\/fr\/wp-json\/wp\/v2\/categories?post=343504"},{"taxonomy":"post_tag","embeddable":true,"href":"https:\/\/www.europesays.com\/fr\/wp-json\/wp\/v2\/tags?post=343504"}],"curies":[{"name":"wp","href":"https:\/\/api.w.org\/{rel}","templated":true}]}}