{"id":343508,"date":"2025-08-25T19:14:10","date_gmt":"2025-08-25T19:14:10","guid":{"rendered":"https:\/\/www.europesays.com\/fr\/343508\/"},"modified":"2025-08-25T19:14:10","modified_gmt":"2025-08-25T19:14:10","slug":"il-y-a-eu-40-milliard-de-cadeaux-fiscaux-pour-les-plus-riches-par-an-declare-marine-tondelier-secretaire-nationale-des-ecologistes","status":"publish","type":"post","link":"https:\/\/www.europesays.com\/fr\/343508\/","title":{"rendered":"\u00ab\u00a0il y a eu 40 milliard de cadeaux fiscaux pour les plus riches par an \u00a0\u00bb d\u00e9clare Marine Tondelier, secr\u00e9taire nationale des \u00c9cologistes"},"content":{"rendered":"<p>Budget 2026: \u00ab\u00a0il y a eu 40 milliard de cadeaux fiscaux pour les plus riches par an \u00a0\u00bb d\u00e9clare Marine Tondelier, secr\u00e9taire nationale des \u00c9cologistesSur le m\u00eame sujet<a href=\"https:\/\/www.bfmtv.com\/politique\/la-france-insoumise\/video-vote-de-confiance-du-8-septembre-ce-budget-ne-tient-pas-la-route-et-francois-bayrou-le-sait-declare-eric-coquerel-depute-lfi_VN-202508250718.html\" title=\"Vote de confiance du 8 septembre: &quot;Ce budget ne tient pas la route et Fran\u00e7ois Bayrou le sait&quot;, d\u00e9clare \u00c9ric Coquerel, d\u00e9put\u00e9 LFI\" rel=\"nofollow noopener\" target=\"_blank\"><img width=\"16\" height=\"9\" class=\"lozad\"  alt=\"Vote de confiance du 8 septembre: &quot;Ce budget ne tient pas la route et Fran\u00e7ois Bayrou le sait&quot;, d\u00e9clare \u00c9ric Coquerel, d\u00e9put\u00e9 LFI\"\/>1:37Vote de confiance du 8 septembre: \u00ab\u00a0Ce budget ne tient pas la route et Fran\u00e7ois Bayrou le sait\u00a0\u00bb, d\u00e9clare \u00c9ric Coquerel, d\u00e9put\u00e9 LFI<\/a><a href=\"https:\/\/www.bfmtv.com\/politique\/gouvernement\/video-vote-de-confiance-du-8-septembre-les-francais-ont-le-droit-d-etre-en-colere-estime-marine-tondelier-secretaire-nationale-des-ecologistes_VN-202508250704.html\" title=\"Vote de confiance du 8 septembre: &quot;Les Fran\u00e7ais ont le droit d&#039;\u00eatre en col\u00e8re&quot;, estime Marine Tondelier, secr\u00e9taire nationale des \u00c9cologistes\" rel=\"nofollow noopener\" target=\"_blank\"><img width=\"16\" height=\"9\" class=\"lozad\"  alt=\"Vote de confiance du 8 septembre: &quot;Les Fran\u00e7ais ont le droit d'\u00eatre en col\u00e8re&quot;, estime Marine Tondelier, secr\u00e9taire nationale des \u00c9cologistes\"\/>1:27Vote de confiance du 8 septembre: \u00ab\u00a0Les Fran\u00e7ais ont le droit d&rsquo;\u00eatre en col\u00e8re\u00a0\u00bb, estime Marine Tondelier, secr\u00e9taire nationale des \u00c9cologistes<\/a><a href=\"https:\/\/www.bfmtv.com\/politique\/gouvernement\/video-budget-2026-il-y-a-eu-40-milliard-de-cadeaux-fiscaux-pour-les-plus-riches-par-an-declare-marine-tondelier-secretaire-nationale-des-ecologistes_VN-202508250703.html\" title=\"Budget 2026: &quot;il y a eu 40 milliard de cadeaux fiscaux pour les plus riches par an &quot; d\u00e9clare Marine Tondelier, secr\u00e9taire nationale des \u00c9cologistes\" rel=\"nofollow noopener\" target=\"_blank\"><img width=\"16\" height=\"9\" class=\"lozad\"  alt=\"Budget 2026: &quot;il y a eu 40 milliard de cadeaux fiscaux pour les plus riches par an &quot; d\u00e9clare Marine Tondelier, secr\u00e9taire nationale des \u00c9cologistes\"\/>en lectureBudget 2026: \u00ab\u00a0il y a eu 40 milliard de cadeaux fiscaux pour les plus riches par an \u00a0\u00bb d\u00e9clare Marine Tondelier, secr\u00e9taire nationale des \u00c9cologistes<\/a><a href=\"https:\/\/www.bfmtv.com\/politique\/gouvernement\/video-budget-2026-le-gouvernement-a-rompu-le-dialogue-affirme-sophie-binet-secretaire-generale-de-la-cgt_VN-202508250691.html\" title=\"Budget 2026: &quot;Le gouvernement a rompu le dialogue&quot;, affirme Sophie Binet, secr\u00e9taire g\u00e9n\u00e9rale de la CGT \" rel=\"nofollow noopener\" target=\"_blank\"><img width=\"16\" height=\"9\" class=\"lozad\"  alt=\"Budget 2026: &quot;Le gouvernement a rompu le dialogue&quot;, affirme Sophie Binet, secr\u00e9taire g\u00e9n\u00e9rale de la CGT \"\/>1:02Budget 2026: \u00ab\u00a0Le gouvernement a rompu le dialogue\u00a0\u00bb, affirme Sophie Binet, secr\u00e9taire g\u00e9n\u00e9rale de la CGT<\/a><a href=\"https:\/\/www.bfmtv.com\/politique\/gouvernement\/video-vote-de-confiance-du-8-septembre-ce-qui-est-tres-important-c-est-que-les-choses-partent-d-en-bas-affirme-sophie-binet-secretaire-generale-de-la-cgt_VN-202508250689.html\" title=\"Vote de confiance du 8 septembre: &quot;Ce qui est tr\u00e8s important c&#039;est que les choses partent d&#039;en bas&quot; affirme Sophie Binet secr\u00e9taire g\u00e9n\u00e9rale de la CGT\" rel=\"nofollow noopener\" target=\"_blank\"><img width=\"16\" height=\"9\" class=\"lozad\"  alt=\"Vote de confiance du 8 septembre: &quot;Ce qui est tr\u00e8s important c'est que les choses partent d'en bas&quot; affirme Sophie Binet secr\u00e9taire g\u00e9n\u00e9rale de la CGT\"\/>1:18Vote de confiance du 8 septembre: \u00ab\u00a0Ce qui est tr\u00e8s important c&rsquo;est que les choses partent d&rsquo;en bas\u00a0\u00bb affirme Sophie Binet secr\u00e9taire g\u00e9n\u00e9rale de la CGT<\/a><a href=\"https:\/\/www.bfmtv.com\/politique\/gouvernement\/video-vote-de-confiance-du-8-septembre-la-dette-a-ete-cree-par-des-cadeaux-faits-aux-plus-riches-estime-sophie-binet-secretaire-generale-de-la-cgt_VN-202508250682.html\" title=\"Vote de confiance du 8 septembre: &quot;La dette a \u00e9t\u00e9 cr\u00e9\u00e9 par des cadeaux faits aux plus riches&quot;, estime Sophie Binet secr\u00e9taire g\u00e9n\u00e9rale de la CGT\" rel=\"nofollow noopener\" target=\"_blank\"><img width=\"16\" height=\"9\" class=\"lozad\"  alt=\"Vote de confiance du 8 septembre: &quot;La dette a \u00e9t\u00e9 cr\u00e9\u00e9 par des cadeaux faits aux plus riches&quot;, estime Sophie Binet secr\u00e9taire g\u00e9n\u00e9rale de la CGT\"\/>1:06Vote de confiance du 8 septembre: \u00ab\u00a0La dette a \u00e9t\u00e9 cr\u00e9\u00e9 par des cadeaux faits aux plus riches\u00a0\u00bb, estime Sophie Binet secr\u00e9taire g\u00e9n\u00e9rale de la CGT<\/a><a href=\"https:\/\/www.bfmtv.com\/economie\/replay-emissions\/tech-and-co\/video-l-oncle-sam-prend-10-d-intel-25-08_VN-202508250683.html\" title=\"L&#039;oncle Sam prend 10% d&#039;Intel - 25\/08\" rel=\"nofollow noopener\" target=\"_blank\"><img width=\"16\" height=\"9\" class=\"lozad\"  alt=\"L'oncle Sam prend 10% d'Intel - 25\/08\"\/>26:05L&rsquo;oncle Sam prend 10% d&rsquo;Intel &#8211; 25\/08<\/a><a href=\"https:\/\/www.bfmtv.com\/replay-emissions\/bfm-story\/video-marschall-truchot-vote-de-confiance-le-8-septembre-francois-bayrou-peut-il-etre-renverse-25-08_VN-202508250698.html\" title=\"Marschall Truchot : Vote de confiance le 8 septembre, Fran\u00e7ois Bayrou peut-il \u00eatre renvers\u00e9 ? - 25\/08\" rel=\"nofollow noopener\" target=\"_blank\"><img width=\"16\" height=\"9\" class=\"lozad\"  alt=\"Marschall Truchot : Vote de confiance le 8 septembre, Fran\u00e7ois Bayrou peut-il \u00eatre renvers\u00e9 ? - 25\/08\"\/>1:26:15Marschall Truchot : Vote de confiance le 8 septembre, Fran\u00e7ois Bayrou peut-il \u00eatre renvers\u00e9 ? &#8211; 25\/08<\/a><a href=\"https:\/\/www.bfmtv.com\/politique\/les-republicains\/video-vote-de-confiance-du-8-septembre-les-republicains-vont-agir-en-responsabilite-indique-nicolas-daragon-maire-lr-de-valence_VN-202508250671.html\" title=\"Vote de confiance du 8 septembre: &quot;Les R\u00e9publicains vont agir en responsabilit\u00e9&quot;, indique Nicolas Daragon, maire LR de Valence\" rel=\"nofollow noopener\" target=\"_blank\"><img width=\"16\" height=\"9\" class=\"lozad\"  alt=\"Vote de confiance du 8 septembre: &quot;Les R\u00e9publicains vont agir en responsabilit\u00e9&quot;, indique Nicolas Daragon, maire LR de Valence\"\/>2:27Vote de confiance du 8 septembre: \u00ab\u00a0Les R\u00e9publicains vont agir en responsabilit\u00e9\u00a0\u00bb, indique Nicolas Daragon, maire LR de Valence<\/a><a href=\"https:\/\/www.bfmtv.com\/politique\/gouvernement\/video-vote-de-confiance-du-8-septembre-ce-qui-nous-interesse-ce-n-est-pas-son-avenir-a-lui-mais-notre-avenir-a-nous-lance-sophie-binet-secretaire-generale-de-la-cgt_VN-202508250669.html\" title=\"Vote de confiance du 8 septembre: &quot;Ce qui nous int\u00e9resse ce n&#039;est pas son avenir \u00e0 lui mais notre avenir \u00e0 nous&quot;, lance Sophie Binet secr\u00e9taire g\u00e9n\u00e9rale de la CGT\" rel=\"nofollow noopener\" target=\"_blank\"><img width=\"16\" height=\"9\" class=\"lozad\"  alt=\"Vote de confiance du 8 septembre: &quot;Ce qui nous int\u00e9resse ce n'est pas son avenir \u00e0 lui mais notre avenir \u00e0 nous&quot;, lance Sophie Binet secr\u00e9taire g\u00e9n\u00e9rale de la CGT\"\/>1:13Vote de confiance du 8 septembre: \u00ab\u00a0Ce qui nous int\u00e9resse ce n&rsquo;est pas son avenir \u00e0 lui mais notre avenir \u00e0 nous\u00a0\u00bb, lance Sophie Binet secr\u00e9taire g\u00e9n\u00e9rale de la CGT<\/a><a href=\"https:\/\/www.bfmtv.com\/politique\/la-france-insoumise\/video-vote-de-confiance-du-8-septembre-le-seul-vote-responsable-c-est-de-faire-en-sorte-que-l-on-change-de-politique-pointe-aurelie-trouve-deputee-lfi-de-seine-saint-denis_VN-202508250667.html\" title=\"Vote de confiance du 8 septembre: &quot;Le seul vote responsable, c&#039;est de faire en sorte que l&#039;on change de politique&quot;, pointe Aur\u00e9lie Trouv\u00e9, d\u00e9put\u00e9e LFI de Seine-Saint-Denis\" rel=\"nofollow noopener\" target=\"_blank\"><img width=\"16\" height=\"9\" class=\"lozad\"  alt=\"Vote de confiance du 8 septembre: &quot;Le seul vote responsable, c'est de faire en sorte que l'on change de politique&quot;, pointe Aur\u00e9lie Trouv\u00e9, d\u00e9put\u00e9e LFI de Seine-Saint-Denis\"\/>0:36Vote de confiance du 8 septembre: \u00ab\u00a0Le seul vote responsable, c&rsquo;est de faire en sorte que l&rsquo;on change de politique\u00a0\u00bb, pointe Aur\u00e9lie Trouv\u00e9, d\u00e9put\u00e9e LFI de Seine-Saint-Denis<\/a><a href=\"https:\/\/www.bfmtv.com\/politique\/gouvernement\/video-vote-de-confiance-du-8-septembre-c-est-une-demission-deguisee-affirme-philippe-brun-depute-ps-de-l-eure_VN-202508250663.html\" title=\"Vote de confiance du 8 septembre: &quot;C&#039;est une d\u00e9mission d\u00e9guis\u00e9e&quot;, affirme Philippe Brun, d\u00e9put\u00e9 PS de l&#039;Eure\" rel=\"nofollow noopener\" target=\"_blank\"><img width=\"16\" height=\"9\" class=\"lozad\"  alt=\"Vote de confiance du 8 septembre: &quot;C'est une d\u00e9mission d\u00e9guis\u00e9e&quot;, affirme Philippe Brun, d\u00e9put\u00e9 PS de l'Eure\"\/>2:30Vote de confiance du 8 septembre: \u00ab\u00a0C&rsquo;est une d\u00e9mission d\u00e9guis\u00e9e\u00a0\u00bb, affirme Philippe Brun, d\u00e9put\u00e9 PS de l&rsquo;Eure<\/a><a href=\"https:\/\/www.bfmtv.com\/economie\/replay-emissions\/la-grande-interview\/video-francois-bayrou-vote-de-confiance-le-8-septembre-25-08_VN-202508250668.html\" title=\"Fran\u00e7ois Bayrou : vote de confiance le 8 septembre - 25\/08\" rel=\"nofollow noopener\" target=\"_blank\"><img width=\"16\" height=\"9\" class=\"lozad\"  alt=\"Fran\u00e7ois Bayrou : vote de confiance le 8 septembre - 25\/08\"\/>56:22Fran\u00e7ois Bayrou : vote de confiance le 8 septembre &#8211; 25\/08<\/a><a href=\"https:\/\/www.bfmtv.com\/politique\/gouvernement\/video-le-pays-est-il-reellement-en-danger-comme-l-affirme-francois-bayrou_VN-202508250659.html\" title=\"Le pays est-il r\u00e9ellement en danger comme l&#039;affirme Fran\u00e7ois Bayrou?\" rel=\"nofollow noopener\" target=\"_blank\"><img width=\"16\" height=\"9\" class=\"lozad\"  alt=\"Le pays est-il r\u00e9ellement en danger comme l'affirme Fran\u00e7ois Bayrou?\"\/>4:38Le pays est-il r\u00e9ellement en danger comme l&rsquo;affirme Fran\u00e7ois Bayrou?<\/a><a class=\"jumpToVideo\" target=\"_blank\"><img class=\"thumbnailPreview\"\/><\/a><\/p>\n","protected":false},"excerpt":{"rendered":"Budget 2026: \u00ab\u00a0il y a eu 40 milliard de cadeaux fiscaux pour les plus riches par an \u00a0\u00bb&hellip;\n","protected":false},"author":2,"featured_media":343509,"comment_status":"","ping_status":"","sticky":false,"template":"","format":"standard","meta":{"footnotes":""},"categories":[1586],"tags":[11,1777,674,1779,1011,27,12,25,1778,364],"class_list":{"0":"post-343508","1":"post","2":"type-post","3":"status-publish","4":"format-standard","5":"has-post-thumbnail","7":"category-europe","8":"tag-actualites","9":"tag-eu","10":"tag-europe","11":"tag-european-union","12":"tag-fr","13":"tag-france","14":"tag-news","15":"tag-republique-francaise","16":"tag-ue","17":"tag-union-europeenne"},"share_on_mastodon":{"url":"https:\/\/pubeurope.com\/@fr\/115091004777568143","error":""},"_links":{"self":[{"href":"https:\/\/www.europesays.com\/fr\/wp-json\/wp\/v2\/posts\/343508","targetHints":{"allow":["GET"]}}],"collection":[{"href":"https:\/\/www.europesays.com\/fr\/wp-json\/wp\/v2\/posts"}],"about":[{"href":"https:\/\/www.europesays.com\/fr\/wp-json\/wp\/v2\/types\/post"}],"author":[{"embeddable":true,"href":"https:\/\/www.europesays.com\/fr\/wp-json\/wp\/v2\/users\/2"}],"replies":[{"embeddable":true,"href":"https:\/\/www.europesays.com\/fr\/wp-json\/wp\/v2\/comments?post=343508"}],"version-history":[{"count":0,"href":"https:\/\/www.europesays.com\/fr\/wp-json\/wp\/v2\/posts\/343508\/revisions"}],"wp:featuredmedia":[{"embeddable":true,"href":"https:\/\/www.europesays.com\/fr\/wp-json\/wp\/v2\/media\/343509"}],"wp:attachment":[{"href":"https:\/\/www.europesays.com\/fr\/wp-json\/wp\/v2\/media?parent=343508"}],"wp:term":[{"taxonomy":"category","embeddable":true,"href":"https:\/\/www.europesays.com\/fr\/wp-json\/wp\/v2\/categories?post=343508"},{"taxonomy":"post_tag","embeddable":true,"href":"https:\/\/www.europesays.com\/fr\/wp-json\/wp\/v2\/tags?post=343508"}],"curies":[{"name":"wp","href":"https:\/\/api.w.org\/{rel}","templated":true}]}}