{"id":343516,"date":"2025-08-25T19:18:13","date_gmt":"2025-08-25T19:18:13","guid":{"rendered":"https:\/\/www.europesays.com\/fr\/343516\/"},"modified":"2025-08-25T19:18:13","modified_gmt":"2025-08-25T19:18:13","slug":"championnats-du-monde-amateurs-par-equipes-les-equipes-de-france-devoilees","status":"publish","type":"post","link":"https:\/\/www.europesays.com\/fr\/343516\/","title":{"rendered":"Championnats du monde amateurs par \u00e9quipes\u00a0: Les \u00e9quipes de France d\u00e9voil\u00e9es"},"content":{"rendered":"<p>Comme tous les deux ans, les meilleures nations de golf au monde se retrouveront, d\u00e9but octobre, pour disputer les <strong>Championnats du monde amateurs par \u00e9quipes<\/strong>. Cette ann\u00e9e, l&rsquo;\u00e9v\u00e9nement se d\u00e9roulera au <strong>Tanah Merah Country Club <\/strong>de Singapour, avec pour commencer, du 1er au 4 octobre, le tournoi des Dames, qui se disputeront l&rsquo;<strong>Espirito Santo Trophy<\/strong>.<\/p>\n<p>Pour cette \u00e9ch\u00e9ance mondiale, les trois joueuses fran\u00e7aises s\u00e9lectionn\u00e9es sont <strong>Sara Brentcheneff <\/strong>(Golf Club de Lyon), <strong>Valentine Delon <\/strong>(Chantilly) et <strong>Constance Fouillet <\/strong>(La Freslonni\u00e8re). La joueuse lyonnaise, 18 ans, a connu une ann\u00e9e faste, en terminant deuxi\u00e8me des <strong>Internationaux du Portugal<\/strong>, en \u00e9tant demi-finaliste des <strong>Internationaux d&rsquo;Espagne<\/strong>, en contribuant grandement au <a href=\"https:\/\/www.ffgolf.org\/golf-amateur\/toutes-categories\/actualites\/trophee-golfers-club-le-golf-club-de-lyon-enfin-sacre\" target=\"_blank\" rel=\"nofollow noopener\">premier titre national<\/a> de son club chez les Dames et surtout en remportant sa premi\u00e8re victoire dans un tournoi professionnel, lors du<strong> Super Bock Ladies Open<\/strong>, en mai. Au m\u00e9rite national Dames, elle devance <strong>Constance Fouillet<\/strong>, toujours impressionnante avec son universit\u00e9 am\u00e9ricaine de <strong>Cal<\/strong>, o\u00f9 elle a d\u00e9croch\u00e9 cette saison cinq tops 10 en tournois de <strong>NCAA<\/strong>. Quant \u00e0 <strong>Valentine Delon<\/strong>, elle aussi aux \u00c9tats-Unis mais sous les couleurs de <strong>Virginia Tech<\/strong>, elle a connu sa premi\u00e8re victoire individuelle de l&rsquo;autre c\u00f4t\u00e9 de l&rsquo;Atlantique en d\u00e9but d&rsquo;ann\u00e9e 2025, au <strong>UNCG\/AGPC Invitational<\/strong>.<\/p>\n<p><strong>Louise Uma Landgraf<\/strong> (Golf Club de Toulouse) a \u00e9t\u00e9 s\u00e9lectionn\u00e9e comme joueuse de r\u00e9serve. Sur place \u00e0 Singapour, le staff des Dames fran\u00e7aises sera constitu\u00e9 de la capitaine <strong>V\u00e9ronique Smondack<\/strong>, de la s\u00e9lectionneuse <strong>Gwladys Nocera<\/strong>, et du kin\u00e9sith\u00e9rapeute <strong>Philippe Vignon<\/strong>.<\/p>\n","protected":false},"excerpt":{"rendered":"Comme tous les deux ans, les meilleures nations de golf au monde se retrouveront, d\u00e9but octobre, pour disputer&hellip;\n","protected":false},"author":2,"featured_media":206270,"comment_status":"","ping_status":"","sticky":false,"template":"","format":"standard","meta":{"footnotes":""},"categories":[1418],"tags":[1011,27,1472,60],"class_list":{"0":"post-343516","1":"post","2":"type-post","3":"status-publish","4":"format-standard","5":"has-post-thumbnail","7":"category-golf","8":"tag-fr","9":"tag-france","10":"tag-golf","11":"tag-sports"},"share_on_mastodon":{"url":"https:\/\/pubeurope.com\/@fr\/115091020363938553","error":""},"_links":{"self":[{"href":"https:\/\/www.europesays.com\/fr\/wp-json\/wp\/v2\/posts\/343516","targetHints":{"allow":["GET"]}}],"collection":[{"href":"https:\/\/www.europesays.com\/fr\/wp-json\/wp\/v2\/posts"}],"about":[{"href":"https:\/\/www.europesays.com\/fr\/wp-json\/wp\/v2\/types\/post"}],"author":[{"embeddable":true,"href":"https:\/\/www.europesays.com\/fr\/wp-json\/wp\/v2\/users\/2"}],"replies":[{"embeddable":true,"href":"https:\/\/www.europesays.com\/fr\/wp-json\/wp\/v2\/comments?post=343516"}],"version-history":[{"count":0,"href":"https:\/\/www.europesays.com\/fr\/wp-json\/wp\/v2\/posts\/343516\/revisions"}],"wp:featuredmedia":[{"embeddable":true,"href":"https:\/\/www.europesays.com\/fr\/wp-json\/wp\/v2\/media\/206270"}],"wp:attachment":[{"href":"https:\/\/www.europesays.com\/fr\/wp-json\/wp\/v2\/media?parent=343516"}],"wp:term":[{"taxonomy":"category","embeddable":true,"href":"https:\/\/www.europesays.com\/fr\/wp-json\/wp\/v2\/categories?post=343516"},{"taxonomy":"post_tag","embeddable":true,"href":"https:\/\/www.europesays.com\/fr\/wp-json\/wp\/v2\/tags?post=343516"}],"curies":[{"name":"wp","href":"https:\/\/api.w.org\/{rel}","templated":true}]}}