{"id":343517,"date":"2025-08-25T19:20:12","date_gmt":"2025-08-25T19:20:12","guid":{"rendered":"https:\/\/www.europesays.com\/fr\/343517\/"},"modified":"2025-08-25T19:20:12","modified_gmt":"2025-08-25T19:20:12","slug":"top-14-saga-stade-toulousain-le-portrait-teddy-thomas-un-facteur-x-de-plus-dans-la-besace","status":"publish","type":"post","link":"https:\/\/www.europesays.com\/fr\/343517\/","title":{"rendered":"Top 14 &#8211; Saga Stade toulousain. Le portrait : Teddy Thomas, un facteur X de plus dans la besace"},"content":{"rendered":"<p>\n                Apr\u00e8s avoir pass\u00e9 trois ans \u00e0 La Rochelle, l\u2019international fran\u00e7ais se lance un nouveau d\u00e9fi avec Toulouse. Tout est r\u00e9uni pour que l\u2019histoire d\u2019amour se d\u00e9roule sans accroc.\n            <\/p>\n<p>Dans la vie, il y a des mariages qui ne surprennent personne. Voir Teddy Thomas porter les couleurs du Stade toulousain para\u00eet presque logique tant l\u2019amour du jeu d\u00e9cousu est assum\u00e9 des deux c\u00f4t\u00e9s. \u00ab\u00a0On me l\u2019avait demand\u00e9 quelques fois dans ma carri\u00e8re, \u00e0 savoir pourquoi je n\u2019avais pas sign\u00e9 \u00e0 Toulouse, sourit l\u2019international fran\u00e7ais (28 s\u00e9lections). J\u2019ai fait des choix diff\u00e9rents, que je ne regrette pas.\u00a0\u00bb Cette fois c\u2019est certain, l\u2019homme aux quinze essais avec les Bleus va se parer de rouge et de noir. Un nouveau d\u00e9fi dans la carri\u00e8re de l\u2019int\u00e9ress\u00e9, qu\u2019il aborde avec enthousiasme : \u00ab\u00a0J\u2019ai la chance de conna\u00eetre de nombreux joueurs dans le groupe. Cela a facilit\u00e9 mon int\u00e9gration.\u00a0\u00bb Au niveau de la cr\u00e9ation d\u2019automatismes, difficile d\u2019\u00eatre inquiet pour la suite des \u00e9v\u00e9nements.<\/p>\n<p>D\u2019autant plus que sur le pr\u00e9, Thomas et de nombreux Toulousains parlent le m\u00eame langage. Le ballon doit voyager, vivre et s\u2019arr\u00eater rarement : \u00ab\u00a0Le jeu souhait\u00e9 dans le club me correspond, c\u2019est une certitude. J\u2019ai l\u2019impression d\u2019\u00eatre \u00e0 l\u2019endroit o\u00f9 je dois \u00eatre. Je me sens bien et compris. Mon objectif sera de proposer mon rugby pour apporter \u00e0 une \u00e9quipe qui a \u00e9norm\u00e9ment gagn\u00e9 ces derni\u00e8res saisons. Je veux donner raison \u00e0 ceux qui m\u2019ont recrut\u00e9.\u00a0\u00bb Apr\u00e8s une fin d\u2019aventure d\u00e9licate du c\u00f4t\u00e9 de La Rochelle, l\u2019homme aux 31 printemps d\u00e9couvre son quatri\u00e8me club chez les professionnels en sachant o\u00f9 il a mis les pieds. La concurrence est rude dans les rangs du Stade toulousain pour se faire une place au soleil chez les trois-quarts.<\/p>\n<p>Un dernier d\u00e9fi ?<\/p>\n<p>Triple tenante du titre en Top 14, la machine haut-garonnaise tourne bien et ne laisse que des miettes \u00e0 ses adversaires depuis de longues saisons. Malgr\u00e9 tout \u00e7a, Thomas en a vu d\u2019autres : \u00a0\u00bb Je n\u2019ai pas forc\u00e9ment de pression sur les \u00e9paules. \u00c0 mon \u00e2ge, je n\u2019en ai plus trop. Je ressens plus de l\u2019excitation et de la motivation. Concernant la concurrence, elle am\u00e8ne beaucoup de choses positives dans un effectif et aussi \u00e0 titre personnel. Durant ma carri\u00e8re, je ne suis jamais all\u00e9 dans un club o\u00f9 ma place \u00e9tait acquise. \u00a0\u00bb Au rayon des arguments, l\u2019habituel ailier peut, depuis plusieurs mois, \u00e9voluer aussi au centre. Il avait d\u2019ailleurs fait beaucoup de mal \u00e0 Toulouse la saison derni\u00e8re avec le num\u00e9ro 13 dans le dos.<\/p>\n<p>Une polyvalence qui n\u2019est jamais de trop de la Ville rose\u2026 Engag\u00e9 pour les trois prochaines saisons, le Biarrot de naissance est face \u00e0 un \u00e9norme challenge, peut-\u00eatre le dernier dans la peau d\u2019un rugbyman professionnel : \u00a0\u00bb Je ne vais pas \u00eatre \u00e9ternel. Je le prends en tout cas comme un dernier gros d\u00e9fi. Je n\u2019ai jamais \u00e9t\u00e9 autant excit\u00e9 dans ma carri\u00e8re au moment d\u2019arriver dans une nouvelle \u00e9quipe. \u00a0\u00bb Excit\u00e9s, les amateurs de balle ovale le sont aussi \u00e0 l\u2019id\u00e9e de voir Teddy Thomas dans le dispositif toulousain.<\/p>\n","protected":false},"excerpt":{"rendered":"Apr\u00e8s avoir pass\u00e9 trois ans \u00e0 La Rochelle, l\u2019international fran\u00e7ais se lance un nouveau d\u00e9fi avec Toulouse. Tout&hellip;\n","protected":false},"author":2,"featured_media":343518,"comment_status":"","ping_status":"","sticky":false,"template":"","format":"standard","meta":{"footnotes":""},"categories":[1416],"tags":[1011,27,479,1468,60],"class_list":{"0":"post-343517","1":"post","2":"type-post","3":"status-publish","4":"format-standard","5":"has-post-thumbnail","7":"category-rugby","8":"tag-fr","9":"tag-france","10":"tag-rugby","11":"tag-rugby-football","12":"tag-sports"},"share_on_mastodon":{"url":"https:\/\/pubeurope.com\/@fr\/115091028328727722","error":""},"_links":{"self":[{"href":"https:\/\/www.europesays.com\/fr\/wp-json\/wp\/v2\/posts\/343517","targetHints":{"allow":["GET"]}}],"collection":[{"href":"https:\/\/www.europesays.com\/fr\/wp-json\/wp\/v2\/posts"}],"about":[{"href":"https:\/\/www.europesays.com\/fr\/wp-json\/wp\/v2\/types\/post"}],"author":[{"embeddable":true,"href":"https:\/\/www.europesays.com\/fr\/wp-json\/wp\/v2\/users\/2"}],"replies":[{"embeddable":true,"href":"https:\/\/www.europesays.com\/fr\/wp-json\/wp\/v2\/comments?post=343517"}],"version-history":[{"count":0,"href":"https:\/\/www.europesays.com\/fr\/wp-json\/wp\/v2\/posts\/343517\/revisions"}],"wp:featuredmedia":[{"embeddable":true,"href":"https:\/\/www.europesays.com\/fr\/wp-json\/wp\/v2\/media\/343518"}],"wp:attachment":[{"href":"https:\/\/www.europesays.com\/fr\/wp-json\/wp\/v2\/media?parent=343517"}],"wp:term":[{"taxonomy":"category","embeddable":true,"href":"https:\/\/www.europesays.com\/fr\/wp-json\/wp\/v2\/categories?post=343517"},{"taxonomy":"post_tag","embeddable":true,"href":"https:\/\/www.europesays.com\/fr\/wp-json\/wp\/v2\/tags?post=343517"}],"curies":[{"name":"wp","href":"https:\/\/api.w.org\/{rel}","templated":true}]}}