{"id":343519,"date":"2025-08-25T19:21:12","date_gmt":"2025-08-25T19:21:12","guid":{"rendered":"https:\/\/www.europesays.com\/fr\/343519\/"},"modified":"2025-08-25T19:21:12","modified_gmt":"2025-08-25T19:21:12","slug":"us-open-dominic-thiem-se-mouille-et-designe-les-deux-vainqueurs-du-tournoi","status":"publish","type":"post","link":"https:\/\/www.europesays.com\/fr\/343519\/","title":{"rendered":"US Open > Dominic Thiem se mouille et d\u00e9signe les deux vainqueurs du tournoi"},"content":{"rendered":"<p>Alors que l\u2019\u00e9di\u00adtion 2025 de l\u2019US Open vient de d\u00e9buter, Dominic Thiem, inter\u00adrog\u00e9 par le compte Instagram de Tennis Channel, a \u00e9t\u00e9 invit\u00e9 \u00e0 d\u00e9si\u00adgner les deux futurs vain\u00adqueurs du tournoi, dans le tableau masculin et f\u00e9minin.\u00a0<\/p>\n<p>Et l\u2019an\u00adcien joueur austra\u00adlien n\u2019a pas pris trop de risque m\u00eame s\u2019il a \u00e9cart\u00e9 le tenant du titre, Jannik Sinner, au profit de son grand rival, Carlos Alcaraz.<\/p>\n<p><strong>\u00ab\u202fJe vais choisir Carlos Alcaraz chez les hommes et Iga Swiatek chez les femmes\u202f\u00bb<\/strong>, a d\u00e9clar\u00e9 le vain\u00adqueur de l\u2019\u00e9di\u00adtion\u00a02020.\u00a0<\/p>\n<p class=\"post-published-date\" style=\"color: silver; font-size: 75%; text-align: left;\">Publi\u00e9 le lundi 25 ao\u00fbt 2025 \u00e0 20:20<\/p>\n","protected":false},"excerpt":{"rendered":"Alors que l\u2019\u00e9di\u00adtion 2025 de l\u2019US Open vient de d\u00e9buter, Dominic Thiem, inter\u00adrog\u00e9 par le compte Instagram de&hellip;\n","protected":false},"author":2,"featured_media":343520,"comment_status":"","ping_status":"","sticky":false,"template":"","format":"standard","meta":{"footnotes":""},"categories":[1415],"tags":[1744,1011,27,2200,2127,60,1467,3536],"class_list":{"0":"post-343519","1":"post","2":"type-post","3":"status-publish","4":"format-standard","5":"has-post-thumbnail","7":"category-tennis","8":"tag-alcaraz","9":"tag-fr","10":"tag-france","11":"tag-iga-swiatek","12":"tag-sinner","13":"tag-sports","14":"tag-tennis","15":"tag-thiem"},"share_on_mastodon":{"url":"https:\/\/pubeurope.com\/@fr\/115091032138943110","error":""},"_links":{"self":[{"href":"https:\/\/www.europesays.com\/fr\/wp-json\/wp\/v2\/posts\/343519","targetHints":{"allow":["GET"]}}],"collection":[{"href":"https:\/\/www.europesays.com\/fr\/wp-json\/wp\/v2\/posts"}],"about":[{"href":"https:\/\/www.europesays.com\/fr\/wp-json\/wp\/v2\/types\/post"}],"author":[{"embeddable":true,"href":"https:\/\/www.europesays.com\/fr\/wp-json\/wp\/v2\/users\/2"}],"replies":[{"embeddable":true,"href":"https:\/\/www.europesays.com\/fr\/wp-json\/wp\/v2\/comments?post=343519"}],"version-history":[{"count":0,"href":"https:\/\/www.europesays.com\/fr\/wp-json\/wp\/v2\/posts\/343519\/revisions"}],"wp:featuredmedia":[{"embeddable":true,"href":"https:\/\/www.europesays.com\/fr\/wp-json\/wp\/v2\/media\/343520"}],"wp:attachment":[{"href":"https:\/\/www.europesays.com\/fr\/wp-json\/wp\/v2\/media?parent=343519"}],"wp:term":[{"taxonomy":"category","embeddable":true,"href":"https:\/\/www.europesays.com\/fr\/wp-json\/wp\/v2\/categories?post=343519"},{"taxonomy":"post_tag","embeddable":true,"href":"https:\/\/www.europesays.com\/fr\/wp-json\/wp\/v2\/tags?post=343519"}],"curies":[{"name":"wp","href":"https:\/\/api.w.org\/{rel}","templated":true}]}}