{"id":343521,"date":"2025-08-25T19:23:12","date_gmt":"2025-08-25T19:23:12","guid":{"rendered":"https:\/\/www.europesays.com\/fr\/343521\/"},"modified":"2025-08-25T19:23:12","modified_gmt":"2025-08-25T19:23:12","slug":"le-programme-tv-du-week-end-4","status":"publish","type":"post","link":"https:\/\/www.europesays.com\/fr\/343521\/","title":{"rendered":"le programme TV du week-end"},"content":{"rendered":"<p>\t\t\t<strong class=\"post-excerpt\"><\/p>\n<p itemprop=\"description\">Retrouvez le programme complet du Grand Prix d&rsquo;Autriche MotoGP 2025, disput\u00e9 ce week-end sur le circuit du Red Bull Ring, avec les horaires TV pour la France.<\/p>\n<p><\/strong>\t\t <\/p>\n<p class=\"p1\">Apr\u00e8s une tr\u00eave estivale bienvenue pour tous les acteur du paddock, le <a href=\"https:\/\/www.sportauto.fr\/actu\/motogp-quattendre-de-la-seconde-moitie-de-saison-436491.html#item=1\" target=\"_blank\" rel=\"noopener\"><strong>MotoGP<\/strong><\/a>\u00a0entame la <strong>deuxi\u00e8me partie de sa campagne 202<\/strong>5 avec le Grand Prix d&rsquo;Autriche, <strong>13\u00e8me  manche du <a href=\"https:\/\/www.sportauto.fr\/mondial-de-paris\/motogp-calendrier-mondial-2026-dates-circuits-435975.html#item=1\" target=\"_blank\" rel=\"noopener\">calendrier<\/a>\u00a0<\/strong>sur le<strong> Red Bull Ring.<\/strong><\/p>\n<p>   \t\t\t GP d&rsquo;Autriche MotoGP 2025 : les vacances, c&rsquo;est fini ! <\/p>\n<p>Le<strong> Championnat du monde MotoGP 2025<\/strong> reprend sa marche en avant ce week-end dans les collines de <strong>Styrie<\/strong> \u00e0 l&rsquo;occasion du <strong>Grand Prix d&rsquo;Autriche<\/strong>. La 13\u00e8me \u00e9preuve de la saison se dispute sur le<strong> Red Bull Ring,<\/strong> \u00e9galement l&rsquo;h\u00f4te de la F1.<br \/>B\u00e2ti en 1969 d&rsquo;abord sous l&rsquo;appellation<strong> \u00d6sterreichring<\/strong>, le trac\u00e9 \u00e9volua en 1996 vers sa <strong>configuration actuelle de 4.3 kilom\u00e8tres<\/strong>. Rachet\u00e9 par Red Bull, il rouvrit ses portes en 2011 et accueillit le<strong> MotoGP en 2016<\/strong>, de retour dans le pays pour la premi\u00e8re fois depuis <strong>1997.<\/strong><br \/>A l&rsquo;heure d&rsquo;\u00e9crire ces lignes, le<strong> classement provisoire des Pilote<\/strong>s s&rsquo;av\u00e8re copieusement domin\u00e9 par ce diable de<strong> Marc M\u00e1rquez <\/strong>qui vit une campagne presque parfaite ave<strong>c Ducati<\/strong>. Vainqueur des deux premi\u00e8res courses, il n\u2019a ensuite connu qu\u2019un accroc avec une<strong> chute \u00e0 Austin,<\/strong> avant d\u2019encha\u00eener sur<strong> cinq week-ends sans faute depuis la manche d&rsquo;Aragon<\/strong>, un record pour la marque italienne dans le Mondial.<br \/>Son plus proche poursuivant,<strong> 120 points derri\u00e8re<\/strong> (!), n&rsquo;est autre que son fr\u00e8re,<strong> Alex M\u00e1rquez<\/strong>. R\u00e9gulier sur le podium, il a d\u00e9croch\u00e9 en Espagne sa <strong>premi\u00e8re victoire en MotoGP<\/strong> devant <strong>Fabio Quartararo<\/strong> et<strong> Pecco Bagnaia<\/strong>. Avec d\u00e9j\u00e0<strong> sept tops 3 \u00e0 son actif,<\/strong> il faudra compter sur lui dans la<strong> deuxi\u00e8me partie de saison<\/strong> !<\/p>\n<p> GP d&rsquo;Autriche MotoGP 2025 : le programme TV complet du week-end <\/p>\n<p>Retrouvez ci-dessous le <strong>programme complet<\/strong> du<strong> Grand Prix d&rsquo;Autriche <a href=\"https:\/\/www.sportauto.fr\/motogp\/motogp-essence-carburant-non-fossile-2027-436401.html#item=1\" target=\"_blank\" rel=\"noopener\">MotoGP<\/a> 2025<\/strong>. Toutes les s\u00e9ances du week-end seront diffus\u00e9es sur les cha\u00eenes du groupe <strong>Canal+,<\/strong>\u00a0de m\u00eame que le<strong> Sprint MotoGP<\/strong>, les courses du dimanche en<strong> Moto2<\/strong> et<strong> Moto3<\/strong>, ainsi que\u00a0le <strong>Grand Prix de MotoGP. <\/strong>Cette <strong>13\u00e8me manche de la saison<\/strong> sera \u00e9galement retransmise sur <strong>RTBF Auvio\u00a0<\/strong>pour les t\u00e9l\u00e9spectateurs en <strong>Belgique.<\/strong><\/p>\n<p> Vendredi 15 ao\u00fbt 2025 <\/p>\n<ul>\n<li>08h30 &#8211; 08h45 : Essais Libres 1 MotoE<\/li>\n<li>09h00 &#8211; 09h35 : Essais Libres 1 Moto3<\/li>\n<li>09h50 &#8211; 10h30 : Essais Libres 1 Moto2<\/li>\n<li><strong>10h45 \u2013 11h30 : Essais Libres 1 MotoGP<\/strong><\/li>\n<li>12h35 &#8211; 12h50 :\u00a0Essais Libres 2 MotoE<\/li>\n<li>13h15 &#8211; 13h50 : Essais Moto3<\/li>\n<li>14h05 &#8211; 14h45 : Essais Moto2<\/li>\n<li><strong>15h00 \u2013 16h00 : Essais MotoGP<\/strong><\/li>\n<li>17h10 &#8211; 17h20 :\u00a0Qualifications 1 MotoE<\/li>\n<li>17h20 &#8211; 17h30 : Qualifications 2 MotoE<\/li>\n<\/ul>\n<p> Samedi 16 ao\u00fbt 2025 <\/p>\n<ul>\n<li>08h40 \u2013 09h10 : Essais Libres 2 Moto3<\/li>\n<li>09h25 \u2013 09h55 : Essais Libres 2 Moto2<\/li>\n<li><strong>10h10 \u2013 10h40 : Essais Libres 2 MotoGP<\/strong><\/li>\n<li><strong>10h50 \u2013 11h05 : Qualifications 1 MotoGP<\/strong><\/li>\n<li><strong>11h15 \u2013 11h30 : Qualifications 2 MotoGP<\/strong><\/li>\n<li>12h15 : Course 1 MotoE (7 tours)<\/li>\n<li class=\"li1\">12h50 &#8211; 13h05 : Qualifications 1 Moto3<\/li>\n<li class=\"li1\">13h15 &#8211; 13h30 : Qualifications 2 Moto3<\/li>\n<li class=\"li1\">13h45 &#8211; 14h00 :\u00a0Qualifications 1 Moto2<\/li>\n<li class=\"li1\">14h10 &#8211; 14h25 :\u00a0Qualifications 2 Moto2<\/li>\n<li class=\"li1\"><strong>15h00 : Sprint MotoGP (15 tours)<\/strong><\/li>\n<li>17h00 : Course 2 MotoE (7 tours)<\/li>\n<\/ul>\n<p> Dimanche 17 ao\u00fbt 2025 <\/p>\n<ul>\n<li><strong>09h40 \u2013 09h50 : Warm-up MotoGP<\/strong><\/li>\n<li>11h00 : Course Moto3 (20 tours)<\/li>\n<li>12h15 : Course Moto2 (23 tours)<\/li>\n<li><strong>14h00 : Grand Prix d&rsquo;Autriche MotoGP (28 tours)<\/strong><\/li>\n<\/ul>\n","protected":false},"excerpt":{"rendered":"Retrouvez le programme complet du Grand Prix d&rsquo;Autriche MotoGP 2025, disput\u00e9 ce week-end sur le circuit du Red&hellip;\n","protected":false},"author":2,"featured_media":343522,"comment_status":"","ping_status":"","sticky":false,"template":"","format":"standard","meta":{"footnotes":""},"categories":[1413],"tags":[1011,27,1638,1457,1456,60],"class_list":{"0":"post-343521","1":"post","2":"type-post","3":"status-publish","4":"format-standard","5":"has-post-thumbnail","7":"category-moto","8":"tag-fr","9":"tag-france","10":"tag-has_diapo","11":"tag-moto","12":"tag-motocycle","13":"tag-sports"},"share_on_mastodon":{"url":"https:\/\/pubeurope.com\/@fr\/115091040077559752","error":""},"_links":{"self":[{"href":"https:\/\/www.europesays.com\/fr\/wp-json\/wp\/v2\/posts\/343521","targetHints":{"allow":["GET"]}}],"collection":[{"href":"https:\/\/www.europesays.com\/fr\/wp-json\/wp\/v2\/posts"}],"about":[{"href":"https:\/\/www.europesays.com\/fr\/wp-json\/wp\/v2\/types\/post"}],"author":[{"embeddable":true,"href":"https:\/\/www.europesays.com\/fr\/wp-json\/wp\/v2\/users\/2"}],"replies":[{"embeddable":true,"href":"https:\/\/www.europesays.com\/fr\/wp-json\/wp\/v2\/comments?post=343521"}],"version-history":[{"count":0,"href":"https:\/\/www.europesays.com\/fr\/wp-json\/wp\/v2\/posts\/343521\/revisions"}],"wp:featuredmedia":[{"embeddable":true,"href":"https:\/\/www.europesays.com\/fr\/wp-json\/wp\/v2\/media\/343522"}],"wp:attachment":[{"href":"https:\/\/www.europesays.com\/fr\/wp-json\/wp\/v2\/media?parent=343521"}],"wp:term":[{"taxonomy":"category","embeddable":true,"href":"https:\/\/www.europesays.com\/fr\/wp-json\/wp\/v2\/categories?post=343521"},{"taxonomy":"post_tag","embeddable":true,"href":"https:\/\/www.europesays.com\/fr\/wp-json\/wp\/v2\/tags?post=343521"}],"curies":[{"name":"wp","href":"https:\/\/api.w.org\/{rel}","templated":true}]}}