{"id":343523,"date":"2025-08-25T19:24:25","date_gmt":"2025-08-25T19:24:25","guid":{"rendered":"https:\/\/www.europesays.com\/fr\/343523\/"},"modified":"2025-08-25T19:24:25","modified_gmt":"2025-08-25T19:24:25","slug":"oliver-bearman-veut-jouer-le-titre-mondial-dans-les-cinq-prochaines-annees","status":"publish","type":"post","link":"https:\/\/www.europesays.com\/fr\/343523\/","title":{"rendered":"Oliver Bearman veut jouer le titre mondial dans les cinq prochaines ann\u00e9es"},"content":{"rendered":"<p>Oliver Bearman, pilote britannique de seulement 20 ans, dispute sa premi\u00e8re saison compl\u00e8te en F1 avec Haas apr\u00e8s avoir impressionn\u00e9 lors de son int\u00e9rim chez Ferrari et Haas la saison pass\u00e9e. Encadr\u00e9 par la Ferrari Driver Academy, il s\u2019est rapidement impos\u00e9 comme un rookie \u00e0 surveiller, capable de tenir t\u00eate \u00e0 des adversaires plus exp\u00e9riment\u00e9s.<\/p>\n<p><b>Une ambition assum\u00e9e<\/b><\/p>\n<p>Bearman ne cache pas son objectif : atteindre une \u00e9quipe de pointe et jouer le titre dans un d\u00e9lai de cinq ans. Sa maturit\u00e9 et sa confiance surprennent dans un paddock souvent prudent lorsqu\u2019il s\u2019agit d\u2019\u00e9voquer l\u2019avenir. Mais le Britannique estime avoir le talent et le mental n\u00e9cessaires pour gravir les \u00e9chelons rapidement.<\/p>\n<blockquote>\n<p>\u201cHonn\u00eatement, j\u2019esp\u00e8re \u00eatre en positon de me battre pour un titre mondial. J\u2019esp\u00e8re pouvoir prouver que je m\u00e9rite ma place ici, d\u2019\u00eatre dans une \u00e9quipe de haut niveau, de me donner \u00e0 fond et de montrer de quoi je suis capable. C\u2019est mon objectif pour les cinq prochaines ann\u00e9es\u00a0!\u201d D\u00e9clare Bearman, source : <a href=\"http:\/\/nextgen-auto.com\" target=\"_blank\" rel=\"noopener\">nextgen-auto.com<\/a>\u00a0<\/p>\n<\/blockquote>\n<p>D\u00e9j\u00e0 vainqueur en cat\u00e9gories junior et solide lors de ses premiers tours de roue en F1, Bearman combine vitesse, travail et discipline. Haas lui offre une plateforme id\u00e9ale pour progresser, mais son regard se tourne d\u00e9j\u00e0 vers un futur au plus haut niveau.<\/p>\n<p>Oliver Bearman n\u2019est pas simplement un rookie prometteur : il s\u2019impose comme l\u2019un des visages de l\u2019avenir de la Formule 1. Avec l\u2019ambition affich\u00e9e de viser un titre mondial d\u2019ici cinq ans, il envoie un message clair : la rel\u00e8ve est pr\u00eate \u00e0 \u00e9crire une nouvelle page de l\u2019histoire.<\/p>\n<p>    Partagez cette info avec vos amis et vos proches en cliquant ici  <\/p>\n<p> Podcasts \u00e0 la une MEN LIFE <\/p>\n<p>    F1 : un rookie ambitieux r\u00eave d\u00e9j\u00e0 du titre mondial<\/p>\n<p>Encore en apprentissage, un jeune pilote britannique impressionne par sa confiance. D\u00e8s sa premi\u00e8re saison compl\u00e8te, il affirme vouloir se battre pour un titre en Formule 1 d\u2019ici cinq ans, une ambition qui confirme son statut d\u2019\u00e9toile montante du paddock.<\/p>\n<p>R\u00e9dacteur<\/p>\n<p><img decoding=\"async\" width=\"76\" height=\"76\" loading=\"lazy\" src=\"https:\/\/www.europesays.com\/fr\/wp-content\/uploads\/2025\/04\/avatar-sport-am.png\" alt=\"Victor Teyssier\"\/><\/p>\n","protected":false},"excerpt":{"rendered":"Oliver Bearman, pilote britannique de seulement 20 ans, dispute sa premi\u00e8re saison compl\u00e8te en F1 avec Haas apr\u00e8s&hellip;\n","protected":false},"author":2,"featured_media":343524,"comment_status":"","ping_status":"","sticky":false,"template":"","format":"standard","meta":{"footnotes":""},"categories":[1412],"tags":[1451,1452,1453,1454,1455,1011,27,60],"class_list":{"0":"post-343523","1":"post","2":"type-post","3":"status-publish","4":"format-standard","5":"has-post-thumbnail","7":"category-f1","8":"tag-f1","9":"tag-formula-1","10":"tag-formula1","11":"tag-formule-1","12":"tag-formule1","13":"tag-fr","14":"tag-france","15":"tag-sports"},"share_on_mastodon":{"url":"https:\/\/pubeurope.com\/@fr\/115091044399827412","error":""},"_links":{"self":[{"href":"https:\/\/www.europesays.com\/fr\/wp-json\/wp\/v2\/posts\/343523","targetHints":{"allow":["GET"]}}],"collection":[{"href":"https:\/\/www.europesays.com\/fr\/wp-json\/wp\/v2\/posts"}],"about":[{"href":"https:\/\/www.europesays.com\/fr\/wp-json\/wp\/v2\/types\/post"}],"author":[{"embeddable":true,"href":"https:\/\/www.europesays.com\/fr\/wp-json\/wp\/v2\/users\/2"}],"replies":[{"embeddable":true,"href":"https:\/\/www.europesays.com\/fr\/wp-json\/wp\/v2\/comments?post=343523"}],"version-history":[{"count":0,"href":"https:\/\/www.europesays.com\/fr\/wp-json\/wp\/v2\/posts\/343523\/revisions"}],"wp:featuredmedia":[{"embeddable":true,"href":"https:\/\/www.europesays.com\/fr\/wp-json\/wp\/v2\/media\/343524"}],"wp:attachment":[{"href":"https:\/\/www.europesays.com\/fr\/wp-json\/wp\/v2\/media?parent=343523"}],"wp:term":[{"taxonomy":"category","embeddable":true,"href":"https:\/\/www.europesays.com\/fr\/wp-json\/wp\/v2\/categories?post=343523"},{"taxonomy":"post_tag","embeddable":true,"href":"https:\/\/www.europesays.com\/fr\/wp-json\/wp\/v2\/tags?post=343523"}],"curies":[{"name":"wp","href":"https:\/\/api.w.org\/{rel}","templated":true}]}}