{"id":343525,"date":"2025-08-25T19:25:11","date_gmt":"2025-08-25T19:25:11","guid":{"rendered":"https:\/\/www.europesays.com\/fr\/343525\/"},"modified":"2025-08-25T19:25:11","modified_gmt":"2025-08-25T19:25:11","slug":"cette-piste-cyclable-sera-une-belle-porte-dentree-des-pyrenees-depuis-toulouse-un-nouveau-troncon-realise","status":"publish","type":"post","link":"https:\/\/www.europesays.com\/fr\/343525\/","title":{"rendered":"Cette piste cyclable sera une belle porte d&rsquo;entr\u00e9e des Pyr\u00e9n\u00e9es depuis Toulouse : un nouveau tron\u00e7on r\u00e9alis\u00e9"},"content":{"rendered":"<p>            Par<br \/>\n        <strong><br \/>\n            <a href=\"https:\/\/actu.fr\/auteur\/david-saint-sernin\" title=\"Consulter tous les articles de David Saint-Sernin\" rel=\"nofollow noopener\" target=\"_blank\">David Saint-Sernin<\/a><br \/>\n        <\/strong><\/p>\n<p>        Publi\u00e9 le<\/p>\n<p>            25 ao\u00fbt 2025 \u00e0 19h44        <\/p>\n<p>Cela sera bient\u00f4t l\u2019une <a href=\"https:\/\/actu.fr\/occitanie\/pibrac_31417\/pres-de-toulouse-apres-plusieurs-mois-de-travaux-cette-nouvelle-voie-express-velo-voit-le-jour_63032898.html\" rel=\"nofollow noopener\" target=\"_blank\">des plus belles pistes cyclables de Haute-Garonne<\/a>. Longue de 170 kilom\u00e8tres quand elle sera termin\u00e9e,<a href=\"https:\/\/actu.fr\/occitanie\/saint-beat-lez_31471\/de-toulouse-a-l-espagne-cette-piste-cyclable-va-devenir-une-belle-porte-d-entree-vers-les-pyrenees_59231531.html\" rel=\"nofollow noopener\" target=\"_blank\"> Transgarona<\/a> permettra de relier <a href=\"https:\/\/actu.fr\/toulouse\/\" rel=\"nofollow noopener\" target=\"_blank\">Toulouse<\/a> \u00e0 l\u2019Espagne, en suivant la Garonne.<\/p>\n<p>La piste va \u00eatre \u00e9tendue<\/p>\n<p class=\" wall-content\">Cette piste cyclable, dont un tron\u00e7on de 120 kilom\u00e8tres a d\u00e9j\u00e0 \u00e9t\u00e9 r\u00e9alis\u00e9 entre Marquefave et Fos, va continuer \u00e0 s\u2019\u00e9tendre.<\/p>\n<p class=\" wall-content\">Ce lundi 25\u00a0ao\u00fbt 2025, le D\u00e9partement de la Haute-Garonne annonce, en effet, qu\u2019il va am\u00e9nager 2,4\u00a0km de voies cyclables suppl\u00e9mentaires de l\u2019itin\u00e9raire TransGarona entre Marquefave et Capens. Le Conseil d\u00e9partemental finance enti\u00e8rement ces travaux pour un montant de 470\u2009000\u20ac et en assure la ma\u00eetrise d\u2019\u0153uvre.<\/p>\n<p>Un nouveau tron\u00e7on mis en travaux<\/p>\n<p class=\" wall-content\">\u00ab\u2009Le chantier va durer du 25\u00a0ao\u00fbt au 14\u00a0novembre 2025,. Ce nouveau tron\u00e7on assurera la continuit\u00e9 de l\u2019itin\u00e9raire global entre la fronti\u00e8re espagnole \u00e0 Fos et le nord de No\u00e9\u2009\u00bb, indique le D\u00e9partement.<\/p>\n<p class=\" wall-content\">\u00ab\u2009Le projet TransGarona s\u2019inscrit pleinement dans un tourisme durable et responsable, pour d\u00e9couvrir les richesses de la Haute-Garonne \u00e0 v\u00e9lo, jusqu\u2019au Val d\u2019Aran\u2009\u00bb, se f\u00e9licite le pr\u00e9sident du D\u00e9partement, S\u00e9bastien Vincini.<\/p>\n<p class=\" wall-content\">La prochaine section sera ensuite r\u00e9alis\u00e9e entre le nord de No\u00e9 et Le Fauga sur 3,6\u00a0km.<\/p>\n<p>Vid\u00e9os : en ce moment sur Actu<br \/>\n    <img   decoding=\"async\" loading=\"lazy\" src=\"https:\/\/www.europesays.com\/fr\/wp-content\/uploads\/2025\/08\/cd31-transgarona-carte-web-960x640-1-960x640.jpg\" alt=\"Apr\u00e8s ce chantier, Transgarona permettra de suivre la Garonne sur plus de 130 kilom\u00e8tres. D\u00e8s les prochaines ann\u00e9es, cette piste cyclable permettra de relier Toulouse \u00e0 l\u2019Espagne. \" width=\"960\" height=\"640\"\/><br \/>\n    Apr\u00e8s ce chantier, Transgarona permettra de suivre la Garonne sur plus de 130 kilom\u00e8tres. D\u00e8s les prochaines ann\u00e9es, cette piste cyclable permettra de relier Toulouse \u00e0 l\u2019Espagne. (\u00a9CD 31)Un projet de longue haleine<\/p>\n<p class=\" wall-content\">Le projet de piste cyclable Transgarona a \u00e9t\u00e9 lanc\u00e9 il y a quasiment deux d\u00e9cennies.<\/p>\n<p>Votre r\u00e9gion, votre actu !<\/p>\n<p>Recevez chaque jour les infos qui comptent pour vous.<\/p>\n<p>\t<a href=\"https:\/\/actu.fr\/newsletter\" class=\"ac-btn ac-btn--corner ac-btn--medium ac-btn--blue800\" rel=\"nofollow noopener\" target=\"_blank\">S&rsquo;incrire<\/a><\/p>\n<p class=\" wall-content\">Une longue section de 21\u00a0kilom\u00e8tres, avait notamment \u00e9t\u00e9 ouverte au cours de l\u2019\u00e9t\u00e9 2021 entre Cierp-Gaud (Haute-Garonne) et la fronti\u00e8re espagnole \u00e0 Fos.<\/p>\n<p class=\" wall-content\">Personnalisez votre actualit\u00e9 en ajoutant vos villes et m\u00e9dias en favori avec <a href=\"https:\/\/moncompte.actu.fr\" title=\"D\u00e9couvez Mon Actu\" rel=\"nofollow noopener\" data-trk=\"{&quot;cta&quot;:{&quot;action&quot;:&quot;https:\\\/\\\/moncompte.actu.fr&quot;,&quot;category&quot;:&quot;mon compte&quot;,&quot;from&quot;:&quot;article footer&quot;,&quot;name&quot;:&quot;Mon actu&quot;,&quot;type&quot;:&quot;cta&quot;}}\" target=\"_blank\">Mon Actu<\/a>.<\/p>\n","protected":false},"excerpt":{"rendered":"Par David Saint-Sernin Publi\u00e9 le 25 ao\u00fbt 2025 \u00e0 19h44 Cela sera bient\u00f4t l\u2019une des plus belles pistes&hellip;\n","protected":false},"author":2,"featured_media":343526,"comment_status":"","ping_status":"","sticky":false,"template":"","format":"standard","meta":{"footnotes":""},"categories":[1411],"tags":[1154,207,1011,27,104,60,208],"class_list":{"0":"post-343525","1":"post","2":"type-post","3":"status-publish","4":"format-standard","5":"has-post-thumbnail","7":"category-cyclisme","8":"tag-cycling","9":"tag-cyclisme","10":"tag-fr","11":"tag-france","12":"tag-societe","13":"tag-sports","14":"tag-velo"},"share_on_mastodon":{"url":"https:\/\/pubeurope.com\/@fr\/115091047997073836","error":""},"_links":{"self":[{"href":"https:\/\/www.europesays.com\/fr\/wp-json\/wp\/v2\/posts\/343525","targetHints":{"allow":["GET"]}}],"collection":[{"href":"https:\/\/www.europesays.com\/fr\/wp-json\/wp\/v2\/posts"}],"about":[{"href":"https:\/\/www.europesays.com\/fr\/wp-json\/wp\/v2\/types\/post"}],"author":[{"embeddable":true,"href":"https:\/\/www.europesays.com\/fr\/wp-json\/wp\/v2\/users\/2"}],"replies":[{"embeddable":true,"href":"https:\/\/www.europesays.com\/fr\/wp-json\/wp\/v2\/comments?post=343525"}],"version-history":[{"count":0,"href":"https:\/\/www.europesays.com\/fr\/wp-json\/wp\/v2\/posts\/343525\/revisions"}],"wp:featuredmedia":[{"embeddable":true,"href":"https:\/\/www.europesays.com\/fr\/wp-json\/wp\/v2\/media\/343526"}],"wp:attachment":[{"href":"https:\/\/www.europesays.com\/fr\/wp-json\/wp\/v2\/media?parent=343525"}],"wp:term":[{"taxonomy":"category","embeddable":true,"href":"https:\/\/www.europesays.com\/fr\/wp-json\/wp\/v2\/categories?post=343525"},{"taxonomy":"post_tag","embeddable":true,"href":"https:\/\/www.europesays.com\/fr\/wp-json\/wp\/v2\/tags?post=343525"}],"curies":[{"name":"wp","href":"https:\/\/api.w.org\/{rel}","templated":true}]}}